{"id":243608,"date":"2025-07-11T23:21:10","date_gmt":"2025-07-11T23:21:10","guid":{"rendered":"https:\/\/www.europesays.com\/fr\/243608\/"},"modified":"2025-07-11T23:21:10","modified_gmt":"2025-07-11T23:21:10","slug":"previsions-du-samedi-12-juillet-2025-4","status":"publish","type":"post","link":"https:\/\/www.europesays.com\/fr\/243608\/","title":{"rendered":"pr\u00e9visions du samedi 12 juillet 2025"},"content":{"rendered":"<p>Le soleil sera dominant, la garantie d&rsquo;une magnifique journ\u00e9e \u00e0 Nantes ! Les maximales atteindront les 35\u00b0C tandis que les minimales seront de 19\u00b0C : c&rsquo;est donc un superbe \u00e9t\u00e9. Les temp\u00e9ratures maximales pr\u00e9vues le matin sont importantes, avec 32\u00b0C. Un vent d&rsquo;est soufflera \u00e0 22 km\/h. Les temp\u00e9ratures, plus estivales, vont conna\u00eetre une hausse de plusieurs degr\u00e9s au cours de l&rsquo;apr\u00e8s-midi. Prenez garde \u00e0 la vague de chaleur. Des valeurs de 33 \u00e0 35\u00b0C sont annonc\u00e9es. Une l\u00e9g\u00e8re brise de nord-est soufflera. Des \u00e9claircies appara\u00eetront dans la soir\u00e9e. La ville va souffrir des grosses chaleurs avec des temp\u00e9ratures qui pourraient monter \u00e0 34\u00b0C. Le ciel sera limpide dans la nuit de samedi \u00e0 dimanche.<\/p>\n<p>Demain, une diminution des temp\u00e9ratures est \u00e0 craindre \u00e0 Nantes. Les valeurs \u00e9volueront entre 17 et 32\u2009\u00b0C. Les temp\u00e9ratures s&rsquo;\u00e9chelonneront entre 17 et 32\u00b0C, un temps vraiment de saison. Un vent de sud-ouest est pr\u00e9vu : il soufflera \u00e0 20 km\/h. Cette matin\u00e9e sera synonyme de grand soleil. L&rsquo;\u00e9pisode de fortes chaleurs est bien l\u00e0, avec des valeurs qui risqueront d&rsquo;aller jusqu&rsquo;\u00e0 32\u00b0C. Le soleil appara\u00eet l\u00e9g\u00e8rement demain apr\u00e8s-midi. Ces \u00e9claircies devraient ravir les habitants. Les importantes chaleurs sont pr\u00e9sentes. Avec des temp\u00e9ratures comprises entre 23 et 31\u00b0C. Il va faire chaud avec des valeurs qui afficheront entre 23 et 31\u00b0C.<\/p>\n<p>Les jours qui suivent s&rsquo;annoncent similaires. Il va faire un temps plut\u00f4t ensoleill\u00e9 avec des temp\u00e9ratures d&rsquo;environ 25\u00b0C.<\/p>\n<p>V\u00e9rifiez si votre r\u00e9gion est en vigilance canicule. Dans tous les cas, il est important de prendre quelques pr\u00e9cautions pour se pr\u00e9munir contre la chaleur : buvez beaucoup et \u00e9vitez d&rsquo;aller au soleil pendant les heures les plus chaudes.<\/p>\n","protected":false},"excerpt":{"rendered":"Le soleil sera dominant, la garantie d&rsquo;une magnifique journ\u00e9e \u00e0 Nantes ! Les maximales atteindront les 35\u00b0C tandis&hellip;\n","protected":false},"author":2,"featured_media":243609,"comment_status":"","ping_status":"","sticky":false,"template":"","format":"standard","meta":{"footnotes":""},"categories":[2818],"tags":[1111,11,1777,674,1011,27,3047,766,12,2636,2119,25],"class_list":{"0":"post-243608","1":"post","2":"type-post","3":"status-publish","4":"format-standard","5":"has-post-thumbnail","7":"category-nantes","8":"tag-actu","9":"tag-actualites","10":"tag-eu","11":"tag-europe","12":"tag-fr","13":"tag-france","14":"tag-loire-atlantique","15":"tag-nantes","16":"tag-news","17":"tag-pays-de-la-loire","18":"tag-previsions-meteo","19":"tag-republique-francaise"},"share_on_mastodon":{"url":"","error":""},"_links":{"self":[{"href":"https:\/\/www.europesays.com\/fr\/wp-json\/wp\/v2\/posts\/243608","targetHints":{"allow":["GET"]}}],"collection":[{"href":"https:\/\/www.europesays.com\/fr\/wp-json\/wp\/v2\/posts"}],"about":[{"href":"https:\/\/www.europesays.com\/fr\/wp-json\/wp\/v2\/types\/post"}],"author":[{"embeddable":true,"href":"https:\/\/www.europesays.com\/fr\/wp-json\/wp\/v2\/users\/2"}],"replies":[{"embeddable":true,"href":"https:\/\/www.europesays.com\/fr\/wp-json\/wp\/v2\/comments?post=243608"}],"version-history":[{"count":0,"href":"https:\/\/www.europesays.com\/fr\/wp-json\/wp\/v2\/posts\/243608\/revisions"}],"wp:featuredmedia":[{"embeddable":true,"href":"https:\/\/www.europesays.com\/fr\/wp-json\/wp\/v2\/media\/243609"}],"wp:attachment":[{"href":"https:\/\/www.europesays.com\/fr\/wp-json\/wp\/v2\/media?parent=243608"}],"wp:term":[{"taxonomy":"category","embeddable":true,"href":"https:\/\/www.europesays.com\/fr\/wp-json\/wp\/v2\/categories?post=243608"},{"taxonomy":"post_tag","embeddable":true,"href":"https:\/\/www.europesays.com\/fr\/wp-json\/wp\/v2\/tags?post=243608"}],"curies":[{"name":"wp","href":"https:\/\/api.w.org\/{rel}","templated":true}]}}