{"id":243612,"date":"2025-07-11T23:23:11","date_gmt":"2025-07-11T23:23:11","guid":{"rendered":"https:\/\/www.europesays.com\/fr\/243612\/"},"modified":"2025-07-11T23:23:11","modified_gmt":"2025-07-11T23:23:11","slug":"previsions-du-samedi-12-juillet-2025-5","status":"publish","type":"post","link":"https:\/\/www.europesays.com\/fr\/243612\/","title":{"rendered":"pr\u00e9visions du samedi 12 juillet 2025"},"content":{"rendered":"<p>Bordeaux va conna\u00eetre une splendide journ\u00e9e particuli\u00e8rement ensoleill\u00e9e. Ce sera un bel \u00e9t\u00e9 : les valeurs afficheront entre 19 et 31\u00b0C. La ville va ressentir des fortes chaleurs avec des temp\u00e9ratures qui devraient grimper \u00e0 30\u00b0C le matin. Les valeurs avoisineront les 25\u00b0C. Un vent de sud-ouest soufflera l\u00e9g\u00e8rement, avec 11 km\/h. L&rsquo;\u00e9t\u00e9 s&rsquo;installe ! Les temp\u00e9ratures vont monter pendant l&rsquo;apr\u00e8s-midi de plusieurs degr\u00e9s. Les valeurs \u00e9volueront entre 28 et 31\u2009\u00b0C. La chaleur estivale sera bien l\u00e0 puisque les valeurs seront quand m\u00eame de 28\u00b0C au minimum et de 31\u00b0C au plus haut. Il va faire 23\u00b0C en moyenne le soir. Une nuit claire vous attendra entre samedi et dimanche.<\/p>\n<p>Un bel ensoleillement est pr\u00e9vu demain \u00e0 Bordeaux. Une chute des temp\u00e9ratures est \u00e0 craindre. Les grosses chaleurs sont pr\u00e9sentes. Avec des temp\u00e9ratures \u00e9chelonn\u00e9es entre 17 et 30\u00b0C. Les valeurs seront comprises entre 17 et 30\u00b0C, un temps vraiment de saison. Un petit vent de sud-ouest sera ressenti par les habitants. Le temps va se r\u00e9chauffer demain apr\u00e8s-midi avec une hausse de quelques degr\u00e9s pour un \u00e9t\u00e9 chaud. La ville va subir une vague d&rsquo;importantes chaleurs avec des temp\u00e9ratures qui atteindront parfois les 30\u00b0C. Les valeurs s&rsquo;\u00e9chelonneront entre 27\u00b0C et 30\u00b0C, donnant \u00e0 la population l&rsquo;occasion d&rsquo;appr\u00e9cier la p\u00e9riode estivale.<\/p>\n<p>Les jours suivants s&rsquo;annoncent identiques. On s&rsquo;attend \u00e0 des journ\u00e9es ensoleill\u00e9es, accompagn\u00e9es par des temp\u00e9ratures dans les 29\u00b0C en moyenne.<\/p>\n<p><\/p>\n","protected":false},"excerpt":{"rendered":"Bordeaux va conna\u00eetre une splendide journ\u00e9e particuli\u00e8rement ensoleill\u00e9e. Ce sera un bel \u00e9t\u00e9 : les valeurs afficheront entre&hellip;\n","protected":false},"author":2,"featured_media":243613,"comment_status":"","ping_status":"","sticky":false,"template":"","format":"standard","meta":{"footnotes":""},"categories":[2817],"tags":[1111,11,1997,1777,674,1011,27,12,2219,2119,25],"class_list":{"0":"post-243612","1":"post","2":"type-post","3":"status-publish","4":"format-standard","5":"has-post-thumbnail","7":"category-bordeaux","8":"tag-actu","9":"tag-actualites","10":"tag-bordeaux","11":"tag-eu","12":"tag-europe","13":"tag-fr","14":"tag-france","15":"tag-news","16":"tag-nouvelle-aquitaine","17":"tag-previsions-meteo","18":"tag-republique-francaise"},"share_on_mastodon":{"url":"https:\/\/pubeurope.com\/@fr\/114837179814806194","error":""},"_links":{"self":[{"href":"https:\/\/www.europesays.com\/fr\/wp-json\/wp\/v2\/posts\/243612","targetHints":{"allow":["GET"]}}],"collection":[{"href":"https:\/\/www.europesays.com\/fr\/wp-json\/wp\/v2\/posts"}],"about":[{"href":"https:\/\/www.europesays.com\/fr\/wp-json\/wp\/v2\/types\/post"}],"author":[{"embeddable":true,"href":"https:\/\/www.europesays.com\/fr\/wp-json\/wp\/v2\/users\/2"}],"replies":[{"embeddable":true,"href":"https:\/\/www.europesays.com\/fr\/wp-json\/wp\/v2\/comments?post=243612"}],"version-history":[{"count":0,"href":"https:\/\/www.europesays.com\/fr\/wp-json\/wp\/v2\/posts\/243612\/revisions"}],"wp:featuredmedia":[{"embeddable":true,"href":"https:\/\/www.europesays.com\/fr\/wp-json\/wp\/v2\/media\/243613"}],"wp:attachment":[{"href":"https:\/\/www.europesays.com\/fr\/wp-json\/wp\/v2\/media?parent=243612"}],"wp:term":[{"taxonomy":"category","embeddable":true,"href":"https:\/\/www.europesays.com\/fr\/wp-json\/wp\/v2\/categories?post=243612"},{"taxonomy":"post_tag","embeddable":true,"href":"https:\/\/www.europesays.com\/fr\/wp-json\/wp\/v2\/tags?post=243612"}],"curies":[{"name":"wp","href":"https:\/\/api.w.org\/{rel}","templated":true}]}}