{"id":243614,"date":"2025-07-11T23:24:22","date_gmt":"2025-07-11T23:24:22","guid":{"rendered":"https:\/\/www.europesays.com\/fr\/243614\/"},"modified":"2025-07-11T23:24:22","modified_gmt":"2025-07-11T23:24:22","slug":"national-2-pourquoi-les-girondins-ont-demande-a-etre-dans-le-groupe-ouest","status":"publish","type":"post","link":"https:\/\/www.europesays.com\/fr\/243614\/","title":{"rendered":"National 2. Pourquoi les Girondins ont demand\u00e9 \u00e0 \u00eatre dans le groupe Ouest ?"},"content":{"rendered":"<p><img loading=\"lazy\" decoding=\"async\" width=\"696\" height=\"464\" class=\"lazyload entry-thumb\" src=\"https:\/\/www.europesays.com\/fr\/wp-content\/uploads\/2025\/07\/Public-Bordeaux-696x464.jpg\" alt=\"Public Bordeaux\" title=\"Public Bordeaux\"\/>Le public bordelais au Matmut Atlantique. (Photo Fr\u00e9d\u00e9ric Braz)<\/p>\n<p style=\"font-size:20px\"><strong>Les Girondins de Bordeaux ont demand\u00e9 \u00e0 la FFF d\u2019\u00eatre de nouveau dans le groupe ouest cette saison. Et la raison n\u2019est pas forc\u00e9ment sportive.<\/strong><\/p>\n<p>Durant la saison, Bruno Irles avait affirm\u00e9 que le groupe ouest de National 2 \u00e9tait plus faible que le groupe sud-est. A part la diff\u00e9rence de budgets \u2013 plus importants en moyenne \u2013 ce n\u2019est pas forc\u00e9ment vrai. Tout simplement car ce n\u2019est pas le m\u00eame football, avec des \u00e9quipes plus joueuses dans le grand-ouest. Toujours est-il que les Girondins ont demand\u00e9 \u00e0 \u00e9voluer de nouveau dans le groupe ouest pour la saison 2025-2026. Et la raison n\u2019est pas forc\u00e9ment sportive.<\/p>\n<p><strong>\u00ab\u00a0La saison derni\u00e8re, le club et les supporters ont \u00e9t\u00e9 bien accueillis partout o\u00f9 ils se sont d\u00e9plac\u00e9s<\/strong>, explique une source proche des Girondins. <strong>Il n\u2019y a eu aucun incident dans les stades o\u00f9 ils ont jou\u00e9. Le club craint que les d\u00e9placements soient plus compliqu\u00e9s dans le sud-est de la France. \u00bb<\/strong> Ce ne sont pas les clubs qui sont incrimin\u00e9s mais l\u2019antagonisme entre certains groupes de supporters. Le 13 janvier dernier, des supporters marseillais avaient provoqu\u00e9 les Ultramarines sur une aire d\u2019autoroute pr\u00e8s de Nantes alors que les Bordelais se dirigeaient vers Granville et les Marseillais vers Rennes.<\/p>\n<p><strong>Eviter les affrontements avec les supporters marseillais<\/strong><\/p>\n<p>Les Girondins veulent donc \u00e9viter ces affrontements puisqu\u2019il faudra passer \u00e0 proximit\u00e9 de Marseille pour se rendre \u00e0 Toulon, Fr\u00e9jus, Cannes, Grasse. Sans compter la pr\u00e9sence de deux clubs des Bouches-du-Rh\u00f4ne : Istres et Rousset Sainte-Victoire. Les Pr\u00e9fectures pourraient d\u2019ailleurs syst\u00e9matiquement prendre des arr\u00eat\u00e9s d\u2019interdiction de d\u00e9placement. C\u2019\u00e9tait le cas en janvier 2022 lors du dernier d\u00e9placement des Girondins au stade V\u00e9lodrome. La s\u00e9curit\u00e9 publique est donc une variable \u00e0 prendre en compte pour la FFF au moment de former les groupes.<\/p>\n<p>Ce qui change donc un peu la donne. Car la FFF peut-elle mettre Bordeaux dans le groupe Ouest mais pas Angoul\u00eame ? Le club de Charente est plus proche de la Bretagne ou des Pays de la Loire que son illustre voisin de Nouvelle-Aquitaine. Si le deux sont dans le groupe ouest, c\u2019est s\u00fbrement un club du Centre Val de Loire (Bourges ?) qui en fera les frais. Rendez-vous le jeudi 17 juillet\u2026<\/p>\n<p><a href=\"https:\/\/footamateur.ouest-france.fr\/author\/jerome\/\" class=\"url\" title=\"J\u00e9rome Bouchacourt\" target=\"_blank\" rel=\"noopener\"> <img decoding=\"async\" src=\"https:\/\/www.europesays.com\/fr\/wp-content\/uploads\/2025\/04\/moi.jpg\" class=\"lazyload photo\" width=\"250\" alt=\"J\u00e9rome Bouchacourt\"\/><\/a><\/p>\n<p>SEO et r\u00e9dacteur en chef chez Sports M\u00e9dia<\/p>\n<p>Petit Suisse originaire de Lausanne, au bord du Lac L\u00e9man, biberonn\u00e9 au Beaujolais depuis ses deux ans, J\u00e9r\u00f4me a migr\u00e9 dans la r\u00e9gion nantaise au d\u00e9but des ann\u00e9es 2000. Fan de football amateur, de ses rencontres, ses terrains bossel\u00e9s, ses buvettes conviviales, il est aussi un bon vivant qui adore la cuisine lyonnaise ! Fondateur de Footamateur.fr en mai 2014.<\/p>\n<p><a href=\"https:\/\/footamateur.ouest-france.fr\/author\/jerome\/\" class=\"url\" title=\"J\u00e9rome Bouchacourt\" target=\"_blank\" rel=\"noopener\"><img decoding=\"async\" src=\"https:\/\/www.europesays.com\/fr\/wp-content\/uploads\/2025\/04\/moi.jpg\" class=\"lazyload photo\" width=\"250\" alt=\"J\u00e9rome Bouchacourt\"\/><\/a>Les derniers articles par J\u00e9rome Bouchacourt (<a href=\"https:\/\/footamateur.ouest-france.fr\/author\/jerome\/\" target=\"_blank\" rel=\"noopener\">tout voir<\/a>)<\/p>\n","protected":false},"excerpt":{"rendered":"Le public bordelais au Matmut Atlantique. (Photo Fr\u00e9d\u00e9ric Braz) Les Girondins de Bordeaux ont demand\u00e9 \u00e0 la FFF&hellip;\n","protected":false},"author":2,"featured_media":243615,"comment_status":"","ping_status":"","sticky":false,"template":"","format":"standard","meta":{"footnotes":""},"categories":[2817],"tags":[1111,11,1997,1777,674,1011,27,2265,12,2219,25],"class_list":{"0":"post-243614","1":"post","2":"type-post","3":"status-publish","4":"format-standard","5":"has-post-thumbnail","7":"category-bordeaux","8":"tag-actu","9":"tag-actualites","10":"tag-bordeaux","11":"tag-eu","12":"tag-europe","13":"tag-fr","14":"tag-france","15":"tag-girondins-bordeaux","16":"tag-news","17":"tag-nouvelle-aquitaine","18":"tag-republique-francaise"},"share_on_mastodon":{"url":"https:\/\/pubeurope.com\/@fr\/114837183901811348","error":""},"_links":{"self":[{"href":"https:\/\/www.europesays.com\/fr\/wp-json\/wp\/v2\/posts\/243614","targetHints":{"allow":["GET"]}}],"collection":[{"href":"https:\/\/www.europesays.com\/fr\/wp-json\/wp\/v2\/posts"}],"about":[{"href":"https:\/\/www.europesays.com\/fr\/wp-json\/wp\/v2\/types\/post"}],"author":[{"embeddable":true,"href":"https:\/\/www.europesays.com\/fr\/wp-json\/wp\/v2\/users\/2"}],"replies":[{"embeddable":true,"href":"https:\/\/www.europesays.com\/fr\/wp-json\/wp\/v2\/comments?post=243614"}],"version-history":[{"count":0,"href":"https:\/\/www.europesays.com\/fr\/wp-json\/wp\/v2\/posts\/243614\/revisions"}],"wp:featuredmedia":[{"embeddable":true,"href":"https:\/\/www.europesays.com\/fr\/wp-json\/wp\/v2\/media\/243615"}],"wp:attachment":[{"href":"https:\/\/www.europesays.com\/fr\/wp-json\/wp\/v2\/media?parent=243614"}],"wp:term":[{"taxonomy":"category","embeddable":true,"href":"https:\/\/www.europesays.com\/fr\/wp-json\/wp\/v2\/categories?post=243614"},{"taxonomy":"post_tag","embeddable":true,"href":"https:\/\/www.europesays.com\/fr\/wp-json\/wp\/v2\/tags?post=243614"}],"curies":[{"name":"wp","href":"https:\/\/api.w.org\/{rel}","templated":true}]}}