{"id":243622,"date":"2025-07-11T23:28:43","date_gmt":"2025-07-11T23:28:43","guid":{"rendered":"https:\/\/www.europesays.com\/fr\/243622\/"},"modified":"2025-07-11T23:28:43","modified_gmt":"2025-07-11T23:28:43","slug":"les-quatre-saisons-de-lopera-actualites","status":"publish","type":"post","link":"https:\/\/www.europesays.com\/fr\/243622\/","title":{"rendered":"Les quatre saisons de l&rsquo;Op\u00e9ra \/ Actualit\u00e9s"},"content":{"rendered":"<p>Apr\u00e8s 22 ans \u00e0 la t\u00eate de l&rsquo;Op\u00e9ra de Lille, Caroline Sonrier a quitt\u00e9 son poste de directrice. Barbara Eeckle lui succ\u00e8de, consciente du \u00ab\u00a0d\u00e9fi et du grand privil\u00e8ge de prendre la suite, car j&rsquo;ai une grande admiration pour tout ce qu&rsquo;elle a accompli ici !\u00a0\u00bb<\/p>\n<p>Les nouveaut\u00e9s<\/p>\n<p>Bien s\u00fbr, on ne change pas une \u00e9quipe qui gagne : les op\u00e9ra games, les Happy days des enfants, les ateliers et concerts Finoreille seront encore au programme en 2025\/2026. Mais il y a pas mal de nouveaux formats,\u00a0dans une volont\u00e9 toujours affirm\u00e9e de rendre l&rsquo;op\u00e9ra accessible \u00e0 tous. Les voici :\u00a0<\/p>\n<ul class=\"listPuce\">\n<li>les open weeks. Pendant toute une semaine de pr\u00e9paration d\u2019une \u0153uvre, le foyer sera ouvert (en soir\u00e9e) avec un bar-resto, un jukebox, une piste de danse, un moment de partage avec certains artistes\u2026 le tout, gratuitement.<\/li>\n<\/ul>\n<ul class=\"listPuce\">\n<li>Exp\u00e9riences de concerts. La version\u00a0\u00ab\u00a0heure bleue\u00a0\u00bb, en d\u00e9but de soir\u00e9e (18h) et en petit comit\u00e9, seront donn\u00e9s au Grand foyer. Ils s&rsquo;ajoute la version\u00a0\u00ab\u00a0sieste\u00a0\u00bb\u00a0o\u00f9 le public sera allong\u00e9 45 minutes et profitera d\u2019un concert pour se plonger totalement dans la musique. Sans oublier la version\u00a0\u00ab\u00a0insomniaque\u00a0\u00bb\u00a0: de\u00a021h \u00e0 1h30, entre \u00e9veil et demi-sommeil, les participants s&rsquo;installeront sur un matelas pour une s\u00e9rie de trois concerts. \u00c0 tester de toute urgence !<\/li>\n<\/ul>\n<p>Les temps forts<\/p>\n<p>La nouvelle directrice de l&rsquo;Op\u00e9ra propose un <strong>doux m\u00e9lange entre continuit\u00e9 et nouveaut\u00e9 pour cette saison 2025\/2026<\/strong>, qui s&rsquo;articule autour de <strong>quatre p\u00e9riodes<\/strong> appel\u00e9es \u00ab\u00a0<strong>constellations<\/strong>\u00a0\u00bb (l&rsquo;automne, l&rsquo;hiver, le printemps, l&rsquo;\u00e9t\u00e9). Avec, \u00e0 chaque fois, une \u0153uvre lyrique en t\u00eate d&rsquo;affiche.<\/p>\n<p>Et <strong>la saison d\u00e9marrera en fanfare le 20 septembre 2025<\/strong>, (week-end des <a href=\"https:\/\/www.lille.fr\/Journees-europeennes-du-Patrimoine\/Actualites\/Journees-du-Patrimoine-2025\" target=\"_self\" class=\"lien_interne\" rel=\"noopener\">Journ\u00e9es du patrimoine<\/a>) avec un concept original inspir\u00e9 d&rsquo;un compositeur am\u00e9ricain du d\u00e9but du XXe si\u00e8cle : cinq d\u00e9ambulations musicales simultan\u00e9es seront organis\u00e9es dans les rues du centre-ville par des harmonies et groupes \u00e9lectroniques. Le principe ? Les groupes se rassemblent sur la place du Th\u00e9\u00e2tre, et cette fois, jouent une \u0153uvre commune compos\u00e9e sp\u00e9cialement pour l&rsquo;\u00e9v\u00e9nement. \u00ab\u00a0Pour lancer la saison, il nous fallait quelque chose de grand !\u00a0\u00bb explique la directrice. Le d\u00e9cor est plant\u00e9 !<\/p>\n<ul class=\"listPuce\">\n<li><strong>Automne : amour, jeunesse, fragilit\u00e9 de la vie<\/strong><\/li>\n<\/ul>\n<p>On d\u00e9bute avec l&rsquo;amour, la jeunesse et la fragilit\u00e9 de la vie, pour l&rsquo;automne, autour de L&rsquo;\u00e9cume des jours, d&rsquo;Edison Denisov\u00a0(5-15 novembre 2025). Une pi\u00e8ce int\u00e9ressante, tr\u00e8s musicale (avec notamment du jazz), d&rsquo;apr\u00e8s le roman \u00e9ponyme sign\u00e9 Boris Vian. \u00ab\u00a0Une \u0153uvre vraiment g\u00e9niale, qui curieusement n&rsquo;a pas \u00e9t\u00e9 jou\u00e9e pendant des ann\u00e9es\u00a0\u00bb, souligne Barbara Eeckle.\u00a0<\/p>\n<ul class=\"listPuce\">\n<li><strong>Hiver : l&rsquo;id\u00e9al de la vie \u00e9ternelle<\/strong><\/li>\n<\/ul>\n<p>La vieillesse, l\u2019id\u00e9al de la vie \u00e9ternelle sont au menu de la constellation hivernale, avec L&rsquo;Affaire Makropoulos du Tch\u00e8que Leos Janacek (5-16 f\u00e9vrier 2026), au langage \u00e0 la fois romantique et moderne. Citons aussi un r\u00e9cital lyrique, Le c\u0153ur a ses raisons, de Schumann (9 d\u00e9cembre 2025), et un op\u00e9ra itin\u00e9rant, Le Ch\u00e2teau de Barbe-Bleue (18-19 d\u00e9cembre \u00e0 Lille, puis dans la m\u00e9tropole et la r\u00e9gion).<\/p>\n<ul class=\"listPuce\">\n<li><strong>Printemps : la jeunesse, le passage \u00e0 l&rsquo;\u00e2ge adulte<\/strong><\/li>\n<\/ul>\n<p>Une nouvelle production de l&rsquo;Op\u00e9ra fleurira au printemps : Les Enfants terribles, de Philip Glass (20-26 mars 2026), d&rsquo;apr\u00e8s le roman de Jean Cocteau. C&rsquo;est l&rsquo;histoire d&rsquo;un\u00a0fr\u00e8re et d&rsquo;une s\u0153ur, orphelins, un peu perdus, qui cessent d&rsquo;aller \u00e0 l&rsquo;\u00e9cole. Pour se stabiliser, ils ont cr\u00e9\u00e9 un monde imaginaire, \u00e0 huis clos, \u00e0 la maison, ce qui attire d&rsquo;autres jeunes&#8230;<\/p>\n<p>L&rsquo;autre temps fort illustre la poursuite du partenariat avec l&rsquo;Orchestre national de Lille : c&rsquo;est le premier long m\u00e9trage de Charlie Chaplin, Le Kid\u00a0(21 et 23 f\u00e9vrier 2025), en version cin\u00e9-concert. La salle de l&rsquo;Op\u00e9ra devrait \u00eatre prise d&rsquo;assaut !<\/p>\n<ul class=\"listPuce\">\n<li><strong>Et\u00e9 : les \u00e9preuves de la vie<\/strong><\/li>\n<\/ul>\n<p>Quand on \u00e9voque l&rsquo;h\u00e9ro\u00efsme quotidien, l&rsquo;\u00e9preuve de la vie, l&rsquo;\u00e9mancipation de la jeune g\u00e9n\u00e9ration&#8230; On pense \u00e0 La Flute enchant\u00e9e, de Mozart (son ultime op\u00e9ra), l&rsquo;\u0153uvre d&rsquo;un esprit libre et joueur ! Rendez-vous du 9 au 26 mai 2026 pour en profiter&#8230;\u00a0<\/p>\n<p>&gt;\u00a0Pour d&rsquo;autres nouveaut\u00e9s et rendez-vous \u00e0 ne pas manquer,\u00a0<a href=\"https:\/\/www.opera-lille.fr\/\" target=\"_self\" class=\"lien_interne\" rel=\"noopener\">c&rsquo;est ici<\/a>\u00a0!<\/p>\n<p>Qui est Barbara Eeckle, nouvelle directrice ?<\/p>\n<p>Directrice de l&rsquo;Op\u00e9ra de Lille depuis le 1er juillet 2025 (et nomm\u00e9e en d\u00e9cembre 2023), Barbara Eckle est n\u00e9e \u00e0 Zurich, en Suisse. Dipl\u00f4m\u00e9e de l\u2019\u00c9cole internationale de cin\u00e9ma de Prague (R\u00e9publique Tch\u00e8que), elle est \u00e9galement all\u00e9e sur les bancs de l&rsquo;universit\u00e9 d&rsquo;Oxford (Angleterre) pour \u00e9tudier la philosophie et l&rsquo;histoire de l&rsquo;art antique.\u00a0<\/p>\n<p>Avant d&rsquo;arriver \u00e0 Lille, Barbara Eckle est pass\u00e9e par l&rsquo;Op\u00e9ra de Stuttgart, et d&rsquo;autres villes d&rsquo;Allemagne. Elle se souvient de son premier souvenir avec notre ville&#8230; \u00ab\u00a0L&rsquo;Op\u00e9ra de Lille cherchait \u00e0 \u00eatre le coproducteur d&rsquo;une \u0153uvre que l&rsquo;on proposait chez nous. Apr\u00e8s quelques mois de renseignements, j&rsquo;ai alors d\u00e9couvert que l&rsquo;Op\u00e9ra lillois cherchait une nouvelle personne pour sa direction. Je me suis dit&#8230; Pourquoi pas !\u00a0\u00bb<\/p>\n<p>La voil\u00e0 d\u00e9sormais Lilloise, \u00e0 la t\u00eate \u00ab\u00a0d&rsquo;une \u00ab\u00a0\u00e9quipe pleine de cr\u00e9ativit\u00e9 et de comp\u00e9tences\u00a0\u00bb.<\/p>\n<p><strong>Par Cl\u00e9ment Landouzy<\/strong><\/p>\n<p>Hommage \u00e0 Caroline Sonrier<\/p>\n<p>22 ann\u00e9es \u00e0 la t\u00eate de l&rsquo;Op\u00e9ra de Lille&#8230; Cela valait bien une petite interview de Caroline Sonrier pour la Ville de Lille !<\/p>\n<p>Cliquez sur l&rsquo;image pour ouvrir la vid\u00e9o<\/p>\n<p><a href=\"https:\/\/youtube.com\/shorts\/-qC59J79o3g\" target=\"_self\" class=\"lien_interne\" rel=\"noopener\">            <img src-full=\"\/var\/www\/storage\/images\/mediatheque\/mairie-de-lille\/actualites\/images\/2025\/juillet-2025\/opera-caroline-sonrier\/3819676-1-fre-FR\/Opera-Caroline-Sonrier.jpg\" data-caption-full=\"Hommage \u00e0 Caroline Sonrier, ancienne directrice de l'Op\u00e9ra de Lille\" width=\"310\" height=\"465\" alt=\"Op\u00e9ra Caroline Sonrier\" title=\"Op\u00e9ra Caroline Sonrier\" class=\"align-\"\/><br \/>\n    <\/a><\/p>\n","protected":false},"excerpt":{"rendered":"Apr\u00e8s 22 ans \u00e0 la t\u00eate de l&rsquo;Op\u00e9ra de Lille, Caroline Sonrier a quitt\u00e9 son poste de directrice.&hellip;\n","protected":false},"author":2,"featured_media":243623,"comment_status":"","ping_status":"","sticky":false,"template":"","format":"standard","meta":{"footnotes":""},"categories":[2815],"tags":[1111,11,4763,1777,674,1011,27,811,1307,5415,12,25],"class_list":{"0":"post-243622","1":"post","2":"type-post","3":"status-publish","4":"format-standard","5":"has-post-thumbnail","7":"category-lille","8":"tag-actu","9":"tag-actualites","10":"tag-agenda","11":"tag-eu","12":"tag-europe","13":"tag-fr","14":"tag-france","15":"tag-hauts-de-france","16":"tag-lille","17":"tag-mairie","18":"tag-news","19":"tag-republique-francaise"},"share_on_mastodon":{"url":"https:\/\/pubeurope.com\/@fr\/114837199430955640","error":""},"_links":{"self":[{"href":"https:\/\/www.europesays.com\/fr\/wp-json\/wp\/v2\/posts\/243622","targetHints":{"allow":["GET"]}}],"collection":[{"href":"https:\/\/www.europesays.com\/fr\/wp-json\/wp\/v2\/posts"}],"about":[{"href":"https:\/\/www.europesays.com\/fr\/wp-json\/wp\/v2\/types\/post"}],"author":[{"embeddable":true,"href":"https:\/\/www.europesays.com\/fr\/wp-json\/wp\/v2\/users\/2"}],"replies":[{"embeddable":true,"href":"https:\/\/www.europesays.com\/fr\/wp-json\/wp\/v2\/comments?post=243622"}],"version-history":[{"count":0,"href":"https:\/\/www.europesays.com\/fr\/wp-json\/wp\/v2\/posts\/243622\/revisions"}],"wp:featuredmedia":[{"embeddable":true,"href":"https:\/\/www.europesays.com\/fr\/wp-json\/wp\/v2\/media\/243623"}],"wp:attachment":[{"href":"https:\/\/www.europesays.com\/fr\/wp-json\/wp\/v2\/media?parent=243622"}],"wp:term":[{"taxonomy":"category","embeddable":true,"href":"https:\/\/www.europesays.com\/fr\/wp-json\/wp\/v2\/categories?post=243622"},{"taxonomy":"post_tag","embeddable":true,"href":"https:\/\/www.europesays.com\/fr\/wp-json\/wp\/v2\/tags?post=243622"}],"curies":[{"name":"wp","href":"https:\/\/api.w.org\/{rel}","templated":true}]}}