{"id":243624,"date":"2025-07-11T23:29:10","date_gmt":"2025-07-11T23:29:10","guid":{"rendered":"https:\/\/www.europesays.com\/fr\/243624\/"},"modified":"2025-07-11T23:29:10","modified_gmt":"2025-07-11T23:29:10","slug":"previsions-du-samedi-12-juillet-2025-6","status":"publish","type":"post","link":"https:\/\/www.europesays.com\/fr\/243624\/","title":{"rendered":"pr\u00e9visions du samedi 12 juillet 2025"},"content":{"rendered":"<p>Un splendide soleil va briller sur Marseille et ce, tout au long de la journ\u00e9e. On pr\u00e9voit des valeurs d&rsquo;environ 23\u00b0C. Une brise de sud-est soufflera doucement. Les temp\u00e9ratures tourneront autour des 24\u00b0C au cours de la matin\u00e9e. Les maximales pourront atteindre 24\u00b0C dans l&rsquo;apr\u00e8s-midi alors que les minimales seront de 23\u00b0C. Le soir, des orages vont obscurcir le ciel de la ville. Les valeurs s&rsquo;\u00e9chelonneront de 22 \u00e0 23\u00b0C. Le ciel sera limpide dans la nuit de samedi \u00e0 dimanche.<\/p>\n<p>Un beau soleil est pr\u00e9vu demain \u00e0 Marseille. Le thermom\u00e8tre affichera 23\u00b0C en moyenne. Un vent de sud-est rafra\u00eechira sensiblement l&rsquo;atmosph\u00e8re. Les temp\u00e9ratures seront de 22\u00b0C au minimum et de 25\u00b0C au plus haut la matin\u00e9e. Les valeurs seront comprises entre 24\u00b0C et 25\u00b0C dans l&rsquo;apr\u00e8s-midi. Il fera environ 23\u00b0C, demain soir.<\/p>\n<p>Le temps restera inchang\u00e9 les jours \u00e0 venir. Il fera 29\u00b0C en moyenne pour des journ\u00e9es avec un ciel ensoleill\u00e9.<\/p>\n<p><\/p>\n","protected":false},"excerpt":{"rendered":"Un splendide soleil va briller sur Marseille et ce, tout au long de la journ\u00e9e. On pr\u00e9voit des&hellip;\n","protected":false},"author":2,"featured_media":243625,"comment_status":"","ping_status":"","sticky":false,"template":"","format":"standard","meta":{"footnotes":""},"categories":[2814],"tags":[1111,11,1777,674,1011,27,884,12,2119,882,25],"class_list":{"0":"post-243624","1":"post","2":"type-post","3":"status-publish","4":"format-standard","5":"has-post-thumbnail","7":"category-marseille","8":"tag-actu","9":"tag-actualites","10":"tag-eu","11":"tag-europe","12":"tag-fr","13":"tag-france","14":"tag-marseille","15":"tag-news","16":"tag-previsions-meteo","17":"tag-provence-alpes-cote-dazur","18":"tag-republique-francaise"},"share_on_mastodon":{"url":"https:\/\/pubeurope.com\/@fr\/114837203564747028","error":""},"_links":{"self":[{"href":"https:\/\/www.europesays.com\/fr\/wp-json\/wp\/v2\/posts\/243624","targetHints":{"allow":["GET"]}}],"collection":[{"href":"https:\/\/www.europesays.com\/fr\/wp-json\/wp\/v2\/posts"}],"about":[{"href":"https:\/\/www.europesays.com\/fr\/wp-json\/wp\/v2\/types\/post"}],"author":[{"embeddable":true,"href":"https:\/\/www.europesays.com\/fr\/wp-json\/wp\/v2\/users\/2"}],"replies":[{"embeddable":true,"href":"https:\/\/www.europesays.com\/fr\/wp-json\/wp\/v2\/comments?post=243624"}],"version-history":[{"count":0,"href":"https:\/\/www.europesays.com\/fr\/wp-json\/wp\/v2\/posts\/243624\/revisions"}],"wp:featuredmedia":[{"embeddable":true,"href":"https:\/\/www.europesays.com\/fr\/wp-json\/wp\/v2\/media\/243625"}],"wp:attachment":[{"href":"https:\/\/www.europesays.com\/fr\/wp-json\/wp\/v2\/media?parent=243624"}],"wp:term":[{"taxonomy":"category","embeddable":true,"href":"https:\/\/www.europesays.com\/fr\/wp-json\/wp\/v2\/categories?post=243624"},{"taxonomy":"post_tag","embeddable":true,"href":"https:\/\/www.europesays.com\/fr\/wp-json\/wp\/v2\/tags?post=243624"}],"curies":[{"name":"wp","href":"https:\/\/api.w.org\/{rel}","templated":true}]}}