{"id":243626,"date":"2025-07-11T23:30:19","date_gmt":"2025-07-11T23:30:19","guid":{"rendered":"https:\/\/www.europesays.com\/fr\/243626\/"},"modified":"2025-07-11T23:30:19","modified_gmt":"2025-07-11T23:30:19","slug":"des-ossements-humains-anciens-decouverts-par-les-pompiers-sur-les-lieux-de-lincendie-de-marseille","status":"publish","type":"post","link":"https:\/\/www.europesays.com\/fr\/243626\/","title":{"rendered":"Des ossements humains anciens d\u00e9couverts par les pompiers sur les lieux de l\u2019incendie de Marseille"},"content":{"rendered":"<p>La sc\u00e8ne a jet\u00e9 un froid, dans la matin\u00e9e de ce jeudi 10\u00a0juillet, parmi les secours encore mobilis\u00e9s pour \u00e9teindre <a href=\"https:\/\/www.laprovence.com\/article\/faits-divers-justice\/1177891111563614\/incendie-a-marseille-la-voiture-a-lorigine-du-feu-navait-pas-de-controle-technique-a-jour\" target=\"_blank\" rel=\"noopener\">l\u2019incendie dans les quartiers Nord de Marseille<\/a>.<\/p>\n<p>Vers 9h, des pompiers qui proc\u00e9daient aux fastidieuses op\u00e9rations de noyage \u00e0 proximit\u00e9 du chemin de la Pelouque, non loin de <a href=\"https:\/\/www.laprovence.com\/article\/region\/7047479383776514\/incendie-de-marseille-on-a-vu-les-arbres-bruler-sous-nos-fenetres-panique-et-solidarite-a-la-castellane-et-a-verduron\" target=\"_blank\" rel=\"noopener\">la cit\u00e9 de la Castellane<\/a>, en limite des 15e et 16e arrondissements de <a href=\"https:\/\/www.laprovence.com\/bouches-du-rhone\/marseille-13055\" target=\"_blank\" rel=\"noopener\">Marseille<\/a>, ont vu appara\u00eetre un cr\u00e2ne dans le sillage de leurs lances. Le sol calcin\u00e9 et maintenant \u00e9rod\u00e9 par les jets d\u2019eau pour refroidir les derniers points chauds, venait de lib\u00e9rer des ossements incontestablement humains.<\/p>\n<p>Les soldats du feu ont aussit\u00f4t gel\u00e9 les lieux et pr\u00e9venu les services de police, craignant d\u2019abord le pire, la d\u00e9couverte d\u2019une victime d\u2019un crime ou de l\u2019incendie tout juste \u00e9teint. Mais de toute \u00e9vidence, il n\u2019en \u00e9tait rien. Les restes d\u00e9couverts \u00e9taient manifestement tr\u00e8s anciens. Ils \u00e9taient m\u00eame accompagn\u00e9s d\u2019\u00e9l\u00e9ments de vieux cercueils &#8211; des poign\u00e9es et m\u00eame une croix.<\/p>\n<p>Une enqu\u00eate a n\u00e9anmoins \u00e9t\u00e9 ouverte par la police, et les ossements r\u00e9cup\u00e9r\u00e9s ont \u00e9t\u00e9 transmis \u00e0 l\u2019institut m\u00e9dico-l\u00e9gal \u00e0 des fins d\u2019analyse. Plusieurs hypoth\u00e8ses, certainement pas criminelles, sont avanc\u00e9es \u00e0 ce stade. Celle d\u2019une ancienne s\u00e9pulture, sur un site qui jadis, fut occup\u00e9 par des gens du voyage. \u00c0 moins qu\u2019il ne s\u2019agisse de terre d\u00e9plac\u00e9e et non cribl\u00e9e, pour constituer les remblais de la voie de chemin de fer \u00e0 proximit\u00e9.<\/p>\n","protected":false},"excerpt":{"rendered":"La sc\u00e8ne a jet\u00e9 un froid, dans la matin\u00e9e de ce jeudi 10\u00a0juillet, parmi les secours encore mobilis\u00e9s&hellip;\n","protected":false},"author":2,"featured_media":243627,"comment_status":"","ping_status":"","sticky":false,"template":"","format":"standard","meta":{"footnotes":""},"categories":[2814],"tags":[17,1111,11,8132,13881,154,1777,674,274,1011,27,11416,151,884,12,38333,5912,882,25],"class_list":{"0":"post-243626","1":"post","2":"type-post","3":"status-publish","4":"format-standard","5":"has-post-thumbnail","7":"category-marseille","8":"tag-17","9":"tag-actu","10":"tag-actualites","11":"tag-anciens","12":"tag-decouverts","13":"tag-des","14":"tag-eu","15":"tag-europe","16":"tag-faits-divers-justice","17":"tag-fr","18":"tag-france","19":"tag-humains","20":"tag-les","21":"tag-marseille","22":"tag-news","23":"tag-ossements","24":"tag-par","25":"tag-provence-alpes-cote-dazur","26":"tag-republique-francaise"},"share_on_mastodon":{"url":"https:\/\/pubeurope.com\/@fr\/114837207287966718","error":""},"_links":{"self":[{"href":"https:\/\/www.europesays.com\/fr\/wp-json\/wp\/v2\/posts\/243626","targetHints":{"allow":["GET"]}}],"collection":[{"href":"https:\/\/www.europesays.com\/fr\/wp-json\/wp\/v2\/posts"}],"about":[{"href":"https:\/\/www.europesays.com\/fr\/wp-json\/wp\/v2\/types\/post"}],"author":[{"embeddable":true,"href":"https:\/\/www.europesays.com\/fr\/wp-json\/wp\/v2\/users\/2"}],"replies":[{"embeddable":true,"href":"https:\/\/www.europesays.com\/fr\/wp-json\/wp\/v2\/comments?post=243626"}],"version-history":[{"count":0,"href":"https:\/\/www.europesays.com\/fr\/wp-json\/wp\/v2\/posts\/243626\/revisions"}],"wp:featuredmedia":[{"embeddable":true,"href":"https:\/\/www.europesays.com\/fr\/wp-json\/wp\/v2\/media\/243627"}],"wp:attachment":[{"href":"https:\/\/www.europesays.com\/fr\/wp-json\/wp\/v2\/media?parent=243626"}],"wp:term":[{"taxonomy":"category","embeddable":true,"href":"https:\/\/www.europesays.com\/fr\/wp-json\/wp\/v2\/categories?post=243626"},{"taxonomy":"post_tag","embeddable":true,"href":"https:\/\/www.europesays.com\/fr\/wp-json\/wp\/v2\/tags?post=243626"}],"curies":[{"name":"wp","href":"https:\/\/api.w.org\/{rel}","templated":true}]}}