{"id":243628,"date":"2025-07-11T23:31:12","date_gmt":"2025-07-11T23:31:12","guid":{"rendered":"https:\/\/www.europesays.com\/fr\/243628\/"},"modified":"2025-07-11T23:31:12","modified_gmt":"2025-07-11T23:31:12","slug":"previsions-du-samedi-12-juillet-2025-7","status":"publish","type":"post","link":"https:\/\/www.europesays.com\/fr\/243628\/","title":{"rendered":"pr\u00e9visions du samedi 12 juillet 2025"},"content":{"rendered":"<p>Le soleil sera dominant, la garantie d&rsquo;une magnifique journ\u00e9e \u00e0 Lyon ! Les temp\u00e9ratures s&rsquo;\u00e9chelonneront de 16 \u00e0 32\u00b0C. Un vent de nord-est soufflera l\u00e9g\u00e8rement. Le matin, on anticipe des valeurs d&rsquo;environ 24\u00b0C. L&rsquo;air ambiant va se r\u00e9chauffer l&rsquo;apr\u00e8s-midi avec une augmentation de plusieurs degr\u00e9s. Les importantes chaleurs sont pr\u00e9sentes. Avec des temp\u00e9ratures \u00e9chelonn\u00e9es entre 28 et 32\u00b0C. Le soir, le vent va peu \u00e0 peu chasser la grisaille. Le passage de samedi \u00e0 dimanche se fera sous un ciel pluvieux.<\/p>\n<p>Demain, c&rsquo;est une hausse de quelques degr\u00e9s que vont conna\u00eetre les temp\u00e9ratures dans la ville de Lyon. Les valeurs \u00e9volueront entre 17 et 33\u2009\u00b0C. Les temp\u00e9ratures afficheront entre 17 et 33\u00b0C. Un vent de sud-ouest rafra\u00eechira quelque peu l&rsquo;atmosph\u00e8re. Le matin, les Lyonnais vont pouvoir b\u00e9n\u00e9ficier d&rsquo;un soleil radieux. La ville va conna\u00eetre un passage de grosses chaleurs avec des valeurs qui atteindront parfois les 32\u00b0C. Des \u00e9claircies sont pr\u00e9vues : on passera un apr\u00e8s-midi agr\u00e9able. Les temp\u00e9ratures vont enregistrer une augmentation de quelques degr\u00e9s. La ville va ressentir des fortes chaleurs avec des temp\u00e9ratures qui pourraient monter \u00e0 33\u00b0C. Les valeurs seront comprises entre 28 et 33\u00b0C. Il va faire 24\u00b0C en moyenne demain soir.<\/p>\n<p>Pour les jours qui suivent, le temps ne bougera pas. On s&rsquo;attend \u00e0 des journ\u00e9es ensoleill\u00e9es, avec des temp\u00e9ratures dans les 32\u00b0C en moyenne.<\/p>\n<p>Durant une vague de chaleur, il est pr\u00e9f\u00e9rable d&rsquo;\u00e9viter tout effort physique et de s&rsquo;hydrater en abondance. Ne gaspillez n\u00e9anmoins pas l&rsquo;eau ! Il s&rsquo;agit d&rsquo;une ressource pr\u00e9cieuse, surtout en p\u00e9riode de feux de for\u00eat.<\/p>\n","protected":false},"excerpt":{"rendered":"Le soleil sera dominant, la garantie d&rsquo;une magnifique journ\u00e9e \u00e0 Lyon ! Les temp\u00e9ratures s&rsquo;\u00e9chelonneront de 16 \u00e0&hellip;\n","protected":false},"author":2,"featured_media":243629,"comment_status":"","ping_status":"","sticky":false,"template":"","format":"standard","meta":{"footnotes":""},"categories":[1889],"tags":[1111,11,2430,1777,674,1011,27,2428,12,2119,25,2429,2431],"class_list":{"0":"post-243628","1":"post","2":"type-post","3":"status-publish","4":"format-standard","5":"has-post-thumbnail","7":"category-lyon","8":"tag-actu","9":"tag-actualites","10":"tag-auvergne-rhone-alpes","11":"tag-eu","12":"tag-europe","13":"tag-fr","14":"tag-france","15":"tag-lyon","16":"tag-news","17":"tag-previsions-meteo","18":"tag-republique-francaise","19":"tag-rhone","20":"tag-rhone-alpes"},"share_on_mastodon":{"url":"https:\/\/pubeurope.com\/@fr\/114837211292936910","error":""},"_links":{"self":[{"href":"https:\/\/www.europesays.com\/fr\/wp-json\/wp\/v2\/posts\/243628","targetHints":{"allow":["GET"]}}],"collection":[{"href":"https:\/\/www.europesays.com\/fr\/wp-json\/wp\/v2\/posts"}],"about":[{"href":"https:\/\/www.europesays.com\/fr\/wp-json\/wp\/v2\/types\/post"}],"author":[{"embeddable":true,"href":"https:\/\/www.europesays.com\/fr\/wp-json\/wp\/v2\/users\/2"}],"replies":[{"embeddable":true,"href":"https:\/\/www.europesays.com\/fr\/wp-json\/wp\/v2\/comments?post=243628"}],"version-history":[{"count":0,"href":"https:\/\/www.europesays.com\/fr\/wp-json\/wp\/v2\/posts\/243628\/revisions"}],"wp:featuredmedia":[{"embeddable":true,"href":"https:\/\/www.europesays.com\/fr\/wp-json\/wp\/v2\/media\/243629"}],"wp:attachment":[{"href":"https:\/\/www.europesays.com\/fr\/wp-json\/wp\/v2\/media?parent=243628"}],"wp:term":[{"taxonomy":"category","embeddable":true,"href":"https:\/\/www.europesays.com\/fr\/wp-json\/wp\/v2\/categories?post=243628"},{"taxonomy":"post_tag","embeddable":true,"href":"https:\/\/www.europesays.com\/fr\/wp-json\/wp\/v2\/tags?post=243628"}],"curies":[{"name":"wp","href":"https:\/\/api.w.org\/{rel}","templated":true}]}}