{"id":24363,"date":"2025-04-14T13:41:08","date_gmt":"2025-04-14T13:41:08","guid":{"rendered":"https:\/\/www.europesays.com\/fr\/24363\/"},"modified":"2025-04-14T13:41:08","modified_gmt":"2025-04-14T13:41:08","slug":"pres-de-lyon-une-folle-course-poursuite-filmee-le-conducteur-de-la-renault-est-un-gros-poisson","status":"publish","type":"post","link":"https:\/\/www.europesays.com\/fr\/24363\/","title":{"rendered":"Pr\u00e8s de Lyon. Une folle course-poursuite film\u00e9e, le conducteur de la Renault est un gros poisson"},"content":{"rendered":"<p>            Par<br \/>\n        <strong><br \/>\n            <a href=\"https:\/\/actu.fr\/auteur\/julien-damboise\" title=\"Consulter tous les articles de Julien Damboise\" rel=\"nofollow noopener\" target=\"_blank\">Julien Damboise<\/a><br \/>\n        <\/strong><\/p>\n<p>        Publi\u00e9 le<\/p>\n<p>            14 avr. 2025 \u00e0 11h23        <\/p>\n<p>Le d\u00e9but du week-end a \u00e9t\u00e9 anim\u00e9 pour les policiers de l\u2019est de <a href=\"https:\/\/actu.fr\/auvergne-rhone-alpes\/lyon_69123\" rel=\"nofollow noopener\" target=\"_blank\">Lyon<\/a>. Peu avant minuit, une <strong>folle course-poursuite<\/strong>, film\u00e9e et partag\u00e9e sur les r\u00e9seaux sociaux, s\u2019est d\u00e9roul\u00e9e \u00e0 <a href=\"https:\/\/actu.fr\/auvergne-rhone-alpes\/bron_69029\" rel=\"nofollow noopener\" target=\"_blank\">Bron<\/a>, avec \u00e0 la cl\u00e9 une importante saisie pour les services de police.<\/p>\n<p>    <a href=\"https:\/\/www.google.com\/maps\/embed?pb=!1m18!1m12!1m3!1d47805.685603490434!2d4.878423509980799!3d45.73514739770622!2m3!1f0!2f0!3f0!3m2!1i1024!2i768!4f13.1!3m3!1m2!1s0x47f4c1763ee80817%3A0x408ab2ae4bb27c0!2s69500%20Bron!5e1!3m2!1sfr!2sfr!4v1744618991613!5m2!1sfr!2sfr\" title=\"Ouvrie le lien\" rel=\"nofollow noopener\" target=\"_blank\">Cliquez ici pour visualiser le contenu<\/a><\/p>\n<p>Une sortie au pire moment<\/p>\n<p class=\" wall-content\">Tout a d\u00e9but\u00e9 vendredi soir, peu avant minuit, quand un automobiliste a \u00e9t\u00e9 vu en train de <strong>sortir d\u2019un parking<\/strong> pr\u00e8s de boxes de stockage, selon les informations d\u2018actu Lyon.<\/p>\n<p class=\" wall-content\">Mais ce n\u2019\u00e9tait vraiment pas le moment de sortir de cette planque, puisque <strong>la police rodait<\/strong> dans le secteur. Et une patrouille a justement \u00e9t\u00e9 intrigu\u00e9e par ce curieux man\u00e8ge. Les agents se sont approch\u00e9s pour r\u00e9aliser un contr\u00f4le et lever les doutes.<\/p>\n<p>Une course-poursuite film\u00e9e<\/p>\n<p class=\" wall-content\">Mais face aux injonctions des policiers qui voulaient le stopper pour voir ce qu\u2019il tramait, le conducteur du Renault Espace a pris la fuite.\u00a0Une <a href=\"https:\/\/actu.fr\/auvergne-rhone-alpes\/villeurbanne_69266\/pres-de-lyon-la-folle-course-de-la-clio-finit-en-accident-avec-un-bus-tcl-des-blesses_62443703.html\" rel=\"nofollow noopener\" target=\"_blank\">course-poursuite<\/a> \u00e0 tombeaux ouverts a d\u00e9but\u00e9, avec un suspect qui n\u2019a pas h\u00e9sit\u00e9 \u00e0 rouler \u00e0 une <strong>vitesse folle<\/strong>, comme le montre une vid\u00e9o des faits, enregistr\u00e9e par un t\u00e9moin.<\/p>\n<blockquote class=\"tiktok-embed\" cite=\"https:\/\/www.tiktok.com\/@crowley888\/video\/7492179209217903894\" data-video-id=\"7492179209217903894\" data-embed-from=\"oembed\" style=\"max-width:605px; min-width:325px;\"><p>\n<a target=\"_blank\" title=\"@crowley888\" href=\"https:\/\/www.tiktok.com\/@crowley888?refer=embed\" rel=\"nofollow noopener\">@crowley888<\/a> <\/p>\n<p>Refus d\u2019obtemp\u00e9rer \u00e0 Bron !!<a title=\"refusdobtemp\u00e9rer\" target=\"_blank\" href=\"https:\/\/www.tiktok.com\/tag\/refusdobtemp%C3%A9rer?refer=embed\" rel=\"nofollow noopener\">#refusdobtemp\u00e9rer<\/a> <a title=\"police\" target=\"_blank\" href=\"https:\/\/www.tiktok.com\/tag\/police?refer=embed\" rel=\"nofollow noopener\">#police<\/a> <a title=\"courspoursuitelyon\" target=\"_blank\" href=\"https:\/\/www.tiktok.com\/tag\/courspoursuitelyon?refer=embed\" rel=\"nofollow noopener\">#courspoursuitelyon<\/a> <a title=\"courspoursuite\" target=\"_blank\" href=\"https:\/\/www.tiktok.com\/tag\/courspoursuite?refer=embed\" rel=\"nofollow noopener\">#courspoursuite<\/a> <\/p>\n<p> <a target=\"_blank\" title=\"\u266c son original - Crowley\" href=\"https:\/\/www.tiktok.com\/music\/son-original-7492179202915060502?refer=embed\" rel=\"nofollow noopener\">\u266c son original \u2013 Crowley<\/a> <\/p>\n<\/blockquote>\n<p class=\" wall-content\">On y voit des motards de la police, ainsi qu\u2019aux moins deux \u00e9quipages, suivre tant bien que mal le<strong> fou du volant<\/strong> qui emprunte m\u00eame les voies du tramway.<\/p>\n<p>Un contrebandier<\/p>\n<p class=\" wall-content\">Le conducteur de la Renault Espace a fini par se stopper vers l\u2019arr\u00eat du tramway <a href=\"https:\/\/actu.fr\/tag\/transports-en-commun-lyonnais-tcl\" rel=\"nofollow noopener\" target=\"_blank\">TCL<\/a> Bron H\u00f4tel-de-Ville. Il a \u00e9t\u00e9 imm\u00e9diatement interpell\u00e9 par la police et plac\u00e9 en garde \u00e0 vue.<\/p>\n<p class=\" wall-content\">Dans sa voiture, <strong>une douzaine de cartons de 50 cartouches de cigarettes<\/strong> de contrebande ont \u00e9t\u00e9 saisies, selon une source proche du dossier. Mais les agents n\u2019\u00e9taient pas au bout de leurs surprises, puisqu\u2019ils ont aussi mis la main sur\u00a0une quantit\u00e9 folle de plus de <strong>3 000 cartouches<\/strong>. Une cargaison trouv\u00e9e semble-t-il dans les boxes, tout comme plusieurs milliers d\u2019euros en liquide.<\/p>\n<p class=\" wall-content\">Une <strong>enqu\u00eate<\/strong> a \u00e9t\u00e9 ouverte pour comprendre l\u2019ampleur du trafic et le r\u00f4le exact du mis en cause.<\/p>\n<p class=\" wall-content\">Suivez toute l\u2019actualit\u00e9 de vos villes et m\u00e9dias favoris en vous inscrivant \u00e0 <a href=\"https:\/\/moncompte.actu.fr\" title=\"D\u00e9couvez Mon Actu\" rel=\"nofollow noopener\" data-trk=\"{&quot;cta&quot;:{&quot;action&quot;:&quot;https:\\\/\\\/moncompte.actu.fr&quot;,&quot;category&quot;:&quot;mon compte&quot;,&quot;from&quot;:&quot;article footer&quot;,&quot;name&quot;:&quot;Mon actu&quot;,&quot;type&quot;:&quot;cta&quot;}}\" target=\"_blank\">Mon Actu<\/a>.<\/p>\n<ul class=\"ac-article-tag wall-content\">\n<li><a href=\"https:\/\/actu.fr\/tag\/refus-d-obtemperer\" data-trk=\"{&quot;cta&quot;:{&quot;action&quot;:&quot;Refus d\\u2019obtemp\\u00e9rer&quot;,&quot;category&quot;:&quot;tag&quot;,&quot;from&quot;:&quot;article footer&quot;,&quot;name&quot;:&quot;Refus d\\u2019obtemp\\u00e9rer&quot;,&quot;type&quot;:&quot;cta&quot;}}\" rel=\"nofollow noopener\" target=\"_blank\">#Refus d\u2019obtemp\u00e9rer<\/a><\/li>\n<li><a href=\"https:\/\/actu.fr\/tag\/tabac\" data-trk=\"{&quot;cta&quot;:{&quot;action&quot;:&quot;Tabac&quot;,&quot;category&quot;:&quot;tag&quot;,&quot;from&quot;:&quot;article footer&quot;,&quot;name&quot;:&quot;Tabac&quot;,&quot;type&quot;:&quot;cta&quot;}}\" rel=\"nofollow noopener\" target=\"_blank\">#Tabac<\/a><\/li>\n<\/ul>\n<p>                    <script async src=\"\/\/www.tiktok.com\/embed.js\"><\/script><\/p>\n","protected":false},"excerpt":{"rendered":"Par Julien Damboise Publi\u00e9 le 14 avr. 2025 \u00e0 11h23 Le d\u00e9but du week-end a \u00e9t\u00e9 anim\u00e9 pour&hellip;\n","protected":false},"author":2,"featured_media":24364,"comment_status":"","ping_status":"","sticky":false,"template":"","format":"standard","meta":{"footnotes":""},"categories":[1889],"tags":[1111,11,2430,1777,674,118,1011,27,2428,12,2852,25,6582],"class_list":{"0":"post-24363","1":"post","2":"type-post","3":"status-publish","4":"format-standard","5":"has-post-thumbnail","7":"category-lyon","8":"tag-actu","9":"tag-actualites","10":"tag-auvergne-rhone-alpes","11":"tag-eu","12":"tag-europe","13":"tag-faits-divers","14":"tag-fr","15":"tag-france","16":"tag-lyon","17":"tag-news","18":"tag-refus-dobtemperer","19":"tag-republique-francaise","20":"tag-tabac"},"share_on_mastodon":{"url":"https:\/\/pubeurope.com\/@fr\/114336608252156189","error":""},"_links":{"self":[{"href":"https:\/\/www.europesays.com\/fr\/wp-json\/wp\/v2\/posts\/24363","targetHints":{"allow":["GET"]}}],"collection":[{"href":"https:\/\/www.europesays.com\/fr\/wp-json\/wp\/v2\/posts"}],"about":[{"href":"https:\/\/www.europesays.com\/fr\/wp-json\/wp\/v2\/types\/post"}],"author":[{"embeddable":true,"href":"https:\/\/www.europesays.com\/fr\/wp-json\/wp\/v2\/users\/2"}],"replies":[{"embeddable":true,"href":"https:\/\/www.europesays.com\/fr\/wp-json\/wp\/v2\/comments?post=24363"}],"version-history":[{"count":0,"href":"https:\/\/www.europesays.com\/fr\/wp-json\/wp\/v2\/posts\/24363\/revisions"}],"wp:featuredmedia":[{"embeddable":true,"href":"https:\/\/www.europesays.com\/fr\/wp-json\/wp\/v2\/media\/24364"}],"wp:attachment":[{"href":"https:\/\/www.europesays.com\/fr\/wp-json\/wp\/v2\/media?parent=24363"}],"wp:term":[{"taxonomy":"category","embeddable":true,"href":"https:\/\/www.europesays.com\/fr\/wp-json\/wp\/v2\/categories?post=24363"},{"taxonomy":"post_tag","embeddable":true,"href":"https:\/\/www.europesays.com\/fr\/wp-json\/wp\/v2\/tags?post=24363"}],"curies":[{"name":"wp","href":"https:\/\/api.w.org\/{rel}","templated":true}]}}