{"id":243636,"date":"2025-07-11T23:36:14","date_gmt":"2025-07-11T23:36:14","guid":{"rendered":"https:\/\/www.europesays.com\/fr\/243636\/"},"modified":"2025-07-11T23:36:14","modified_gmt":"2025-07-11T23:36:14","slug":"les-plus-belles-terrasses-a-paris-ou-admirer-les-feux-dartifices-du-14-juillet","status":"publish","type":"post","link":"https:\/\/www.europesays.com\/fr\/243636\/","title":{"rendered":"Les plus belles terrasses \u00e0 Paris o\u00f9 admirer les feux d&rsquo;artifices du 14 juillet"},"content":{"rendered":"<p>Rendez-vous estival incontournable, le 14 juillet donne, chaque saison, l&rsquo;occasion aux parisiens d&rsquo;admirer l&rsquo;immuable d\u00e9fil\u00e9 militaire sur l&rsquo;avenue des Champs-Elys\u00e9es, mais aussi et surtout les feux d&rsquo;artifices tir\u00e9s aux pieds de la Tour Eiffel. Visite guid\u00e9e <a href=\"https:\/\/www.vogue.fr\/lifestyle\/article\/les-plus-belles-terrasses-de-lete-a-paris\" target=\"_blank\" rel=\"noopener\">des plus belles terrasses<\/a> depuis lesquelles les admirer.<\/p>\n<p><strong>La Suite Girafe<\/strong><\/p>\n<p>C\u00e9l\u00e8bre table iod\u00e9e au c\u0153ur de la <strong>Cit\u00e9 de l\u2019Architecture<\/strong>, <a href=\"https:\/\/www.vogue.fr\/lifestyle\/food\/story\/ouverture-restaurant-girafe-joesph-dirand-a-paris\/3216\" target=\"_blank\" rel=\"noopener\"><strong>Girafe<\/strong><\/a> prend de la hauteur. Coup\u00e9s de la fr\u00e9n\u00e9sie et des bruits de la ville, les visiteurs prennent place sur ce nouveau rooftop qui tutoie le ciel. Bord\u00e9 de plantes vertes et peupl\u00e9 de banquettes couleur cr\u00e8me, le lieu propose un menu marin aux influences nippones: tarama \u00e0 la truffe et oeufs de wasabi croquants, linguine au homards, hu\u00eetres fra\u00eeches\u2026 Accompagn\u00e9 de bons vins et de cocktails estivaux. Le tout \u00e0 d\u00e9guster face \u00e0 la Tour Eiffel.<br \/><a data-offer-url=\"https:\/\/girafe-restaurant.com\/la-suite-girafe\/\" class=\"external-link\" data-event-click=\"{&quot;element&quot;:&quot;ExternalLink&quot;,&quot;outgoingURL&quot;:&quot;https:\/\/girafe-restaurant.com\/la-suite-girafe\/&quot;}\" href=\"https:\/\/girafe-restaurant.com\/la-suite-girafe\/\" rel=\"nofollow noopener\" target=\"_blank\">A d\u00e9couvrir ici<\/a><\/p>\n<p>La Suite Girafe \u00e0 ParisRomain Ricard<\/p>\n<p><strong>Le Tout-Paris<\/strong><\/p>\n<p>D\u00e9cor color\u00e9 sign\u00e9 <strong>Peter Marino<\/strong> et vue \u00e0 couper le souffle sur la Seine, <a data-offer-url=\"https:\/\/www.letoutparis.fr\/?gclid=CjwKCAjw-ZCKBhBkEiwAM4qfFwgmGag1kdy9eqe1FRna0kYs1b7BvbbVChZYBS0CZGYZRRC3v4DuhBoCiqMQAvD_BwE\" class=\"external-link\" data-event-click=\"{&quot;element&quot;:&quot;ExternalLink&quot;,&quot;outgoingURL&quot;:&quot;https:\/\/www.letoutparis.fr\/?gclid=CjwKCAjw-ZCKBhBkEiwAM4qfFwgmGag1kdy9eqe1FRna0kYs1b7BvbbVChZYBS0CZGYZRRC3v4DuhBoCiqMQAvD_BwE&quot;}\" href=\"https:\/\/www.letoutparis.fr\/?gclid=CjwKCAjw-ZCKBhBkEiwAM4qfFwgmGag1kdy9eqe1FRna0kYs1b7BvbbVChZYBS0CZGYZRRC3v4DuhBoCiqMQAvD_BwE\" rel=\"nofollow noopener\" target=\"_blank\"><strong>Le Tout-Paris<\/strong><\/a> brille en t\u00eate de liste des meilleures rooftops o\u00f9 admirer le feu d&rsquo;artifices le soir du 14 juillet. Perch\u00e9 au 7\u00e8me \u00e9tage du <a href=\"https:\/\/www.vogue.fr\/lifestyle\/article\/les-nouveaux-hotels-a-connaitre-a-paris\" target=\"_blank\" rel=\"noopener\"><strong>Cheval Blanc<\/strong><\/a>, le menu, imagin\u00e9 par le chef <strong>William B\u00e9quin<\/strong>, rassemble une pi\u00e8ce de b\u0153uf et ses frites \u00ab\u00a0Pont-Neuf\u00a0\u00bb, une volaille fermi\u00e8re \u00e0 partager, des burgers ou encore un souffl\u00e9 au chocolat.\u00a0<br \/><a data-offer-url=\"https:\/\/www.chevalblanc.com\/fr\/maison\/paris\/restaurants-et-bars\/le-tout-paris\/\" class=\"external-link\" data-event-click=\"{&quot;element&quot;:&quot;ExternalLink&quot;,&quot;outgoingURL&quot;:&quot;https:\/\/www.chevalblanc.com\/fr\/maison\/paris\/restaurants-et-bars\/le-tout-paris\/&quot;}\" href=\"https:\/\/www.chevalblanc.com\/fr\/maison\/paris\/restaurants-et-bars\/le-tout-paris\/\" rel=\"nofollow noopener\" target=\"_blank\">A d\u00e9couvrir ici<\/a><\/p>\n","protected":false},"excerpt":{"rendered":"Rendez-vous estival incontournable, le 14 juillet donne, chaque saison, l&rsquo;occasion aux parisiens d&rsquo;admirer l&rsquo;immuable d\u00e9fil\u00e9 militaire sur l&rsquo;avenue&hellip;\n","protected":false},"author":2,"featured_media":243637,"comment_status":"","ping_status":"","sticky":false,"template":"","format":"standard","meta":{"footnotes":""},"categories":[1888],"tags":[1111,1928,11,1927,1777,674,1011,27,12,1926,626,1925,25,31817,2923,38334],"class_list":{"0":"post-243636","1":"post","2":"type-post","3":"status-publish","4":"format-standard","5":"has-post-thumbnail","7":"category-paris","8":"tag-actu","9":"tag-actu-paris","10":"tag-actualites","11":"tag-actualites-paris","12":"tag-eu","13":"tag-europe","14":"tag-fr","15":"tag-france","16":"tag-news","17":"tag-news-paris","18":"tag-paris","19":"tag-paris-news","20":"tag-republique-francaise","21":"tag-restaurant-paris","22":"tag-restaurants","23":"tag-terrasses-a-paris"},"share_on_mastodon":{"url":"https:\/\/pubeurope.com\/@fr\/114837230910636509","error":""},"_links":{"self":[{"href":"https:\/\/www.europesays.com\/fr\/wp-json\/wp\/v2\/posts\/243636","targetHints":{"allow":["GET"]}}],"collection":[{"href":"https:\/\/www.europesays.com\/fr\/wp-json\/wp\/v2\/posts"}],"about":[{"href":"https:\/\/www.europesays.com\/fr\/wp-json\/wp\/v2\/types\/post"}],"author":[{"embeddable":true,"href":"https:\/\/www.europesays.com\/fr\/wp-json\/wp\/v2\/users\/2"}],"replies":[{"embeddable":true,"href":"https:\/\/www.europesays.com\/fr\/wp-json\/wp\/v2\/comments?post=243636"}],"version-history":[{"count":0,"href":"https:\/\/www.europesays.com\/fr\/wp-json\/wp\/v2\/posts\/243636\/revisions"}],"wp:featuredmedia":[{"embeddable":true,"href":"https:\/\/www.europesays.com\/fr\/wp-json\/wp\/v2\/media\/243637"}],"wp:attachment":[{"href":"https:\/\/www.europesays.com\/fr\/wp-json\/wp\/v2\/media?parent=243636"}],"wp:term":[{"taxonomy":"category","embeddable":true,"href":"https:\/\/www.europesays.com\/fr\/wp-json\/wp\/v2\/categories?post=243636"},{"taxonomy":"post_tag","embeddable":true,"href":"https:\/\/www.europesays.com\/fr\/wp-json\/wp\/v2\/tags?post=243636"}],"curies":[{"name":"wp","href":"https:\/\/api.w.org\/{rel}","templated":true}]}}