{"id":243638,"date":"2025-07-11T23:37:10","date_gmt":"2025-07-11T23:37:10","guid":{"rendered":"https:\/\/www.europesays.com\/fr\/243638\/"},"modified":"2025-07-11T23:37:10","modified_gmt":"2025-07-11T23:37:10","slug":"previsions-du-samedi-12-juillet-2025-8","status":"publish","type":"post","link":"https:\/\/www.europesays.com\/fr\/243638\/","title":{"rendered":"pr\u00e9visions du samedi 12 juillet 2025"},"content":{"rendered":"<p>Aujourd&rsquo;hui, un grand soleil brillera sur Paris. Les valeurs seront de 17\u00b0C au minimum et de 30\u00b0C au maximum. Une petite brise de nord-est sera ressentie par les habitants. Dans la matin\u00e9e, les temp\u00e9ratures avoisineront les 23\u00b0C. Le temps va se r\u00e9chauffer l&rsquo;apr\u00e8s-midi avec une hausse de plusieurs degr\u00e9s. Les temp\u00e9ratures maximales pr\u00e9vues sont \u00e9lev\u00e9es, avec 30\u00b0C. Les maximales pourront atteindre 30\u00b0C tandis que les minimales seront de 28\u00b0C. Les valeurs avoisineront les 26\u00b0C dans la soir\u00e9e. Une nuit claire vous attendra entre samedi et dimanche.<\/p>\n<p>Demain, les Parisiens vont pouvoir b\u00e9n\u00e9ficier d&rsquo;un soleil radieux. C&rsquo;est une hausse de quelques degr\u00e9s que vont enregistrer les temp\u00e9ratures. Prenez garde \u00e0 la vague de chaud. Des temp\u00e9ratures de 17 \u00e0 32\u00b0C sont attendues. Les valeurs s&rsquo;\u00e9chelonneront entre 17 et 32\u00b0C. Le matin, de tr\u00e8s grosses chaleurs (entre 20\u00b0C et 30\u00b0C) sont annonc\u00e9es. Un l\u00e9ger vent de nord-est soufflera. Les temp\u00e9ratures vont conna\u00eetre une augmentation de plusieurs degr\u00e9s dans l&rsquo;apr\u00e8s-midi. La ville va souffrir des fortes chaleurs avec des temp\u00e9ratures qui devraient monter \u00e0 32\u00b0C. Demain soir, du mauvais temps est \u00e0 pr\u00e9voir. Des pluies \u00e9parses vont tomber. Les valeurs \u00e9volueront entre 24 et 30\u2009\u00b0C. Un vent de sud-ouest rafra\u00eechira un peu l&rsquo;atmosph\u00e8re.<\/p>\n<p>Les jours qui suivent s&rsquo;annoncent identiques. Il fera 29\u00b0C en moyenne pour des journ\u00e9es avec une m\u00e9t\u00e9o ensoleill\u00e9e.<\/p>\n<p><\/p>\n","protected":false},"excerpt":{"rendered":"Aujourd&rsquo;hui, un grand soleil brillera sur Paris. Les valeurs seront de 17\u00b0C au minimum et de 30\u00b0C au&hellip;\n","protected":false},"author":2,"featured_media":243639,"comment_status":"","ping_status":"","sticky":false,"template":"","format":"standard","meta":{"footnotes":""},"categories":[1888],"tags":[11,1777,674,1011,27,662,12,626,2119,25],"class_list":{"0":"post-243638","1":"post","2":"type-post","3":"status-publish","4":"format-standard","5":"has-post-thumbnail","7":"category-paris","8":"tag-actualites","9":"tag-eu","10":"tag-europe","11":"tag-fr","12":"tag-france","13":"tag-ile-de-france","14":"tag-news","15":"tag-paris","16":"tag-previsions-meteo","17":"tag-republique-francaise"},"share_on_mastodon":{"url":"https:\/\/pubeurope.com\/@fr\/114837234839840622","error":""},"_links":{"self":[{"href":"https:\/\/www.europesays.com\/fr\/wp-json\/wp\/v2\/posts\/243638","targetHints":{"allow":["GET"]}}],"collection":[{"href":"https:\/\/www.europesays.com\/fr\/wp-json\/wp\/v2\/posts"}],"about":[{"href":"https:\/\/www.europesays.com\/fr\/wp-json\/wp\/v2\/types\/post"}],"author":[{"embeddable":true,"href":"https:\/\/www.europesays.com\/fr\/wp-json\/wp\/v2\/users\/2"}],"replies":[{"embeddable":true,"href":"https:\/\/www.europesays.com\/fr\/wp-json\/wp\/v2\/comments?post=243638"}],"version-history":[{"count":0,"href":"https:\/\/www.europesays.com\/fr\/wp-json\/wp\/v2\/posts\/243638\/revisions"}],"wp:featuredmedia":[{"embeddable":true,"href":"https:\/\/www.europesays.com\/fr\/wp-json\/wp\/v2\/media\/243639"}],"wp:attachment":[{"href":"https:\/\/www.europesays.com\/fr\/wp-json\/wp\/v2\/media?parent=243638"}],"wp:term":[{"taxonomy":"category","embeddable":true,"href":"https:\/\/www.europesays.com\/fr\/wp-json\/wp\/v2\/categories?post=243638"},{"taxonomy":"post_tag","embeddable":true,"href":"https:\/\/www.europesays.com\/fr\/wp-json\/wp\/v2\/tags?post=243638"}],"curies":[{"name":"wp","href":"https:\/\/api.w.org\/{rel}","templated":true}]}}