{"id":243645,"date":"2025-07-11T23:41:10","date_gmt":"2025-07-11T23:41:10","guid":{"rendered":"https:\/\/www.europesays.com\/fr\/243645\/"},"modified":"2025-07-11T23:41:10","modified_gmt":"2025-07-11T23:41:10","slug":"les-etats-unis-sanctionnent-le-president-cubain-quatre-ans-apres-des-manifestations-historiques","status":"publish","type":"post","link":"https:\/\/www.europesays.com\/fr\/243645\/","title":{"rendered":"Les \u00c9tats-Unis sanctionnent le pr\u00e9sident cubain, quatre ans apr\u00e8s des manifestations historiques"},"content":{"rendered":"<p class=\"fig-paragraph\">Les \u00c9tats-Unis ont annonc\u00e9 vendredi 11 juillet des sanctions in\u00e9dites contre\u00a0<a href=\"http:\/\/www.lefigaro.fr\/international\/sans-surprise-miguel-diaz-canel-vers-un-second-mandat-a-la-tete-de-cuba-20230419\" target=\"_blank\" data-fig-type=\"NewsFlash\" rel=\"noopener\" data-gtm-custom-categorie=\"navigation\" data-gtm-custom-action=\"crossclick\" data-gtm-custom-label=\"Contextuel\" data-gtm-event=\"customEventSPE\" data-fig-domain=\"LEFIGARO\">le pr\u00e9sident cubain Miguel Diaz-Canel<\/a>, quatre ans tout juste apr\u00e8s les manifestations historiques contre le gouvernement qui avaient secou\u00e9 l&rsquo;\u00eele communiste. Le D\u00e9partement d&rsquo;\u00c9tat a mis en place des restrictions de visa contre le dirigeant cubain, sanctionn\u00e9 \u00abpour son r\u00f4le dans la brutalit\u00e9 du r\u00e9gime \u00e0 l&rsquo;encontre du peuple\u00bb, a indiqu\u00e9 le Secr\u00e9taire d&rsquo;\u00c9tat Marco Rubio sur son compte X. D&rsquo;autres \u00abfigures cl\u00e9 du r\u00e9gime cubain\u00bb, comme le ministre de la D\u00e9fense, Alvaro Lopez Miera, et celui de l&rsquo;Int\u00e9rieur, Alvaro Alvarez Casas, sont \u00e9galement vis\u00e9es, a-t-il pr\u00e9cis\u00e9.<\/p>\n","protected":false},"excerpt":{"rendered":"Les \u00c9tats-Unis ont annonc\u00e9 vendredi 11 juillet des sanctions in\u00e9dites contre\u00a0le pr\u00e9sident cubain Miguel Diaz-Canel, quatre ans tout&hellip;\n","protected":false},"author":2,"featured_media":243646,"comment_status":"","ping_status":"","sticky":false,"template":"","format":"standard","meta":{"footnotes":""},"categories":[1589],"tags":[11,19551,73,1866,12,1864,1865,1863,308],"class_list":{"0":"post-243645","1":"post","2":"type-post","3":"status-publish","4":"format-standard","5":"has-post-thumbnail","7":"category-etats-unis","8":"tag-actualites","9":"tag-cuba","10":"tag-etats-unis","11":"tag-etats-unis-damerique","12":"tag-news","13":"tag-united-states","14":"tag-united-states-of-america","15":"tag-us","16":"tag-usa"},"share_on_mastodon":{"url":"https:\/\/pubeurope.com\/@fr\/114837250553890018","error":""},"_links":{"self":[{"href":"https:\/\/www.europesays.com\/fr\/wp-json\/wp\/v2\/posts\/243645","targetHints":{"allow":["GET"]}}],"collection":[{"href":"https:\/\/www.europesays.com\/fr\/wp-json\/wp\/v2\/posts"}],"about":[{"href":"https:\/\/www.europesays.com\/fr\/wp-json\/wp\/v2\/types\/post"}],"author":[{"embeddable":true,"href":"https:\/\/www.europesays.com\/fr\/wp-json\/wp\/v2\/users\/2"}],"replies":[{"embeddable":true,"href":"https:\/\/www.europesays.com\/fr\/wp-json\/wp\/v2\/comments?post=243645"}],"version-history":[{"count":0,"href":"https:\/\/www.europesays.com\/fr\/wp-json\/wp\/v2\/posts\/243645\/revisions"}],"wp:featuredmedia":[{"embeddable":true,"href":"https:\/\/www.europesays.com\/fr\/wp-json\/wp\/v2\/media\/243646"}],"wp:attachment":[{"href":"https:\/\/www.europesays.com\/fr\/wp-json\/wp\/v2\/media?parent=243645"}],"wp:term":[{"taxonomy":"category","embeddable":true,"href":"https:\/\/www.europesays.com\/fr\/wp-json\/wp\/v2\/categories?post=243645"},{"taxonomy":"post_tag","embeddable":true,"href":"https:\/\/www.europesays.com\/fr\/wp-json\/wp\/v2\/tags?post=243645"}],"curies":[{"name":"wp","href":"https:\/\/api.w.org\/{rel}","templated":true}]}}