{"id":243657,"date":"2025-07-11T23:48:13","date_gmt":"2025-07-11T23:48:13","guid":{"rendered":"https:\/\/www.europesays.com\/fr\/243657\/"},"modified":"2025-07-11T23:48:13","modified_gmt":"2025-07-11T23:48:13","slug":"linkin-park-en-concert-au-stade-de-france-un-show-historique-et-une-generation-aux-anges","status":"publish","type":"post","link":"https:\/\/www.europesays.com\/fr\/243657\/","title":{"rendered":"Linkin Park en concert au Stade de France : un show historique et une g\u00e9n\u00e9ration aux anges"},"content":{"rendered":"<p class=\"paragraph text_align_left lp-f-body-02\">Et pourtant le groupe a os\u00e9 envisager une seconde vie avec, non pas un nouveau chanteur, mais une nouvelle chanteuse, Emily Armstrong, venue des obscurs Dead Sara. Une reformation officialis\u00e9e \u00e0 l\u2019automne dernier qui en d\u2019abord laiss\u00e9 beaucoup sceptiques avant d\u2019affoler les foules. Au moins chez nous, o\u00f9 le premier concert du groupe \u00e0 Paris La D\u00e9fense Arena en novembre 2024 a \u00e9t\u00e9 rempli en quelques minutes. Tout comme le Stade de France de ce vendredi soir, port\u00e9 sans doute par <a href=\"https:\/\/www.leparisien.fr\/culture-loisirs\/musique\/linkin-park-en-concert-a-paris-la-defense-arena-la-nouvelle-chanteuse-emily-armstrong-a-sidere-les-fans-03-11-2024-VUQ7CKTLYNCE5HVW3NXXQ6YUJ4.php\" target=\"_blank\" rel=\"noreferrer nofollow noopener\">les critiques enthousiastes apr\u00e8s leur premi\u00e8re date fran\u00e7aise<\/a> et la sortie de leur nouvel album \u00ab From zero \u00bb<\/p>\n","protected":false},"excerpt":{"rendered":"Et pourtant le groupe a os\u00e9 envisager une seconde vie avec, non pas un nouveau chanteur, mais une&hellip;\n","protected":false},"author":2,"featured_media":243658,"comment_status":"","ping_status":"","sticky":false,"template":"","format":"standard","meta":{"footnotes":""},"categories":[4],"tags":[11,872,1011,27,873,12,25],"class_list":{"0":"post-243657","1":"post","2":"type-post","3":"status-publish","4":"format-standard","5":"has-post-thumbnail","7":"category-france","8":"tag-actualites","9":"tag-culture-et-loisirs","10":"tag-fr","11":"tag-france","12":"tag-musique","13":"tag-news","14":"tag-republique-francaise"},"share_on_mastodon":{"url":"https:\/\/pubeurope.com\/@fr\/114837278125500789","error":""},"_links":{"self":[{"href":"https:\/\/www.europesays.com\/fr\/wp-json\/wp\/v2\/posts\/243657","targetHints":{"allow":["GET"]}}],"collection":[{"href":"https:\/\/www.europesays.com\/fr\/wp-json\/wp\/v2\/posts"}],"about":[{"href":"https:\/\/www.europesays.com\/fr\/wp-json\/wp\/v2\/types\/post"}],"author":[{"embeddable":true,"href":"https:\/\/www.europesays.com\/fr\/wp-json\/wp\/v2\/users\/2"}],"replies":[{"embeddable":true,"href":"https:\/\/www.europesays.com\/fr\/wp-json\/wp\/v2\/comments?post=243657"}],"version-history":[{"count":0,"href":"https:\/\/www.europesays.com\/fr\/wp-json\/wp\/v2\/posts\/243657\/revisions"}],"wp:featuredmedia":[{"embeddable":true,"href":"https:\/\/www.europesays.com\/fr\/wp-json\/wp\/v2\/media\/243658"}],"wp:attachment":[{"href":"https:\/\/www.europesays.com\/fr\/wp-json\/wp\/v2\/media?parent=243657"}],"wp:term":[{"taxonomy":"category","embeddable":true,"href":"https:\/\/www.europesays.com\/fr\/wp-json\/wp\/v2\/categories?post=243657"},{"taxonomy":"post_tag","embeddable":true,"href":"https:\/\/www.europesays.com\/fr\/wp-json\/wp\/v2\/tags?post=243657"}],"curies":[{"name":"wp","href":"https:\/\/api.w.org\/{rel}","templated":true}]}}