{"id":243659,"date":"2025-07-11T23:49:11","date_gmt":"2025-07-11T23:49:11","guid":{"rendered":"https:\/\/www.europesays.com\/fr\/243659\/"},"modified":"2025-07-11T23:49:11","modified_gmt":"2025-07-11T23:49:11","slug":"victor-perez-et-antoine-rozner-aux-portes-du-top-10-chris-gotterup-seul-leader-lequipe","status":"publish","type":"post","link":"https:\/\/www.europesays.com\/fr\/243659\/","title":{"rendered":"Victor Perez et Antoine Rozner aux portes du top 10, Chris Gotterup seul leader &#8211; L&#039;\u00c9quipe"},"content":{"rendered":"<ol>\n<li><a href=\"https:\/\/news.google.com\/rss\/articles\/CBMiwwFBVV95cUxPZkp5anY4bldRc2NWLWo0UVNqU1FwWlFHUUw4dHdGaDlTdnJjQWYyNUw4MnRLQWFDdUstelhRaEdNMnZBOEhzcTdQWG96TTV3aEh0aWVVaVg0Z2FvSFV4aFVnTVBnZVVWWHh1LXI0X3VWaUFBR0RmZXFCWDRGQld2TTE2d0IzY09PMUE4c3lBQVd1b1RYcDNTWmZsdkRteGRMLVR2eEI1c1hNdlVOUUpwQ05Jc0ZPR3B5X1pOcVZfX0hOREE?oc=5\" target=\"_blank\" rel=\"nofollow noopener\">Victor Perez et Antoine Rozner aux portes du top 10, Chris Gotterup seul leader<\/a>&nbsp;&nbsp;L&rsquo;\u00c9quipe<\/li>\n<li><a href=\"https:\/\/news.google.com\/rss\/articles\/CBMitwFBVV95cUxOUTFYQUdrcGc0NjhzVjNjMnpzTnY2V1NtZVlQT3pGalFSdTBWRDVDMm10cGUtZW5lZHZLemhBVmREZkNLOXM4MjNuNGFJWF82eV95WjMzdkZScWc5UUkzaXBGSl8wN1RFc2dzdWNvTjNWT0hXajk4a0hKbnpvd0dfSjE4cmRsbzF5Z28yZE56NTZLcUNEbjJjcVgycDdpSlVuUElNdmJodXB2NGZpTFRFRGU3WWhaSXM?oc=5\" target=\"_blank\" rel=\"nofollow noopener\">Victor Perez partage la t\u00eate de l&rsquo;Open d&rsquo;\u00c9cosse apr\u00e8s le premier tour<\/a>&nbsp;&nbsp;L&rsquo;\u00c9quipe<\/li>\n<li><a href=\"https:\/\/news.google.com\/rss\/articles\/CBMitAFBVV95cUxOSUkxZkhDaUw0QjJBYWN1ekxtUWtGR0M5czZYOXJJY19iUHR5SGtMTXFkbmZXVVEwUFoxQU5wZWJfcl9ydDAtZjJTR0FxVUlSd0RaOENHUDR0blFkSEYtODVQdklESlUxUFBiX3g3cHN2TjdLeUhPYlpLcnQ4Yml5dzdXakZESGt0dUVvbXJ5N2FqbmxaaVVwd3YxcHhMd3U1ZFRkSjl6R0tQeU5EMy1maUQ4Qjc?oc=5\" target=\"_blank\" rel=\"nofollow noopener\">Gotterup en feu en Ecosse, McIlroy frappe fort, Perez et Rozner dans le coup<\/a>&nbsp;&nbsp;Golf Plan\u00e8te<\/li>\n<li><a href=\"https:\/\/news.google.com\/rss\/articles\/CBMijgJBVV95cUxObnNuT19QZ2tJVzIzWXFHd000QU4wMG9tNHZiTFlldU1Na1lWeTBLZWpfSWVyWU5UYWNpOV9DSlo1aUVYTkVnbU12X0RvN1pGUHBLbUtNR3g1cEJaakZwTDRHaXJiMDZrdnBUNGhLVzNMV09feU9GdldVUGVfR2NFakwydS1zRkR1SVZvd2k3Q2JYb1FMVFNNTU1IY3hXX2JCbjlEZGV0MFNzaUpfTlFCUVpDNTNvcVdhdG5fMENDSFg2N2w1U1c0cjZkTXBMQlZMQ003Wk5CZ010aWR5SUljSmJJZzNsazFuUTVPSnp4ckpmVjVYT3liTWpybHBqai1XZVFUWHE5TllpVHZ3aEE?oc=5\" target=\"_blank\" rel=\"nofollow noopener\">Golf. Scottish Open : Chris Gotterup (Usa) en t\u00eate, Antoine Rozner et Victor Perez \u00e0 la 12e place<\/a>&nbsp;&nbsp;Ouest-France<\/li>\n<li><a href=\"https:\/\/news.google.com\/rss\/articles\/CBMi4wFBVV95cUxQeWFXYVliUW1UOHRxRlJOeXhoTHVERjNyV0R6dDhzVUxEa3Z3bkFOUmxXaGVzeUlVamxONTRZNnhZaHMwc242ajNwVnE3b0lFUEpHdjcyWlcxcmNnVG96emltcG1QeWlKNkE4UVlGajhGTjBJZ1lTeUFhR2NKYVlDM2JLUGt0UjRJeExEWnNpbTFYRkNYQURkcGZITjdSQ1pRY0xhX0c2UWZadHFqaDRERzJRb0lNMFkzNmsxZUlHWWkwS1ZQQWF0bkhZa2ZneC1PN0s3eUNOMWJJY1A1RVV1a0I2Yw?oc=5\" target=\"_blank\" rel=\"nofollow noopener\">Victor c&rsquo;est 4 birdies sur les 5 derniers trous et co-leader \u00e0 North Berwick<\/a>&nbsp;&nbsp;Orange Actualit\u00e9s | Sports<\/li>\n<\/ol>\n","protected":false},"excerpt":{"rendered":"Victor Perez et Antoine Rozner aux portes du top 10, Chris Gotterup seul leader&nbsp;&nbsp;L&rsquo;\u00c9quipe Victor Perez partage la&hellip;\n","protected":false},"author":2,"featured_media":243660,"comment_status":"","ping_status":"","sticky":false,"template":"","format":"standard","meta":{"footnotes":""},"categories":[1418],"tags":[1011,27,1472,60],"class_list":{"0":"post-243659","1":"post","2":"type-post","3":"status-publish","4":"format-standard","5":"has-post-thumbnail","7":"category-golf","8":"tag-fr","9":"tag-france","10":"tag-golf","11":"tag-sports"},"share_on_mastodon":{"url":"https:\/\/pubeurope.com\/@fr\/114837282082022028","error":""},"_links":{"self":[{"href":"https:\/\/www.europesays.com\/fr\/wp-json\/wp\/v2\/posts\/243659","targetHints":{"allow":["GET"]}}],"collection":[{"href":"https:\/\/www.europesays.com\/fr\/wp-json\/wp\/v2\/posts"}],"about":[{"href":"https:\/\/www.europesays.com\/fr\/wp-json\/wp\/v2\/types\/post"}],"author":[{"embeddable":true,"href":"https:\/\/www.europesays.com\/fr\/wp-json\/wp\/v2\/users\/2"}],"replies":[{"embeddable":true,"href":"https:\/\/www.europesays.com\/fr\/wp-json\/wp\/v2\/comments?post=243659"}],"version-history":[{"count":0,"href":"https:\/\/www.europesays.com\/fr\/wp-json\/wp\/v2\/posts\/243659\/revisions"}],"wp:featuredmedia":[{"embeddable":true,"href":"https:\/\/www.europesays.com\/fr\/wp-json\/wp\/v2\/media\/243660"}],"wp:attachment":[{"href":"https:\/\/www.europesays.com\/fr\/wp-json\/wp\/v2\/media?parent=243659"}],"wp:term":[{"taxonomy":"category","embeddable":true,"href":"https:\/\/www.europesays.com\/fr\/wp-json\/wp\/v2\/categories?post=243659"},{"taxonomy":"post_tag","embeddable":true,"href":"https:\/\/www.europesays.com\/fr\/wp-json\/wp\/v2\/tags?post=243659"}],"curies":[{"name":"wp","href":"https:\/\/api.w.org\/{rel}","templated":true}]}}