{"id":243663,"date":"2025-07-11T23:51:10","date_gmt":"2025-07-11T23:51:10","guid":{"rendered":"https:\/\/www.europesays.com\/fr\/243663\/"},"modified":"2025-07-11T23:51:10","modified_gmt":"2025-07-11T23:51:10","slug":"affaire-narjissi-florian-grill-violemment-attaque-par-lavocat-de-stephane-cambos-une-plainte-a-ete-deposee","status":"publish","type":"post","link":"https:\/\/www.europesays.com\/fr\/243663\/","title":{"rendered":"Affaire Narjissi &#8211; Florian Grill violemment attaqu\u00e9 par l\u2019avocat de St\u00e9phane Cambos : Une plainte a \u00e9t\u00e9 d\u00e9pos\u00e9e !"},"content":{"rendered":"<p>Le jeune Medhi Narjissi a disparu il y a pr\u00e8s d\u2019un an d\u00e9sormais, alors qu\u2019il se baignait sur une plage, en Afrique du Sud, avec ses co\u00e9quipiers de l\u2019\u00e9quipe de France U18.<\/p>\n<p>Emport\u00e9 par une terrible vague, le jeune fran\u00e7ais n\u2019a jamais \u00e9t\u00e9 retrouv\u00e9.<\/p>\n<p>Deux membres du staff de l\u2019\u00e9quipe de France U18 ont \u00e9t\u00e9 mis en examens : le pr\u00e9parateur physique Robin Ladauge et le manager St\u00e9phane Cambos.<\/p>\n<p>Interrog\u00e9 via <a href=\"https:\/\/www.sudouest.fr\/faits-divers\/disparition\/disparition-de-medhi-narjissi\/disparition-de-medhi-narjissi-on-a-cache-la-verite-a-la-famille-dit-l-avocat-de-stephane-cambos-25213454.php\" rel=\"nofollow noopener\" target=\"_blank\">Sud-Ouest<\/a>, Ma\u00eetre Arnaud Dupin, l\u2019avocat de St\u00e9phane Cambos a rejet\u00e9 toute la faute sur Robin Ladauge.<\/p>\n<p><strong>Aussi, l\u2019avocat de St\u00e9phane Cambos attaque frontalement la F\u00e9d\u00e9ration Fran\u00e7aise de Rugby et plus pr\u00e9cis\u00e9ment Florian Grill. Extrait:<\/strong><\/p>\n<p> Il y a quand m\u00eame des fautes qui sont mises en avant par le rapport de l\u2019IG\u00c9SR. Et ces fautes-l\u00e0, la F\u00e9d\u00e9ration fran\u00e7aise de rugby (FFR) doit aussi les assumer. Il faut que le pr\u00e9sident de la FFR prenne conscience qu\u2019il a viol\u00e9 la loi en ne respectant pas la proc\u00e9dure relative \u00e0 l\u2019accueil des mineurs. <\/p>\n<p>Si ces r\u00e8gles les plus \u00e9l\u00e9mentaires avaient \u00e9t\u00e9 respect\u00e9es, des garde-fous auraient \u00e9t\u00e9 mis en place et jamais ce drame ne se serait produit. La FFR doit r\u00e9pondre de cette totale d\u00e9sorganisation.<\/p>\n<p><strong>Il accuse d\u2019ailleurs Florian Grill d\u2019avoir effectu\u00e9 des d\u00e9nonciations calomnieuse. Il pr\u00e9cise qu\u2019une plainte a \u00e9t\u00e9 d\u00e9pos\u00e9e \u00e0 ce sujet. Extrait:<\/strong><\/p>\n<p> Je rappelle que nous avons d\u00e9pos\u00e9 plainte pour d\u00e9nonciation calomnieuse contre Florian Grill. Ce dernier a pollu\u00e9 le dossier \u00e0 partir du moment o\u00f9 il s\u2019est autoris\u00e9 \u00e0 d\u00e9signer les coupables alors m\u00eame qu\u2019une enqu\u00eate \u00e9tait en cours. <\/p>\n<p>L\u2019IG\u00c9SR a d\u2019ailleurs critiqu\u00e9 les investigations men\u00e9es par la FFR \u00e0 charge contre le staff sans ausculter ses propres manquements et pour finalement se d\u00e9responsabiliser de mani\u00e8re \u00e9hont\u00e9e. Nous \u00e9tions en p\u00e9riode \u00e9lectorale, il fallait \u00eatre r\u00e9\u00e9lu.<\/p>\n<p><strong>Il persiste et continue d\u2019incriminer Florian Grill, expliquant que le pr\u00e9sident de la FFR a voulu cacher la v\u00e9rit\u00e9 \u00e0 la famille Narjissi. Extrait:<\/strong><\/p>\n<p>St\u00e9phane Cambos a beaucoup de compassion pour la partie civile. Il est celui qui a s\u00e9lectionn\u00e9 Medhi. Ce drame hante toutes ses nuits. Il est suivi psychologiquement. Mais je dois dire que St\u00e9phane Cambos a \u00e9t\u00e9 emp\u00each\u00e9 de rentrer en contact avec la famille. Nous avons en notre possession une discussion sur WhatsApp au cours de laquelle St\u00e9phane Cambos dit tr\u00e8s vite\u00a0: \u00ab\u00a0On leur doit la v\u00e9rit\u00e9, on doit leur parler, on doit leur expliquer, mais tout de suite quand ils arrivent en Afrique du Sud.\u00a0\u00bb<\/p>\n<p>Olivier Li\u00e8vremont, le directeur technique national, ne l\u2019a pas autoris\u00e9. Florian Grill \u00e9tait dans le groupe de la discussion et n\u2019a rien dit. Plus tard, il a maintenu cette position aupr\u00e8s de St\u00e9phane Cambos. Donc, quand le pr\u00e9sident de la FFR dit \u00e0 la famille qu\u2019il n\u2019a pas donn\u00e9 de consignes, c\u2019est faux. On a cach\u00e9 la v\u00e9rit\u00e9 \u00e0 la famille. Ensuite, quand le processus judiciaire s\u2019est enclench\u00e9, il \u00e9tait difficile de contacter la partie civile, mais on s\u2019est toujours tenu \u00e0 leur disposition. St\u00e9phane Cambos est meurtri par le fait de ne pas avoir parl\u00e9 \u00e0 la famille.<\/p>\n<p><strong>Il conclut en pointant du doigt une ultime fois Florian Grill. Extrait:<\/strong><\/p>\n<p>Quand vous voyez la ligne de conduite du pr\u00e9sident bas\u00e9e la surcommunication pour surtout se d\u00e9douaner et accuser certaines personnes, quand on voit comment ils ont fait sauter St\u00e9phane Cambos \u00e0 la vitesse grand\u00a0V.<\/p>\n<p>C\u2019est \u00e9vident que, psychologiquement, les jeunes, ils se disent\u00a0: \u00ab\u00a0Si je parle, je vais sauter.\u00a0\u00bb Il ne faut pas oublier que ce sont des adolescents. Ils ont \u00e0 la fois \u00e0 endurer le traumatisme et la pression.<\/p>\n","protected":false},"excerpt":{"rendered":"Le jeune Medhi Narjissi a disparu il y a pr\u00e8s d\u2019un an d\u00e9sormais, alors qu\u2019il se baignait sur&hellip;\n","protected":false},"author":2,"featured_media":243664,"comment_status":"","ping_status":"","sticky":false,"template":"","format":"standard","meta":{"footnotes":""},"categories":[1416],"tags":[1011,27,479,1468,60],"class_list":{"0":"post-243663","1":"post","2":"type-post","3":"status-publish","4":"format-standard","5":"has-post-thumbnail","7":"category-rugby","8":"tag-fr","9":"tag-france","10":"tag-rugby","11":"tag-rugby-football","12":"tag-sports"},"share_on_mastodon":{"url":"https:\/\/pubeurope.com\/@fr\/114837290001489499","error":""},"_links":{"self":[{"href":"https:\/\/www.europesays.com\/fr\/wp-json\/wp\/v2\/posts\/243663","targetHints":{"allow":["GET"]}}],"collection":[{"href":"https:\/\/www.europesays.com\/fr\/wp-json\/wp\/v2\/posts"}],"about":[{"href":"https:\/\/www.europesays.com\/fr\/wp-json\/wp\/v2\/types\/post"}],"author":[{"embeddable":true,"href":"https:\/\/www.europesays.com\/fr\/wp-json\/wp\/v2\/users\/2"}],"replies":[{"embeddable":true,"href":"https:\/\/www.europesays.com\/fr\/wp-json\/wp\/v2\/comments?post=243663"}],"version-history":[{"count":0,"href":"https:\/\/www.europesays.com\/fr\/wp-json\/wp\/v2\/posts\/243663\/revisions"}],"wp:featuredmedia":[{"embeddable":true,"href":"https:\/\/www.europesays.com\/fr\/wp-json\/wp\/v2\/media\/243664"}],"wp:attachment":[{"href":"https:\/\/www.europesays.com\/fr\/wp-json\/wp\/v2\/media?parent=243663"}],"wp:term":[{"taxonomy":"category","embeddable":true,"href":"https:\/\/www.europesays.com\/fr\/wp-json\/wp\/v2\/categories?post=243663"},{"taxonomy":"post_tag","embeddable":true,"href":"https:\/\/www.europesays.com\/fr\/wp-json\/wp\/v2\/tags?post=243663"}],"curies":[{"name":"wp","href":"https:\/\/api.w.org\/{rel}","templated":true}]}}