{"id":243667,"date":"2025-07-11T23:54:15","date_gmt":"2025-07-11T23:54:15","guid":{"rendered":"https:\/\/www.europesays.com\/fr\/243667\/"},"modified":"2025-07-11T23:54:15","modified_gmt":"2025-07-11T23:54:15","slug":"premiers-pas-prometteurs-de-valentin-perrone-au-gp-dallemagne-moto3","status":"publish","type":"post","link":"https:\/\/www.europesays.com\/fr\/243667\/","title":{"rendered":"Premiers pas prometteurs de Valent\u00edn Perrone au GP d\u2019Allemagne Moto3"},"content":{"rendered":"<p><strong>Valent\u00edn Perrone, apr\u00e8s avoir d\u00e9croch\u00e9 son premier podium de la saison en Moto3<\/strong> avec une troisi\u00e8me place sur le circuit d\u2019Assen aux Pays-Bas, <strong>a pris part ce vendredi aux essais du Grand Prix d\u2019Allemagne<\/strong> sur le trac\u00e9 technique de Sachsenring.<\/p>\n<p><strong>Les essais de vendredi pour Perrone en Allemagne<\/strong><\/p>\n<p><strong>Perrone a d\u00e9but\u00e9 la journ\u00e9e de vendredi de fa\u00e7on difficile en Moto3<\/strong>, lors du GP d\u2019Allemagne, la 11e manche de la saison. <strong>Le jeune Argentin,<\/strong> fort de son podium \u00e0 Assen, <strong>n\u2019a pas r\u00e9ussi \u00e0 se qualifier directement pour la Q2 du samedi.<\/strong><\/p>\n<p><img data-lazyloaded=\"1\" src=\"https:\/\/www.europesays.com\/fr\/wp-content\/uploads\/2025\/07\/Premiers-pas-prometteurs-de-Valentin-Perrone-au-GP-dAllemagne-Moto3.jpg\" alt=\"Valent\u00edn Perrone lors des essais du GP d'Allemagne de Moto3.\" loading=\"lazy\" decoding=\"async\" width=\"720\" height=\"100\" style=\"color:transparent\"\/>Valent\u00edn Perrone pendant les essais du GP d\u2019Allemagne de Moto3. @valentinperrone73 sur Instagram.<\/p>\n<p><strong>Le pilote de 17 ans, \u00e9quip\u00e9 d\u2019une KTM du team Tech3, a termin\u00e9 20e de la s\u00e9ance,<\/strong> mettant un terme \u00e0 une s\u00e9rie de trois Grands Prix cons\u00e9cutifs o\u00f9 il figurait parmi les 14 meilleurs. Son dernier passage par la Q1 remonte au Grand Prix de Grande-Bretagne, o\u00f9 il avait r\u00e9ussi \u00e0 acc\u00e9der \u00e0 la phase finale, r\u00e9serv\u00e9e aux quatre premiers.<\/p>\n<p><strong>Son meilleur temps en essais, 1:23.315, est rest\u00e9 inchang\u00e9 lors de sa derni\u00e8re tentative.<\/strong> Il a fini \u00e0 1,485 seconde du leader de la session, l\u2019Espagnol David Mu\u00f1oz. La journ\u00e9e de Perrone en Allemagne se poursuivra samedi avec une deuxi\u00e8me s\u00e9ance d\u2019essais libres puis la s\u00e9ance de qualifications \u00e0 7h50. La course aura lieu dimanche \u00e0 6h00, avec une diffusion assur\u00e9e par Disney+ Premium et ESPN2.<\/p>\n<p><strong>Les impressions de Perrone apr\u00e8s une journ\u00e9e d\u00e9licate en Allemagne<\/strong><\/p>\n<p><strong>Apr\u00e8s avoir quitt\u00e9 sa KTM<\/strong> suite \u00e0 une journ\u00e9e compliqu\u00e9e en Allemagne, <strong>Perrone a partag\u00e9 ses impressions sur Instagram :<\/strong> \u00ab Premier jour difficile en Allemagne. Un circuit nouveau pour moi et je n\u2019ai pas r\u00e9ussi \u00e0 rouler confortablement aujourd\u2019hui. Pour demain, il faudra que je m\u2019am\u00e9liore, ainsi que la moto, si nous voulons \u00eatre devant. Nous connaissons notre potentiel et nous n\u2019allons pas abandonner. \u00bb<\/p>\n<p><img data-lazyloaded=\"1\" src=\"https:\/\/www.europesays.com\/fr\/wp-content\/uploads\/2025\/07\/1752263125_94_Premiers-pas-prometteurs-de-Valentin-Perrone-au-GP-dAllemagne-Moto3.jpg\" alt=\"Valent\u00edn Perrone en action durant les essais du GP d'Allemagne.\" loading=\"lazy\" decoding=\"async\" width=\"720\" height=\"100\" style=\"color:transparent\"\/>Valent\u00edn Perrone en pleine s\u00e9ance d\u2019essais lors du GP d\u2019Allemagne de Moto3. @valentinperrone73 sur Instagram.<\/p>\n<p>Au final, on se demande si Valent\u00edn ne va pas devoir devenir aussi bon en pilotage qu\u2019en communication sur Instagram pour dompter Sachsenring. En attendant, on lui souhaite de trouver rapidement ses lignes sur ce circuit, sinon on risque d\u2019entendre souvent ce refrain d\u2019\u00ab on n\u2019abandonne pas \u00bb, qui finit parfois par devenir la bande-son des pilotes en gal\u00e8re. Mais quoi qu\u2019il arrive, la jeunesse de Perrone et sa volont\u00e9 pourraient bien faire de cette saison un vrai feuilleton \u00e0 suivre de pr\u00e8s. Et qui sait, peut-\u00eatre que la KTM Tech3 nous r\u00e9serve encore quelques belles surprises\u2026 ou pas !<\/p>\n<p class=\"has-white-color has-text-color has-background has-link-color\" style=\"background-color:#b2b2b2;font-size:12px\">Cet article a \u00e9t\u00e9 g\u00e9n\u00e9r\u00e9 gr\u00e2ce \u00e0 l&rsquo;intelligence Artificielle. Chez LesNews, nos r\u00e9dacteurs exploitent l&rsquo;IA pour \u00e9laborer des articles innovants \u00e0 partir de <strong>sources fiables.<\/strong> Si vous rep\u00e9rez une image ou un contenu inappropri\u00e9, merci de nous le signaler via le <a href=\"https:\/\/lesnews.ca\/formulaire-dmca\/\" data-wpel-link=\"internal\" rel=\"nofollow noopener\" target=\"_blank\">formulaire DMCA <\/a>\u2013 nous agirons rapidement pour le corriger. \/ This article has been generated using Artificial Intelligence. At LesNews, our editors leverage AI to craft innovative articles <strong>sourced<\/strong> from <strong>reliable references<\/strong>. If you come across any image or content that appears inappropriate, please notify us through the <a href=\"https:\/\/lesnews.ca\/formulaire-dmca\/\" data-wpel-link=\"internal\" rel=\"nofollow noopener\" target=\"_blank\">DMCA form<\/a> \u2013 we will promptly take action to address it.<\/p>\n","protected":false},"excerpt":{"rendered":"Valent\u00edn Perrone, apr\u00e8s avoir d\u00e9croch\u00e9 son premier podium de la saison en Moto3 avec une troisi\u00e8me place sur&hellip;\n","protected":false},"author":2,"featured_media":243668,"comment_status":"","ping_status":"","sticky":false,"template":"","format":"standard","meta":{"footnotes":""},"categories":[1413],"tags":[1011,27,1457,1456,60],"class_list":{"0":"post-243667","1":"post","2":"type-post","3":"status-publish","4":"format-standard","5":"has-post-thumbnail","7":"category-moto","8":"tag-fr","9":"tag-france","10":"tag-moto","11":"tag-motocycle","12":"tag-sports"},"share_on_mastodon":{"url":"https:\/\/pubeurope.com\/@fr\/114837301756726435","error":""},"_links":{"self":[{"href":"https:\/\/www.europesays.com\/fr\/wp-json\/wp\/v2\/posts\/243667","targetHints":{"allow":["GET"]}}],"collection":[{"href":"https:\/\/www.europesays.com\/fr\/wp-json\/wp\/v2\/posts"}],"about":[{"href":"https:\/\/www.europesays.com\/fr\/wp-json\/wp\/v2\/types\/post"}],"author":[{"embeddable":true,"href":"https:\/\/www.europesays.com\/fr\/wp-json\/wp\/v2\/users\/2"}],"replies":[{"embeddable":true,"href":"https:\/\/www.europesays.com\/fr\/wp-json\/wp\/v2\/comments?post=243667"}],"version-history":[{"count":0,"href":"https:\/\/www.europesays.com\/fr\/wp-json\/wp\/v2\/posts\/243667\/revisions"}],"wp:featuredmedia":[{"embeddable":true,"href":"https:\/\/www.europesays.com\/fr\/wp-json\/wp\/v2\/media\/243668"}],"wp:attachment":[{"href":"https:\/\/www.europesays.com\/fr\/wp-json\/wp\/v2\/media?parent=243667"}],"wp:term":[{"taxonomy":"category","embeddable":true,"href":"https:\/\/www.europesays.com\/fr\/wp-json\/wp\/v2\/categories?post=243667"},{"taxonomy":"post_tag","embeddable":true,"href":"https:\/\/www.europesays.com\/fr\/wp-json\/wp\/v2\/tags?post=243667"}],"curies":[{"name":"wp","href":"https:\/\/api.w.org\/{rel}","templated":true}]}}