{"id":243670,"date":"2025-07-11T23:56:19","date_gmt":"2025-07-11T23:56:19","guid":{"rendered":"https:\/\/www.europesays.com\/fr\/243670\/"},"modified":"2025-07-11T23:56:19","modified_gmt":"2025-07-11T23:56:19","slug":"tdf-tour-de-france-wout-van-aert-on-pensait-que-ca-serait-favorable-a-vingegaard","status":"publish","type":"post","link":"https:\/\/www.europesays.com\/fr\/243670\/","title":{"rendered":"TDF. Tour de France &#8211; Wout Van Aert : \u00abOn pensait que \u00e7a serait favorable \u00e0 Vingegaard\u00bb"},"content":{"rendered":"<p>Une nouvelle fois, <strong>Wout Van Aert<\/strong> (Team Visma | Lease a Bike) a tent\u00e9 de venir s\u2019inviter dans l\u2019\u00e9chapp\u00e9e. En effet, le Belge de la formation <strong>Visma | Lease a Bike<\/strong> voulait int\u00e9grer l\u2019\u00e9chapp\u00e9e de cette 7e \u00e9tape du <strong><a href=\"https:\/\/www.cyclismactu.net\/..\/news-tdf-route-tour-de-france-tadej-pogacar-s-offre-7e-etape-et-jaune-une-grosse-chute-88875.html\" target=\"_blank\" rel=\"nofollow noopener\">Tour de France<\/a><\/strong> 2025 entre Saint-Malo et le c\u00e9l\u00e8bre M\u00fbr-de-Bretagne, qui a vu <strong>Tadej Pogacar<\/strong> (UAE Team Emirates-XRG) faire coup double : victoire d\u2019\u00e9tape et maillot jaune devant le co\u00e9quipier de <strong>Van Aert<\/strong>, le Danois <strong>Jonas Vingegaard<\/strong> (Team Visma | Lease a Bike), et le Britannique <strong>Oscar Onley<\/strong> (Team PicNic PostNL). Le Belge de 30 ans s\u2019est exprim\u00e9 \u00e0 l\u2019arriv\u00e9e de cette 7e \u00e9tape sur le plan de la formation n\u00e9erlandaise ce vendredi.<\/p>\n<p>Vid\u00e9o &#8211; Wout van Aert, \u00e0 l&rsquo;arriv\u00e9e de cette 7e \u00e9tape Lire la suite de l&rsquo;article&#13;<\/p>\n<p>\u00a0<\/p>\n<p>&#13;<br \/>\n<strong>\u00ab\u00a0J\u2019ai juste vu 48 de moyenne et c\u2019est pas du tout plat&#8230;\u00a0\u00bb<\/strong>&#13;<\/p>\n<p>L\u2019ancien maillot vert du <strong>Tour de France<\/strong> a d\u00e9clar\u00e9 : \u00ab\u00a0C\u2019est all\u00e9 tr\u00e8s vite, j\u2019ai juste vu 48 de moyenne, et c\u2019est pas du tout plat, donc ouais&#8230; euh, \u00e7a roule toute la journ\u00e9e, et au final, c\u2019\u00e9tait d\u00e9j\u00e0 tr\u00e8s dur la premi\u00e8re mont\u00e9e du Mur. Et oui, comme \u00e7a, c\u2019est de nouveau une bataille contre les gars du classement g\u00e9n\u00e9ral. Bah, c\u2019\u00e9tait peut-\u00eatre pour faire travailler UAE, comme \u00e7a, ils ont peut-\u00eatre moins de coureurs pour lancer la mont\u00e9e finale. Donc \u00e7a, c\u2019\u00e9tait l\u2019id\u00e9e, mais oui, ils sont assez forts, donc \u00e0 la fin, il \u00e9tait aussi l\u00e0. Oui, j\u2019ai essay\u00e9 de m\u2019\u00e9chapper une fois de plus, mais avant l\u2019\u00e9tape, je pensais que seuls les UAE Team Emirates auraient vraiment la confiance et l\u2019int\u00e9r\u00eat n\u00e9cessaires pour poursuivre une \u00e9chapp\u00e9e afin de remporter l\u2019\u00e9tape. Mais j\u2019ai rapidement vu qu\u2019Alpecin Deceuninck venait les aider, et cela a commenc\u00e9 \u00e0 devenir assez difficile pour nous de nous \u00e9chapper. Mais nous avons essay\u00e9, et ensuite, nous sommes pass\u00e9s au plan final, qui consistait \u00e0 rendre la course difficile, parce que nous pensions que cela serait favorable \u00e0 Jonas [Vingegaard]\u00a0\u00bb, conclut <strong>Wout Van Aert<\/strong> \u00e0 l\u2019arriv\u00e9e de cette 7e \u00e9tape du <strong>Tour de France<\/strong>.<\/p>\n<p>Tour de France &#8211; Classement de la 7\u00e8 \u00e9tape Tour de France &#8211; Classement g\u00e9n\u00e9ral provisoire apr\u00e8s la 7\u00e8 \u00e9tape<\/p>\n","protected":false},"excerpt":{"rendered":"Une nouvelle fois, Wout Van Aert (Team Visma | Lease a Bike) a tent\u00e9 de venir s\u2019inviter dans&hellip;\n","protected":false},"author":2,"featured_media":243671,"comment_status":"","ping_status":"","sticky":false,"template":"","format":"standard","meta":{"footnotes":""},"categories":[1411],"tags":[1154,207,211,1011,27,209,60,210,212,208,213],"class_list":{"0":"post-243670","1":"post","2":"type-post","3":"status-publish","4":"format-standard","5":"has-post-thumbnail","7":"category-cyclisme","8":"tag-cycling","9":"tag-cyclisme","10":"tag-ffc","11":"tag-fr","12":"tag-france","13":"tag-route","14":"tag-sports","15":"tag-tour-de-france","16":"tag-uci","17":"tag-velo","18":"tag-world-tour"},"share_on_mastodon":{"url":"https:\/\/pubeurope.com\/@fr\/114837309587290484","error":""},"_links":{"self":[{"href":"https:\/\/www.europesays.com\/fr\/wp-json\/wp\/v2\/posts\/243670","targetHints":{"allow":["GET"]}}],"collection":[{"href":"https:\/\/www.europesays.com\/fr\/wp-json\/wp\/v2\/posts"}],"about":[{"href":"https:\/\/www.europesays.com\/fr\/wp-json\/wp\/v2\/types\/post"}],"author":[{"embeddable":true,"href":"https:\/\/www.europesays.com\/fr\/wp-json\/wp\/v2\/users\/2"}],"replies":[{"embeddable":true,"href":"https:\/\/www.europesays.com\/fr\/wp-json\/wp\/v2\/comments?post=243670"}],"version-history":[{"count":0,"href":"https:\/\/www.europesays.com\/fr\/wp-json\/wp\/v2\/posts\/243670\/revisions"}],"wp:featuredmedia":[{"embeddable":true,"href":"https:\/\/www.europesays.com\/fr\/wp-json\/wp\/v2\/media\/243671"}],"wp:attachment":[{"href":"https:\/\/www.europesays.com\/fr\/wp-json\/wp\/v2\/media?parent=243670"}],"wp:term":[{"taxonomy":"category","embeddable":true,"href":"https:\/\/www.europesays.com\/fr\/wp-json\/wp\/v2\/categories?post=243670"},{"taxonomy":"post_tag","embeddable":true,"href":"https:\/\/www.europesays.com\/fr\/wp-json\/wp\/v2\/tags?post=243670"}],"curies":[{"name":"wp","href":"https:\/\/api.w.org\/{rel}","templated":true}]}}