{"id":243674,"date":"2025-07-11T23:58:13","date_gmt":"2025-07-11T23:58:13","guid":{"rendered":"https:\/\/www.europesays.com\/fr\/243674\/"},"modified":"2025-07-11T23:58:13","modified_gmt":"2025-07-11T23:58:13","slug":"suicide-de-patrick-dewaere-43-ans-apres-les-revelations-de-francis-huster","status":"publish","type":"post","link":"https:\/\/www.europesays.com\/fr\/243674\/","title":{"rendered":"Suicide de Patrick Dewaere : 43 ans apr\u00e8s, les r\u00e9v\u00e9lations de Francis Huster"},"content":{"rendered":"<p>      R\u00e9sum\u00e9<\/p>\n<p>Quarante-trois ans apr\u00e8s son suicide tragique, un proche de Patrick Dewaere livre des souvenirs bouleversants sur les circonstances et l&rsquo;impact de sa disparition.<\/p>\n<p>        Sommaire<\/p>\n<p><strong>C&rsquo;\u00e9tait il y a 43 ans.<\/strong> Le 16 juillet 1982, l&rsquo;acteur Patrick Dewaere, \u00e2g\u00e9 de seulement 35 ans, <a href=\"https:\/\/www.public.fr\/patrick-dewaere-les-difficiles-images-au-jt-suite-a-son-suicide-bertrand-blier-chamboule-a-l-antenne\" rel=\"nofollow noopener\" target=\"_blank\">se donnait la mort<\/a>. <a href=\"https:\/\/vsd.fr\/35605-patrick-dewaere-ca-fait-41-ans-aujourdhui-quil-nous-a-quitte\/#:~:text=1982%20%3A%20l&#039;ann%C3%A9e%20marquant%20la%20fin%20d&#039;un%20parcours%20brillant,-En%201982%2C%20il&amp;text=Cependant%2C%20le%2016%20juillet%201982,filles%20Ang%C3%A8le%20et%20Lola%20Dewaere.\" rel=\"nofollow noopener\" target=\"_blank\">Espoir majeur du cin\u00e9ma fran\u00e7ais<\/a>, l&rsquo;homme \u00e9tait victime d&rsquo;une sant\u00e9 mentale d\u00e9faillante. Celle-ci l&rsquo;a conduit au pire, et le p\u00e8re de Lola s&rsquo;est suicid\u00e9 en se tirant une balle dans la bouche. <strong>C&rsquo;est avec une carabine que lui avait offerte son ami Coluche<\/strong> que Patrick Dewaere s&rsquo;est \u00f4t\u00e9 la vie&#8230; Un geste d\u00e9sesp\u00e9r\u00e9, qui a provoqu\u00e9 une crise majeure au sein du cin\u00e9ma fran\u00e7ais.<\/p>\n<p>Quatre d\u00e9cennies plus tard, <strong>Francis Huster fend l&rsquo;armure<\/strong>. L&rsquo;homme \u00e9tait un grand ami de Patrick Dewaere. Ils ont pass\u00e9 leur enfance ensemble, et ont \u00e9t\u00e9 scolaris\u00e9s dans la m\u00eame \u00e9cole primaire. Ils se sont toujours connus, et se sont crois\u00e9s sur les tournages. Alors, forc\u00e9ment, au moment de sa mort, Patrick Dewaere <strong>a donn\u00e9 bien malgr\u00e9 lui une mission des plus effroyables<\/strong> \u00e0 son ami de toujours&#8230;<\/p>\n<p>Dans une interview accord\u00e9e \u00e0 Voici \u00e0 l&rsquo;occasion de son \u00e9mission Murder Party au Mus\u00e9e <a href=\"https:\/\/www.public.fr\/francois-berleand-est-mort-letrange-video-relayee-sur-le-compte-instagram-de-la-chaine-m6\" rel=\"nofollow noopener\" target=\"_blank\">qu&rsquo;il incarne d\u00e8s la semaine prochaine<\/a> sur M6, Francis Huster r\u00e9v\u00e8le la t\u00e2che p\u00e9rilleuse qu&rsquo;il a d\u00fb accomplir \u00e0 la mort de Patrick Dewaere. Aux c\u00f4t\u00e9s d&rsquo;un autre monstre sacr\u00e9 du cin\u00e9ma, en la personne de <strong>Claude Lelouch<\/strong>, le second r\u00f4le iconique du D\u00eener de cons&#8230;<strong> a d\u00fb aller identifier la d\u00e9pouille de son ami <\/strong>!<\/p>\n<p>Patrick Dewaere s&rsquo;est suicid\u00e9 en plein tournage<\/p>\n<p>\u00ab\u00a0Il y a des souvenirs qui sont plus horribles les uns que les autres. Le pire, c&rsquo;est avec Claude Lelouch. On \u00e9tait en pr\u00e9paration d&rsquo;Edith et Marcel. <strong>Patrick Dewaere \u00e9tait mon ami d&rsquo;enfance<\/strong>, on \u00e9tait tous les deux \u00e0 l&rsquo;\u00e9cole Louvois, \u00e0 Paris. On dit \u00e0 Claude et \u00e0 moi : il vient de se suicider et donc venez reconna\u00eetre le corps\u00a0\u00bb se souvient, toujours tr\u00e8s \u00e9mu, l&rsquo;acteur. <strong>Ce film aurait d\u00fb \u00eatre le dernier de Patrick Dewaere<\/strong>, mais il ne l&rsquo;a pas fini. Il devait incarner le r\u00f4le-titre de Marcel Cerdan&#8230;<\/p>\n<p>\u00ab\u00a0Le matin il avait \u00e9t\u00e9 \u00e0 la boxe, puisqu&rsquo;il jouait Marcel Cerdan, et <strong>on devait se voir l&rsquo;apr\u00e8s-midi<\/strong>. Il devait peut-\u00eatre y avoir un papier disant : Lelouch \u00e0 telle heure, ou je ne sais quoi.\u00a0Les policiers ont donc tout de suite t\u00e9l\u00e9phon\u00e9, et on est venus \u00e0 toute vitesse. Mon Dieu !\u00a0\u00bb s&rsquo;\u00e9meut toujours Francis Huster. Mais le pire arrive&#8230; <strong>Les policiers leur demandent de venir sur place identifier l&rsquo;acteur<\/strong>. Une sc\u00e8ne effroyable pour les deux hommes, qui ont d\u00fb se retrouver au-devant d&rsquo;un corps inerte, avec une balle en pleine bouche&#8230;<\/p>\n<p>      Mentionn\u00e9s dans cet article<\/p>\n<p>\u00c0 lire aussi<\/p>\n","protected":false},"excerpt":{"rendered":"R\u00e9sum\u00e9 Quarante-trois ans apr\u00e8s son suicide tragique, un proche de Patrick Dewaere livre des souvenirs bouleversants sur les&hellip;\n","protected":false},"author":2,"featured_media":243675,"comment_status":"","ping_status":"","sticky":false,"template":"","format":"standard","meta":{"footnotes":""},"categories":[1359],"tags":[6943,58,59,1011,27,1195,18,38337,973,5748],"class_list":{"0":"post-243674","1":"post","2":"type-post","3":"status-publish","4":"format-standard","5":"has-post-thumbnail","7":"category-people","8":"tag-claude-lelouch","9":"tag-divertissement","10":"tag-entertainment","11":"tag-fr","12":"tag-france","13":"tag-francis-huster","14":"tag-mort","15":"tag-patrick-dewaere","16":"tag-people","17":"tag-suicide"},"share_on_mastodon":{"url":"https:\/\/pubeurope.com\/@fr\/114837317385544618","error":""},"_links":{"self":[{"href":"https:\/\/www.europesays.com\/fr\/wp-json\/wp\/v2\/posts\/243674","targetHints":{"allow":["GET"]}}],"collection":[{"href":"https:\/\/www.europesays.com\/fr\/wp-json\/wp\/v2\/posts"}],"about":[{"href":"https:\/\/www.europesays.com\/fr\/wp-json\/wp\/v2\/types\/post"}],"author":[{"embeddable":true,"href":"https:\/\/www.europesays.com\/fr\/wp-json\/wp\/v2\/users\/2"}],"replies":[{"embeddable":true,"href":"https:\/\/www.europesays.com\/fr\/wp-json\/wp\/v2\/comments?post=243674"}],"version-history":[{"count":0,"href":"https:\/\/www.europesays.com\/fr\/wp-json\/wp\/v2\/posts\/243674\/revisions"}],"wp:featuredmedia":[{"embeddable":true,"href":"https:\/\/www.europesays.com\/fr\/wp-json\/wp\/v2\/media\/243675"}],"wp:attachment":[{"href":"https:\/\/www.europesays.com\/fr\/wp-json\/wp\/v2\/media?parent=243674"}],"wp:term":[{"taxonomy":"category","embeddable":true,"href":"https:\/\/www.europesays.com\/fr\/wp-json\/wp\/v2\/categories?post=243674"},{"taxonomy":"post_tag","embeddable":true,"href":"https:\/\/www.europesays.com\/fr\/wp-json\/wp\/v2\/tags?post=243674"}],"curies":[{"name":"wp","href":"https:\/\/api.w.org\/{rel}","templated":true}]}}