{"id":243684,"date":"2025-07-12T00:03:27","date_gmt":"2025-07-12T00:03:27","guid":{"rendered":"https:\/\/www.europesays.com\/fr\/243684\/"},"modified":"2025-07-12T00:03:27","modified_gmt":"2025-07-12T00:03:27","slug":"le-film-jujutsu-kaisen-tresor-cache-mort-prematuree-a-sa-date-de-sortie-francaise-au-cinema-11-juillet-2025","status":"publish","type":"post","link":"https:\/\/www.europesays.com\/fr\/243684\/","title":{"rendered":"Le film JUJUTSU KAISEN: Tr\u00e9sor cach\u00e9 \/ Mort pr\u00e9matur\u00e9e a sa date de sortie fran\u00e7aise au cin\u00e9ma, 11 Juillet 2025"},"content":{"rendered":"<p style=\"text-align: justify;\">Pr\u00e9vu dans nos cin\u00e9mas cet \u00e9t\u00e9 gr\u00e2ce \u00e0 <strong>Crunchyroll<\/strong>\u00a0et \u00e0 <strong>Sony Pictures Entertainment<\/strong>, le film compilation <strong><a href=\"https:\/\/www.manga-news.com\/index.php\/dvd\/Jujutsu-Kaisen-Tresor-cache-\/-Mort-prematuree-Film\" target=\"_blank\" rel=\"noopener\">JUJUTSU KAISEN : Tr\u00e9sor cach\u00e9 \/ Mort pr\u00e9matur\u00e9e \u2013 Le Film<\/a><\/strong> poss\u00e8de d\u00e9sormais sa date de sortie sur grand \u00e9cran: il aura droit \u00e0 des s\u00e9ances-\u00e9v\u00e9nements exclusivement les <strong>9 et 10 ao\u00fbt 2025<\/strong>, en japonais sous-titr\u00e9 fran\u00e7ais.<\/p>\n<p>Ce film compilation de l\u2019arc \u00ab Tr\u00e9sor cach\u00e9 \/ Mort pr\u00e9matur\u00e9e \u00bb de la s\u00e9rie \u00e0 succ\u00e8s <a href=\"https:\/\/www.manga-news.com\/index.php\/dvd\/Jujutsu-Kaisen\" target=\"_blank\" rel=\"noopener\">JUJUTSU KAISEN<\/a> se concentre sur la jeunesse et le lien profond entre Satoru Gojo et Suguro Geto, mis \u00e0 l\u2019\u00e9preuve lors d\u2019une mission fatidique. Pour sa sortie au cin\u00e9ma, il b\u00e9n\u00e9ficiera d\u2019un son remix\u00e9 pour une exp\u00e9rience immersive sur grand \u00e9cran.\u00a0<\/p>\n<p>L\u2019anime, produit par Toho animation et anim\u00e9 par le <a href=\"https:\/\/www.manga-news.com\/index.php\/auteur\/MAPPA\" target=\"_blank\" rel=\"noopener\">studio MAPPA<\/a>, est bas\u00e9 sur le <a href=\"https:\/\/www.manga-news.com\/index.php\/serie\/Jujutsu-Kaisen\" target=\"_blank\" rel=\"noopener\">manga \u00e9ponyme<\/a> de <a href=\"https:\/\/www.manga-news.com\/index.php\/auteur\/AKUTAMI-Gege\" target=\"_blank\" rel=\"noopener\">Gege Akutami<\/a>, publi\u00e9 en France par les \u00e9ditions Ki-oon. Devenue un ph\u00e9nom\u00e8ne mondial, la s\u00e9rie a conclu sa <a href=\"https:\/\/www.manga-news.com\/index.php\/dvd\/Jujutsu-Kaisen-Saison-2\" target=\"_blank\" rel=\"noopener\">deuxi\u00e8me saison<\/a> en d\u00e9cembre 2023. JUJUTSU KAISEN : Tr\u00e9sor cach\u00e9 \/ Mort pr\u00e9matur\u00e9e \u2013 Le Film est la nouvelle sortie de la franchise, et le premier long m\u00e9trage \u00e0 \u00eatre diffus\u00e9 au cin\u00e9ma depuis <a href=\"https:\/\/www.manga-news.com\/index.php\/dvd\/Jujutsu-Kaisen-Film\" target=\"_blank\" rel=\"noopener\">JUJUTSU KAISEN 0<\/a>. Par ailleurs, les deux premi\u00e8res saisons et le film JUJUTSU KAISEN 0 sont toujours disponibles sur Crunchyroll.<\/p>\n<p style=\"text-align: center;\"><img decoding=\"async\" src=\"https:\/\/www.europesays.com\/fr\/wp-content\/uploads\/2025\/07\/Jujutsu-Kaisen-Tresor-cache-film-visual.webp.webp\" alt=\"\" style=\"width: 100%; max-width: 486px; height: auto; max-height: 686px;\"\/><\/p>\n<p style=\"text-align: justify;\">Synopsis :<\/p>\n<p>Avant d&rsquo;\u00eatre ennemis, Satoru Gojo et Suguru Geto \u00e9taient camarades de classe et amis au lyc\u00e9e. Les deux puissants exorcistes sont charg\u00e9s de prot\u00e9ger Riko Amanai, une \u00e9tudiante qui a \u00e9t\u00e9 d\u00e9sign\u00e9e pour \u00eatre sacrifi\u00e9e en tant que R\u00e9ceptacle du Plasma stellaire, jusqu&rsquo;\u00e0 ce qu&rsquo;elle puisse accomplir son devoir. Poursuivis par une secte religieuse et d&rsquo;autres ma\u00eetres des fl\u00e9aux, ils sont les seuls exorcistes capables de mener \u00e0 bien une mission si difficile \u2013 mais cette mission scellera leurs destins et mettra les deux exorcistes \u00e0 l&rsquo;\u00e9preuve de mani\u00e8re inimaginable.<\/p>\n","protected":false},"excerpt":{"rendered":"Pr\u00e9vu dans nos cin\u00e9mas cet \u00e9t\u00e9 gr\u00e2ce \u00e0 Crunchyroll\u00a0et \u00e0 Sony Pictures Entertainment, le film compilation JUJUTSU KAISEN&hellip;\n","protected":false},"author":2,"featured_media":243685,"comment_status":"","ping_status":"","sticky":false,"template":"","format":"standard","meta":{"footnotes":""},"categories":[1354],"tags":[1111,47,2566,58,59,1346,1011,27,1922,38340,6681,6683,2567,6682,1360,1404],"class_list":{"0":"post-243684","1":"post","2":"type-post","3":"status-publish","4":"format-standard","5":"has-post-thumbnail","7":"category-films","8":"tag-actu","9":"tag-actualite","10":"tag-anime","11":"tag-divertissement","12":"tag-entertainment","13":"tag-films","14":"tag-fr","15":"tag-france","16":"tag-info","17":"tag-le-film-jujutsu-kaisen-tresor-cache-mort-prematuree-a-sa-date-de-sortie-francaise-au-cinema","18":"tag-manga","19":"tag-manga-news","20":"tag-manga-news-com","21":"tag-mangas","22":"tag-movies","23":"tag-quotidien"},"share_on_mastodon":{"url":"https:\/\/pubeurope.com\/@fr\/114837337155754522","error":""},"_links":{"self":[{"href":"https:\/\/www.europesays.com\/fr\/wp-json\/wp\/v2\/posts\/243684","targetHints":{"allow":["GET"]}}],"collection":[{"href":"https:\/\/www.europesays.com\/fr\/wp-json\/wp\/v2\/posts"}],"about":[{"href":"https:\/\/www.europesays.com\/fr\/wp-json\/wp\/v2\/types\/post"}],"author":[{"embeddable":true,"href":"https:\/\/www.europesays.com\/fr\/wp-json\/wp\/v2\/users\/2"}],"replies":[{"embeddable":true,"href":"https:\/\/www.europesays.com\/fr\/wp-json\/wp\/v2\/comments?post=243684"}],"version-history":[{"count":0,"href":"https:\/\/www.europesays.com\/fr\/wp-json\/wp\/v2\/posts\/243684\/revisions"}],"wp:featuredmedia":[{"embeddable":true,"href":"https:\/\/www.europesays.com\/fr\/wp-json\/wp\/v2\/media\/243685"}],"wp:attachment":[{"href":"https:\/\/www.europesays.com\/fr\/wp-json\/wp\/v2\/media?parent=243684"}],"wp:term":[{"taxonomy":"category","embeddable":true,"href":"https:\/\/www.europesays.com\/fr\/wp-json\/wp\/v2\/categories?post=243684"},{"taxonomy":"post_tag","embeddable":true,"href":"https:\/\/www.europesays.com\/fr\/wp-json\/wp\/v2\/tags?post=243684"}],"curies":[{"name":"wp","href":"https:\/\/api.w.org\/{rel}","templated":true}]}}