{"id":243686,"date":"2025-07-12T00:04:14","date_gmt":"2025-07-12T00:04:14","guid":{"rendered":"https:\/\/www.europesays.com\/fr\/243686\/"},"modified":"2025-07-12T00:04:14","modified_gmt":"2025-07-12T00:04:14","slug":"lars-ferme-un-reseau-specialise-dans-la-sante-mentale","status":"publish","type":"post","link":"https:\/\/www.europesays.com\/fr\/243686\/","title":{"rendered":"l\u2019ARS ferme un r\u00e9seau sp\u00e9cialis\u00e9 dans la sant\u00e9 mentale"},"content":{"rendered":"<p>Il vit ses derniers mois. Son \u00e9quipe a beau s\u2019\u00eatre d\u00e9men\u00e9e pour essayer de d\u00e9crocher des financements priv\u00e9s, \u00ab\u00a0nous n\u2019en avons pas trouv\u00e9\u00a0\u00bb, regrette Mathilde Dublineau, docteure en psychologie et directrice du r\u00e9seau Na\u00eetre et bien-\u00eatre. Avec la fermeture de ce r\u00e9seau, l\u2019\u00c9tat va r\u00e9aliser quelques \u00e9conomies, 274\u00a0000\u00a0euros allou\u00e9s, en 2024, par l\u2019Agence r\u00e9gionale de sant\u00e9 (ARS) qui le finan\u00e7ait depuis pr\u00e8s de 20 ans.<\/p>\n<p>  Un dispositif unique en France<\/p>\n<p>C\u2019est l\u2019ARS qui avait \u00e9t\u00e9 \u00e0 l\u2019origine du d\u00e9ploiement, \u00e0 Saint-\u00c9tienne, de cette association sp\u00e9cialis\u00e9e, entre autres, dans la prise en charge des troubles du b\u00e9b\u00e9 de 0 \u00e0 3 ans, la prise en charge, \u00e9galement, des souffrances parentales, et le d\u00e9pistage pr\u00e9coce des troubles d\u00e9veloppementaux du nourrisson.<\/p>\n<p>20 ans plus tard, c\u2019est cette m\u00eame institution qui a act\u00e9, en mai dernier, sa d\u00e9cision de la fermer. Un coup dur pour toute l\u2019\u00e9quipe qui reste sid\u00e9r\u00e9e par les arguments que fait valoir, dans un courrier, le minist\u00e8re de la Sant\u00e9, pour justifier sa d\u00e9cision. \u00ab\u00a0Ils \u00e9voquent le fait que nous couvrions qu\u2019une partie du territoire r\u00e9gional. Cette sectorisation, limit\u00e9e au sud de la Loire, c\u2019\u00e9tait l\u2019ARS qui l\u2019avait voulue, observe Mathilde Dublineau. Si des familles, qui n\u2019habitaient pas le secteur, faisaient appel\u00a0\u00e0 l\u2019association, nous cherchions pour elles des prises en charge. Nous avons, par exemple, beaucoup collabor\u00e9 avec le Centre m\u00e9dico-psychologique de Monistrol-sur-Loire. Nous menions un vrai travail d\u2019orientation.\u00a0\u00bb<\/p>\n<p>Mais pas seulement. \u00ab\u00a0P\u00e9diatres, gyn\u00e9cologues, sages-femmes, g\u00e9n\u00e9ralistes, PMI, professionnels hospitaliers, commissariats, tous avaient nos coordonn\u00e9es. S\u2019ils croisaient, dans leurs pratiques, des parents ou des b\u00e9b\u00e9s confront\u00e9s \u00e0 des souffrances, ils nous les adressaient.\u00a0\u00bb<\/p>\n<p>  De nombreuses probl\u00e9matiques prises en charge<\/p>\n<p>Des souffrances qui pouvaient prendre de multiples noms. \u00ab\u00a0Ce pouvait \u00eatre des d\u00e9pressions post-partum de la maman, du papa, des deuils dans la famille, des violences conjugales.\u00a0\u00bb Une parentalit\u00e9 qui remuait trop et faisait ressurgir \u00e0 la surface des traumatismes de l\u2019enfance enfouis. \u00ab\u00a0J\u2019ai aussi eu en consultation un couple qui venait de perdre sa maison dans un incendie. C\u2019est tout \u00e9v\u00e9nement douloureux, traumatique, qui surgissait au moment de la grossesse\u00a0\u00bb, r\u00e9sume Mathilde Dublineau qui a d\u2019autant plus de mal \u00e0 accepter cette d\u00e9cision que la sant\u00e9 mentale a \u00e9t\u00e9 d\u00e9cr\u00e9t\u00e9e \u00ab\u00a0grande cause nationale 2025\u00a0\u00bb. \u00ab\u00a0C\u2019est incompr\u00e9hensible de sabrer cette m\u00eame ann\u00e9e un dispositif de pr\u00e9vention ultra-efficace.\u00a0\u00bb Et dont la fermeture pourrait avoir de\u00a0lourdes cons\u00e9quences, notamment pour les tout-petits.<\/p>\n<p>  \u00ab\u00a0L\u2019ARS finan\u00e7ait cinq consultations chez les psy lib\u00e9raux\u00a0\u00bb <\/p>\n<p>Dans ses locaux situ\u00e9s rue Gambetta, \u00e0 Saint-\u00c9tienne, elle ne compte plus, depuis 20 ans, le nombre de b\u00e9b\u00e9s accueillis, souffrant de troubles alimentaires, du sommeil, de probl\u00e8mes de comportement, de retards de d\u00e9veloppement.<\/p>\n<p>Des petits bouts re\u00e7us, soit en consultation\u00a0au sein de l\u2019association, soit confi\u00e9s \u00e0 des psy lib\u00e9raux sp\u00e9cialis\u00e9s en p\u00e9rinatalit\u00e9. \u00ab\u00a0L\u2019ARS finan\u00e7ait cinq consultations chez les psy lib\u00e9raux et prenait en charge les patients re\u00e7us au sein de Na\u00eetre et bien-\u00eatre.\u00a0\u00bb<\/p>\n<p>  Moins de b\u00e9b\u00e9s pris en charge pour des malades psychiatriques<\/p>\n<p>Ce sont 767 familles que le r\u00e9seau avait accompagn\u00e9es en 2024 dont 47 en situation de pr\u00e9carit\u00e9, \u00ab\u00a0avec un d\u00e9lai de prise en charge de 21 jours max\u00a0\u00bb, insiste sa directrice qui reste convaincue que ce r\u00e9seau jouait parfaitement bien son r\u00f4le. \u00ab\u00a0S\u2019il ne fallait qu\u2019un chiffre pour le prouver, c\u2019est la pr\u00e9valence de maladies psychiques en 2022 dans le d\u00e9partement\u00a0: 0,24\u00a0% dans la Loire contre 0,52\u00a0% dans le Rh\u00f4ne. Des chiffres disponibles sur le site Ameli.fr\u00a0\u00bb, souligne Mathilde Dublineau, inqui\u00e8te pour toutes ces familles qui ne pourront plus b\u00e9n\u00e9ficier des actions du r\u00e9seau.<\/p>\n<p>\u00ab\u00a0Dans son courrier, le minist\u00e8re de la Sant\u00e9 cite d\u2019autres dispositifs pour am\u00e9liorer la prise en charge des d\u00e9pressions parentales et des troubles de d\u00e9veloppement de l\u2019enfant <a href=\"https:\/\/www.leprogres.fr\/sante\/2025\/05\/06\/mon-soutien-psy-une-aide-en-cas-de-coup-de-mou-boudee-par-les-psy\" target=\"_blank\" rel=\"nofollow noopener\">comme Mon soutien Psy<\/a> mais il ne s\u2019adresse malheureusement pas aux enfants de moins de 3 ans, rel\u00e8ve le docteur C\u00e9cile Revelli, pr\u00e9sidente du R\u00e9seau. Y sont aussi cit\u00e9es les plateformes de coordination et d\u2019orientation. Si elles permettent bien le financement d\u2019actes de soins psychiques, c\u2019est uniquement dans le cadre de troubles du neurod\u00e9veloppement et non dans celui de la psychopathologie p\u00e9rinatale.\u00a0\u00bb<\/p>\n<p>\u00ab\u00a0On nous ferme, au risque d\u2019avoir des b\u00e9b\u00e9s qui auront tard\u00e9 \u00e0 \u00eatre pris en charge et qui n\u00e9cessiteront plus tard des soins plus lourds et donc plus on\u00e9reux pour la soci\u00e9t\u00e9\u00a0\u00bb, analyse la docteure en psychologie. Des \u00e9conomies qui n\u2019en seront pas.<\/p>\n<p class=\"chiffre\">767<\/p>\n<p> C\u2019est le nombre de familles que le r\u00e9seau Na\u00eetre et bien-\u00eatre assure avoir accompagn\u00e9 en 2024 <\/p>\n","protected":false},"excerpt":{"rendered":"Il vit ses derniers mois. Son \u00e9quipe a beau s\u2019\u00eatre d\u00e9men\u00e9e pour essayer de d\u00e9crocher des financements priv\u00e9s,&hellip;\n","protected":false},"author":2,"featured_media":243687,"comment_status":"","ping_status":"","sticky":false,"template":"","format":"standard","meta":{"footnotes":""},"categories":[10],"tags":[7539,1011,27,72,3367,4001,7538,71],"class_list":{"0":"post-243686","1":"post","2":"type-post","3":"status-publish","4":"format-standard","5":"has-post-thumbnail","7":"category-sante","8":"tag-edition-loire-sud","9":"tag-fr","10":"tag-france","11":"tag-health","12":"tag-loire","13":"tag-saint-etienne","14":"tag-saint-etienne-ville","15":"tag-sante"},"share_on_mastodon":{"url":"https:\/\/pubeurope.com\/@fr\/114837341040014523","error":""},"_links":{"self":[{"href":"https:\/\/www.europesays.com\/fr\/wp-json\/wp\/v2\/posts\/243686","targetHints":{"allow":["GET"]}}],"collection":[{"href":"https:\/\/www.europesays.com\/fr\/wp-json\/wp\/v2\/posts"}],"about":[{"href":"https:\/\/www.europesays.com\/fr\/wp-json\/wp\/v2\/types\/post"}],"author":[{"embeddable":true,"href":"https:\/\/www.europesays.com\/fr\/wp-json\/wp\/v2\/users\/2"}],"replies":[{"embeddable":true,"href":"https:\/\/www.europesays.com\/fr\/wp-json\/wp\/v2\/comments?post=243686"}],"version-history":[{"count":0,"href":"https:\/\/www.europesays.com\/fr\/wp-json\/wp\/v2\/posts\/243686\/revisions"}],"wp:featuredmedia":[{"embeddable":true,"href":"https:\/\/www.europesays.com\/fr\/wp-json\/wp\/v2\/media\/243687"}],"wp:attachment":[{"href":"https:\/\/www.europesays.com\/fr\/wp-json\/wp\/v2\/media?parent=243686"}],"wp:term":[{"taxonomy":"category","embeddable":true,"href":"https:\/\/www.europesays.com\/fr\/wp-json\/wp\/v2\/categories?post=243686"},{"taxonomy":"post_tag","embeddable":true,"href":"https:\/\/www.europesays.com\/fr\/wp-json\/wp\/v2\/tags?post=243686"}],"curies":[{"name":"wp","href":"https:\/\/api.w.org\/{rel}","templated":true}]}}