{"id":243689,"date":"2025-07-12T00:06:12","date_gmt":"2025-07-12T00:06:12","guid":{"rendered":"https:\/\/www.europesays.com\/fr\/243689\/"},"modified":"2025-07-12T00:06:12","modified_gmt":"2025-07-12T00:06:12","slug":"george-clooney-apercu-dans-un-restaurant-a-la-ciotat-avec-son-epouse-amal-et-leurs-jumeaux","status":"publish","type":"post","link":"https:\/\/www.europesays.com\/fr\/243689\/","title":{"rendered":"George Clooney aper\u00e7u dans un restaurant \u00e0 La Ciotat avec son \u00e9pouse Amal et leurs jumeaux"},"content":{"rendered":"<p>    George et Amal Clooney arrivent pour les King\u2019s Trust and TKMaxx &amp; Homesense Awards au Royal Festival Hall. (Londres, le 26 juin 2025.)<br \/>\n                Neil Mockford \/ GC Images<\/p>\n<p>Ce jeudi 10 juillet, George et Amal Clooney ont d\u00e9jeun\u00e9 dans un restaurant \u00e0 La Ciotat, pr\u00e8s de Marseille. L\u2019acteur am\u00e9ricain a pris le temps de discuter avec le personnel de l\u2019\u00e9tablissement, agr\u00e9ablement surpris par sa \u00absimplicit\u00e9\u00bb.<\/p>\n<p class=\"fig-paragraph\">Les chefs cuisiniers et serveurs de La Crique, un restaurant m\u00e9diterran\u00e9en de la Ciotat, ont sans doute clign\u00e9 des yeux plus d\u2019une fois ce jeudi 10 juillet aux alentours de midi, lorsque\u00a0<a href=\"https:\/\/madame.lefigaro.fr\/tag\/george-clooney\" target=\"_blank\" rel=\"sponsored noopener\" data-gtm-custom-categorie=\"navigation\" data-gtm-custom-action=\"crossclick\" data-gtm-custom-label=\"Contextuel\" data-gtm-event=\"customEventSPE\">George Clooney<\/a>\u00a0himself, son \u00e9pouse Amal, ainsi que leurs jumeaux Ella et Alexander, ont franchi les portes de leur \u00e9tablissement pour d\u00e9jeuner en terrasse. Il ne s\u2019agissait pourtant pas d\u2019une hallucination\u00a0: l\u2019acteur am\u00e9ricain et sa famille passent actuellement quelques jours de vacances dans leur bastide \u00e0 Brignoles, dans le Var, \u00e0 seulement 80 kilom\u00e8tres de La Ciotat.<\/p>\n<p class=\"fig-paragraph\">George et Amal Clooney l\u2019ont acquise il y a trois ans pour la somme de 8 millions d\u2019euros. Cette somptueuse demeure du XVIIIe si\u00e8cle, enti\u00e8rement r\u00e9nov\u00e9e, est entour\u00e9e d\u2019un domaine de 172 hectares comprenant une oliveraie, cinq hectares de vignes, un lac priv\u00e9, ainsi qu\u2019une piscine et un court de tennis.<\/p>\n<p>                                    <a class=\"fig-a11y-skip a11y-hidden\" href=\"#fig-a11y-skip-main-inarticle\"><br \/>\n        Passer la publicit\u00e9<br \/>\n    <\/a><\/p>\n<p>George Clooney \u00abtr\u00e8s gentil et accessible\u00bb<\/p>\n<p class=\"fig-paragraph\">Apr\u00e8s une balade ensoleill\u00e9e sur les c\u00f4tes de La Ciotat, ce jeudi matin, l\u2019acteur am\u00e9ricain et son \u00e9pouse ont jet\u00e9 leur d\u00e9volu sur La Crique, un restaurant au cadre intimiste. \u00abBeaucoup appr\u00e9cient la tranquillit\u00e9 de notre terrasse, o\u00f9 l\u2019on peut voir la mer sans \u00eatre vu\u00bb, souligne un repr\u00e9sentant de l\u2019\u00e9tablissement dans les colonnes de<a href=\"https:\/\/www.laprovence.com\/article\/societe\/1195403052560414\/un-client-comme-les-autres-george-clooney-invite-surprise-dun-restaurant-du-bord-de-mer-de-la-ciotat\" target=\"_blank\" rel=\"sponsored noopener\" data-gtm-custom-categorie=\"navigation\" data-gtm-custom-action=\"crossclick\" data-gtm-custom-label=\"Contextuel\" data-gtm-event=\"customEventSPE\">\u00a0La Provence.\u00a0<\/a> Plusieurs stars, \u00e0 l\u2019instar de Line Renaud, y ont d\u00e9j\u00e0 d\u00e9jeun\u00e9 ou d\u00een\u00e9, \u00abmais jamais quelqu\u2019un d\u2019une renomm\u00e9e mondiale comme celle de Monsieur Clooney\u00bb, pr\u00e9cise cette m\u00eame personne.<\/p>\n<p class=\"fig-body-link&#10;    \">\n            \u00c0 lire aussi<br \/>\n        <a class=\"fig-body-link__link\" href=\"http:\/\/madame.lefigaro.fr\/celebrites\/actu-people\/cette-regle-drastique-mais-absolument-geniale-qu-amal-et-george-clooney-imposent-lorsqu-ils-recoivent-chez-eux-20250705\" data-fig-type=\"Article\" data-gtm-custom-categorie=\"navigation\" data-gtm-custom-action=\"crossclick\" data-gtm-custom-label=\"Contextuel\" data-gtm-event=\"customEventSPE\" data-fig-domain=\"MADAME\" target=\"_blank\" rel=\"noopener\">Cette r\u00e8gle drastique (mais g\u00e9niale) qu\u2019Amal et George Clooney imposent lorsqu\u2019ils re\u00e7oivent chez eux<\/a>\n<\/p>\n<p class=\"fig-paragraph\">Malgr\u00e9 sa notori\u00e9t\u00e9, George Clooney a \u00e9t\u00e9 trait\u00e9 comme \u00abn\u2019importe quel autre client\u00bb et a pu \u00abd\u00e9jeuner en paix\u00bb avec Amal et leurs jumeaux. \u00abOn a quand m\u00eame d\u00fb expliquer \u00e0 quelques clients que non, on ne pouvait pas demander une photo \u00e0 George Clooney alors qu\u2019il venait de commencer son repas, pr\u00e9cise le g\u00e9rant du restaurant, toujours aupr\u00e8s de La Provence. Mais dans l\u2019ensemble tout le monde les a laiss\u00e9s profiter du moment\u00bb. Apr\u00e8s avoir d\u00e9gust\u00e9 le poisson du jour, l\u2019acteur, \u00abtr\u00e8s gentil et accessible\u00bb, a accept\u00e9 de prendre quelques photos avec les employ\u00e9s de La Crique.<\/p>\n<p class=\"fig-paragraph\">L\u2019\u00e9tablissement a partag\u00e9 un de ces clich\u00e9s sur sa page Instagram officielle. George Clooney y appara\u00eet en mode vacances, lunettes de soleil viss\u00e9es sur le nez, v\u00eatu d\u2019un simple polo blanc, d\u2019un pantalon camel et de mocassins assortis. \u00abMerci \u00e0 M. George Clooney pour son escale \u00e0 La Crique\u00a0! Notre \u00e9quipe \u00e9tait ravie de pouvoir vous accueillir\u00a0!\u00bb, a \u00e9crit le personnel du restaurant en l\u00e9gende, avant d\u2019ajouter, avec humour\u00a0: \u00abPS\u00a0: on vous rassure\u00a0: il n\u2019est pas venu uniquement pour le caf\u00e9\u00bb. Un sans-faute pour Mister Clooney.<\/p>\n","protected":false},"excerpt":{"rendered":"George et Amal Clooney arrivent pour les King\u2019s Trust and TKMaxx &amp; Homesense Awards au Royal Festival Hall.&hellip;\n","protected":false},"author":2,"featured_media":243690,"comment_status":"","ping_status":"","sticky":false,"template":"","format":"standard","meta":{"footnotes":""},"categories":[8],"tags":[58,59,1011,27,6054,1340,7506],"class_list":{"0":"post-243689","1":"post","2":"type-post","3":"status-publish","4":"format-standard","5":"has-post-thumbnail","7":"category-divertissement","8":"tag-divertissement","9":"tag-entertainment","10":"tag-fr","11":"tag-france","12":"tag-george-clooney","13":"tag-restaurant","14":"tag-var"},"share_on_mastodon":{"url":"https:\/\/pubeurope.com\/@fr\/114837348897241403","error":""},"_links":{"self":[{"href":"https:\/\/www.europesays.com\/fr\/wp-json\/wp\/v2\/posts\/243689","targetHints":{"allow":["GET"]}}],"collection":[{"href":"https:\/\/www.europesays.com\/fr\/wp-json\/wp\/v2\/posts"}],"about":[{"href":"https:\/\/www.europesays.com\/fr\/wp-json\/wp\/v2\/types\/post"}],"author":[{"embeddable":true,"href":"https:\/\/www.europesays.com\/fr\/wp-json\/wp\/v2\/users\/2"}],"replies":[{"embeddable":true,"href":"https:\/\/www.europesays.com\/fr\/wp-json\/wp\/v2\/comments?post=243689"}],"version-history":[{"count":0,"href":"https:\/\/www.europesays.com\/fr\/wp-json\/wp\/v2\/posts\/243689\/revisions"}],"wp:featuredmedia":[{"embeddable":true,"href":"https:\/\/www.europesays.com\/fr\/wp-json\/wp\/v2\/media\/243690"}],"wp:attachment":[{"href":"https:\/\/www.europesays.com\/fr\/wp-json\/wp\/v2\/media?parent=243689"}],"wp:term":[{"taxonomy":"category","embeddable":true,"href":"https:\/\/www.europesays.com\/fr\/wp-json\/wp\/v2\/categories?post=243689"},{"taxonomy":"post_tag","embeddable":true,"href":"https:\/\/www.europesays.com\/fr\/wp-json\/wp\/v2\/tags?post=243689"}],"curies":[{"name":"wp","href":"https:\/\/api.w.org\/{rel}","templated":true}]}}