{"id":243691,"date":"2025-07-12T00:07:10","date_gmt":"2025-07-12T00:07:10","guid":{"rendered":"https:\/\/www.europesays.com\/fr\/243691\/"},"modified":"2025-07-12T00:07:10","modified_gmt":"2025-07-12T00:07:10","slug":"aux-etats-unis-un-fossile-de-dinosaure-deterre-par-hasard-sous-le-parking-dun-musee-de-dinosaure","status":"publish","type":"post","link":"https:\/\/www.europesays.com\/fr\/243691\/","title":{"rendered":"aux \u00c9tats-Unis, un fossile de dinosaure d\u00e9terr\u00e9 par hasard sous le parking&#8230; d\u2019un mus\u00e9e de dinosaure"},"content":{"rendered":"<p>La vert\u00e8bre a \u00e9t\u00e9 trouv\u00e9e \u00e0 pr\u00e8s de 233 m\u00e8tres de profondeur lors d\u2019un banal forage dans le sous-sol du mus\u00e9e. Il provient d\u2019un petit herbivore ayant v\u00e9cu \u00e0 la fin du Cr\u00e9tac\u00e9, il y a environ 67,5 millions d\u2019ann\u00e9es.<\/p>\n<p class=\"fig-paragraph\">La co\u00efncidence est stup\u00e9fiante. Le Mus\u00e9e de la nature et des sciences de\u00a0<a href=\"http:\/\/www.lefigaro.fr\/voyages\/hotels\/ou-dormir-a-denver-5-hotels-a-decouvrir-avant-d-explorer-les-rocheuses-20250702\" target=\"_blank\" data-fig-type=\"Article\" rel=\"noopener\" data-gtm-custom-categorie=\"navigation\" data-gtm-custom-action=\"crossclick\" data-gtm-custom-label=\"Contextuel\" data-gtm-event=\"customEventSPE\" data-fig-domain=\"LEFIGARO\">Denver<\/a>\u00a0(Colorado) a d\u00e9voil\u00e9 une d\u00e9couverte pour le moins inattendue\u00a0: un fragment fossilis\u00e9 d\u2019os de dinosaure enfoui \u00e0 233 m\u00e8tres de profondeur sous son propre parking. Une trouvaille survenue lors d\u2019un forage dans le cadre d\u2019une \u00e9tude g\u00e9othermique dans le sous-sol du b\u00e2timent culturel. \u00abC\u2019est un peu comme r\u00e9ussir un trou en un depuis la Lune\u00bb, a imag\u00e9 James Hagadorn, conservateur en g\u00e9ologie du mus\u00e9e, apr\u00e8s la d\u00e9couverte, tant la probabilit\u00e9 de tomber sur un os de dinosaure dans un forage de seulement cinq centim\u00e8tres de diam\u00e8tre \u00e9tait mince.<\/p>\n<p class=\"fig-paragraph\">Le fragment \u2013 une vert\u00e8bre de la taille d\u2019une pi\u00e8ce de monnaie \u2013 provient d\u2019un petit herbivore ayant v\u00e9cu \u00e0 la fin du Cr\u00e9tac\u00e9, il y a environ 67,5 millions d\u2019ann\u00e9es, soit un million d\u2019ann\u00e9es avant l\u2019extinction des dinosaures. Les scientifiques \u00e9voquent la possible appartenance \u00e0 un ornithopode, un groupe comprenant notamment les Hadrosauridae et les Thescelosaurus. Il s\u2019agit du fossile le plus ancien jamais d\u00e9couvert dans le bassin de Denver. \u00c0 proximit\u00e9 de l\u2019os, les g\u00e9ologues ont \u00e9galement identifi\u00e9 des fragments de v\u00e9g\u00e9tation fossilis\u00e9e \u2013 des feuilles et bois p\u00e9trifi\u00e9s \u2013, indiquant qu\u2019un environnement mar\u00e9cageux s\u2019\u00e9tendait autrefois \u00e0 cet endroit, bien avant que les dinosaures ne disparaissent.<\/p>\n<p>                                    <a class=\"fig-a11y-skip a11y-hidden\" href=\"#fig-a11y-skip-main-inarticle\"><br \/>\n        Passer la publicit\u00e9<br \/>\n    <\/a><\/p>\n<p>Une d\u00e9couverte symbolique<\/p>\n<p class=\"fig-paragraph\">Le fossile est d\u00e9sormais expos\u00e9 dans la galerie \u00abDiscovering Teen Rex\u00bb, au sein du mus\u00e9e. Ce coup de chance devrait rester une exception\u00a0: les responsables de la galerie excluent toute fouille plus vaste. \u00abBien s\u00fbr que j\u2019aimerais continuer de creuser l\u00e0-dessous, mais il nous faut des places de stationnement\u00bb, a r\u00e9pondu avec humour James Hagadorn. D\u2019apr\u00e8s les pal\u00e9ontologues, ce type de d\u00e9couverte en forage est rarissime\u00a0: seules deux occurrences connues dans le monde sont document\u00e9es dans des conditions similaires.<\/p>\n<p class=\"fig-paragraph\">\u00abLa plupart de nos fossiles proviennent de couches proches de la surface, dans les formations rocheuses expos\u00e9es. L\u00e0, c\u2019\u00e9tait \u00e0 233 m\u00e8tres sous terre, dans une zone enti\u00e8rement urbanis\u00e9e\u00bb, a soulign\u00e9 Patrick O\u2019Connor, conservateur en pal\u00e9ontologie, aupr\u00e8s de\u00a0<a href=\"https:\/\/apnews.com\/article\/denver-museum-dinosaur-bone-fossil-parking-lot-a035df2d4c9b1cbcaa32137ebb4bfa2a\" target=\"_blank\" rel=\"noopener\" data-gtm-custom-categorie=\"navigation\" data-gtm-custom-action=\"crossclick\" data-gtm-custom-label=\"Contextuel\" data-gtm-event=\"customEventSPE\">l\u2019Associated Press<\/a>. Certaines voix outre-Atlantique ont tenu \u00e0 att\u00e9nuer le caract\u00e8re de la trouvaille. Des pal\u00e9ontologues saluent la d\u00e9couverte, tout en nuan\u00e7ant son importance scientifique. \u00abC\u2019est une surprise, mais ce n\u2019est pas tr\u00e8s passionnant sur le plan scientifique\u00bb, juge Thomas Williamson, conservateur en pal\u00e9ontologie au mus\u00e9e d\u2019histoire naturelle du Nouveau-Mexique. En l\u2019absence d\u2019\u00e9l\u00e9ments plus pr\u00e9cis, il est impossible d\u2019identifier pr\u00e9cis\u00e9ment l\u2019esp\u00e8ce du dinosaure.<\/p>\n","protected":false},"excerpt":{"rendered":"La vert\u00e8bre a \u00e9t\u00e9 trouv\u00e9e \u00e0 pr\u00e8s de 233 m\u00e8tres de profondeur lors d\u2019un banal forage dans le&hellip;\n","protected":false},"author":2,"featured_media":243692,"comment_status":"","ping_status":"","sticky":false,"template":"","format":"standard","meta":{"footnotes":""},"categories":[7],"tags":[18553,73,1011,27,3048,43,40,41,39,42,44],"class_list":{"0":"post-243691","1":"post","2":"type-post","3":"status-publish","4":"format-standard","5":"has-post-thumbnail","7":"category-sciences-et-technologies","8":"tag-dinosaure","9":"tag-etats-unis","10":"tag-fr","11":"tag-france","12":"tag-musee","13":"tag-science","14":"tag-science-and-technology","15":"tag-sciences","16":"tag-sciences-et-technologies","17":"tag-technologies","18":"tag-technology"},"share_on_mastodon":{"url":"https:\/\/pubeurope.com\/@fr\/114837352845739909","error":""},"_links":{"self":[{"href":"https:\/\/www.europesays.com\/fr\/wp-json\/wp\/v2\/posts\/243691","targetHints":{"allow":["GET"]}}],"collection":[{"href":"https:\/\/www.europesays.com\/fr\/wp-json\/wp\/v2\/posts"}],"about":[{"href":"https:\/\/www.europesays.com\/fr\/wp-json\/wp\/v2\/types\/post"}],"author":[{"embeddable":true,"href":"https:\/\/www.europesays.com\/fr\/wp-json\/wp\/v2\/users\/2"}],"replies":[{"embeddable":true,"href":"https:\/\/www.europesays.com\/fr\/wp-json\/wp\/v2\/comments?post=243691"}],"version-history":[{"count":0,"href":"https:\/\/www.europesays.com\/fr\/wp-json\/wp\/v2\/posts\/243691\/revisions"}],"wp:featuredmedia":[{"embeddable":true,"href":"https:\/\/www.europesays.com\/fr\/wp-json\/wp\/v2\/media\/243692"}],"wp:attachment":[{"href":"https:\/\/www.europesays.com\/fr\/wp-json\/wp\/v2\/media?parent=243691"}],"wp:term":[{"taxonomy":"category","embeddable":true,"href":"https:\/\/www.europesays.com\/fr\/wp-json\/wp\/v2\/categories?post=243691"},{"taxonomy":"post_tag","embeddable":true,"href":"https:\/\/www.europesays.com\/fr\/wp-json\/wp\/v2\/tags?post=243691"}],"curies":[{"name":"wp","href":"https:\/\/api.w.org\/{rel}","templated":true}]}}