{"id":24371,"date":"2025-04-14T13:45:10","date_gmt":"2025-04-14T13:45:10","guid":{"rendered":"https:\/\/www.europesays.com\/fr\/24371\/"},"modified":"2025-04-14T13:45:10","modified_gmt":"2025-04-14T13:45:10","slug":"emmanuel-macron-va-decorer-12-artisans-venus-de-lorraine-ce-mardi","status":"publish","type":"post","link":"https:\/\/www.europesays.com\/fr\/24371\/","title":{"rendered":"Emmanuel Macron va d\u00e9corer 12 artisans venus de Lorraine ce mardi"},"content":{"rendered":"<p>            Par<br \/>\n        <strong><br \/>\n            <a href=\"https:\/\/actu.fr\/auteur\/pierre-emile-bouchy-actu-fr\" title=\"Consulter tous les articles de Paul-Emile Bouchy\" target=\"_blank\" rel=\"noopener\">Paul-Emile Bouchy<\/a><br \/>\n        <\/strong><\/p>\n<p>        Publi\u00e9 le<\/p>\n<p>            14 avr. 2025 \u00e0 14h13        <\/p>\n<p>Lundi 15\u00a0avril 2019, <a href=\"https:\/\/actu.fr\/ile-de-france\/paris_75056\/incendie-de-notre-dame-les-images-avant-apres-de-la-cathedrale-on-retrouve-l-ame-du-quartier_60945185.html\" target=\"_blank\" rel=\"noopener\">un terrible incendie<\/a> ravageait une partie de la <a href=\"https:\/\/actu.fr\/tag\/cathedrale-notre-dame-de-paris\" target=\"_blank\" rel=\"noopener\">cath\u00e9drale Notre-Dame de Paris<\/a>. Six ans jour pour jour et apr\u00e8s avoir <a href=\"https:\/\/actu.fr\/ile-de-france\/paris_75056\/reouverture-de-notre-dame-de-paris-le-calendrier-devoile-une-bonne-nouvelle-pour-les-visiteurs_61858252.html\" target=\"_blank\" rel=\"noopener\">rouvert au public d\u00e9but d\u00e9cembre\u00a02024<\/a>, <strong>des ouvriers<\/strong> qui ont particip\u00e9 au chantier <strong>vont \u00eatre d\u00e9cor\u00e9s<\/strong> par le pr\u00e9sident de la R\u00e9publique, <a href=\"https:\/\/actu.fr\/tag\/emmanuel-macron\" target=\"_blank\" rel=\"noopener\">Emmanuel Macron<\/a>.<\/p>\n<p class=\" wall-content\">Parmi eux se trouvent <strong>12 Lorrains<\/strong>. On vous les pr\u00e9sente.<\/p>\n<p>Des Lorrains d\u00e9cor\u00e9s par Emmanuel Macron<\/p>\n<p class=\" wall-content\">La c\u00e9r\u00e9monie va avoir lieu \u00e0 l\u2019\u00c9lys\u00e9e ce mardi 15\u00a0avril \u00e0 18h, heure \u00e0 laquelle s\u2019est d\u00e9clench\u00e9 l\u2019incendie.<\/p>\n<p class=\" wall-content\">Emmanuel Macron va remettre <strong>la L\u00e9gion d\u2019honneur ou l\u2019ordre national du M\u00e9rite<\/strong> \u00e0 ces 12 ouvriers, travaillant principalement en Meurthe-et-Moselle mais \u00e9galement en Meuse et en Moselle, qui ont permis de reb\u00e2tir la cath\u00e9drale Notre-Dame en un temps record\u2009:<\/p>\n<ul class=\" wall-content\">\n<li><strong>Didier Cuiset<\/strong> (directeur \u2013 Europe \u00c9chafaudage)\u2009: L\u00e9gion d\u2019honneur<\/li>\n<li><strong>Julien Le Bras<\/strong> (pr\u00e9sident-directeur g\u00e9n\u00e9ral \u2013 Le Bras Fr\u00e8res)\u2009: L\u00e9gion d\u2019honneur<\/li>\n<li><strong>Sylvain Le Bras<\/strong> (pr\u00e9sident d\u00e9l\u00e9gu\u00e9 \u2013 Le Bras Fr\u00e8res)\u2009: L\u00e9gion d\u2019honneur<\/li>\n<li><strong>Damien Brisson<\/strong> (directeur g\u00e9n\u00e9ral du service charpente \u2013 Le Bras Fr\u00e8res)\u2009: L\u00e9gion d\u2019honneur<\/li>\n<li><strong>Patrick Jouenne<\/strong> (charpentier, g\u00e2cheur \u2013 Le Bras Fr\u00e8res)\u2009: L\u00e9gion d\u2019honneur<\/li>\n<li><strong>\u00c9mile-Armand Benoit<\/strong> (couvreur \u2013 Le Bras Fr\u00e8res)\u2009: L\u00e9gion d\u2019honneur<\/li>\n<li><strong>R\u00e9gis Jaeger<\/strong> (directeur adjoint \u2013 Europe \u00c9chafaudage)\u2009: ordre national du M\u00e9rite<\/li>\n<li><strong>Ga\u00ebl Kulemfuka<\/strong> (monteur \u00e9chafaudeur \u2013 Europe \u00c9chafaudage)\u2009: ordre national du M\u00e9rite<\/li>\n<li><strong>S\u00e9bastien Girardeau<\/strong> (charpentier \u2013 Le Bras Fr\u00e8res)\u2009: ordre national du M\u00e9rite<\/li>\n<li><strong>Bruno Chapelet<\/strong> (couvreur-ornemaniste \u2013 Le Bras Fr\u00e8res)\u2009: ordre national du M\u00e9rite<\/li>\n<li><strong>David Fevre<\/strong> (chauffagiste-\u00e9lectricien \u2013 Lorraine \u00c9nergie)\u2009: ordre national du M\u00e9rite<\/li>\n<li><strong>Franck Grunfelder<\/strong> (responsable logistique \u2013 Sica Logistique)\u2009: ordre national du M\u00e9rite<\/li>\n<\/ul>\n<p>Vid\u00e9os : en ce moment sur Actu<\/p>\n<p class=\" wall-content\">Au total, 100 artisans, entrepreneurs ou directeurs vont \u00eatre nomm\u00e9s chevalier (33 \u00e0 la L\u00e9gion d\u2019honneur et 67 \u00e0 l\u2019ordre national du M\u00e9rite) lors de cette c\u00e9r\u00e9monie.<\/p>\n<p class=\" wall-content\">Suivez toute l\u2019actualit\u00e9 de vos villes et m\u00e9dias favoris en vous inscrivant \u00e0 <a href=\"https:\/\/moncompte.actu.fr\" title=\"D\u00e9couvez Mon Actu\" rel=\"nofollow noopener\" data-trk=\"{&quot;cta&quot;:{&quot;action&quot;:&quot;https:\\\/\\\/moncompte.actu.fr&quot;,&quot;category&quot;:&quot;mon compte&quot;,&quot;from&quot;:&quot;article footer&quot;,&quot;name&quot;:&quot;Mon actu&quot;,&quot;type&quot;:&quot;cta&quot;}}\" target=\"_blank\">Mon Actu<\/a>.<\/p>\n","protected":false},"excerpt":{"rendered":"Par Paul-Emile Bouchy Publi\u00e9 le 14 avr. 2025 \u00e0 14h13 Lundi 15\u00a0avril 2019, un terrible incendie ravageait une&hellip;\n","protected":false},"author":2,"featured_media":24372,"comment_status":"","ping_status":"","sticky":false,"template":"","format":"standard","meta":{"footnotes":""},"categories":[1888],"tags":[1111,1928,11,1927,8777,1073,1777,674,1011,27,12,1926,3341,626,1925,25,104],"class_list":{"0":"post-24371","1":"post","2":"type-post","3":"status-publish","4":"format-standard","5":"has-post-thumbnail","7":"category-paris","8":"tag-actu","9":"tag-actu-paris","10":"tag-actualites","11":"tag-actualites-paris","12":"tag-cathedrale-notre-dame-de-paris","13":"tag-emmanuel-macron","14":"tag-eu","15":"tag-europe","16":"tag-fr","17":"tag-france","18":"tag-news","19":"tag-news-paris","20":"tag-notre-dame-de-paris","21":"tag-paris","22":"tag-paris-news","23":"tag-republique-francaise","24":"tag-societe"},"share_on_mastodon":{"url":"https:\/\/pubeurope.com\/@fr\/114336623695981508","error":""},"_links":{"self":[{"href":"https:\/\/www.europesays.com\/fr\/wp-json\/wp\/v2\/posts\/24371","targetHints":{"allow":["GET"]}}],"collection":[{"href":"https:\/\/www.europesays.com\/fr\/wp-json\/wp\/v2\/posts"}],"about":[{"href":"https:\/\/www.europesays.com\/fr\/wp-json\/wp\/v2\/types\/post"}],"author":[{"embeddable":true,"href":"https:\/\/www.europesays.com\/fr\/wp-json\/wp\/v2\/users\/2"}],"replies":[{"embeddable":true,"href":"https:\/\/www.europesays.com\/fr\/wp-json\/wp\/v2\/comments?post=24371"}],"version-history":[{"count":0,"href":"https:\/\/www.europesays.com\/fr\/wp-json\/wp\/v2\/posts\/24371\/revisions"}],"wp:featuredmedia":[{"embeddable":true,"href":"https:\/\/www.europesays.com\/fr\/wp-json\/wp\/v2\/media\/24372"}],"wp:attachment":[{"href":"https:\/\/www.europesays.com\/fr\/wp-json\/wp\/v2\/media?parent=24371"}],"wp:term":[{"taxonomy":"category","embeddable":true,"href":"https:\/\/www.europesays.com\/fr\/wp-json\/wp\/v2\/categories?post=24371"},{"taxonomy":"post_tag","embeddable":true,"href":"https:\/\/www.europesays.com\/fr\/wp-json\/wp\/v2\/tags?post=24371"}],"curies":[{"name":"wp","href":"https:\/\/api.w.org\/{rel}","templated":true}]}}