{"id":243724,"date":"2025-07-12T00:30:13","date_gmt":"2025-07-12T00:30:13","guid":{"rendered":"https:\/\/www.europesays.com\/fr\/243724\/"},"modified":"2025-07-12T00:30:13","modified_gmt":"2025-07-12T00:30:13","slug":"larrete-metropolitain-contre-les-grands-navires-de-croisiere-illegal","status":"publish","type":"post","link":"https:\/\/www.europesays.com\/fr\/243724\/","title":{"rendered":"L\u2019arr\u00eat\u00e9 m\u00e9tropolitain contre les grands navires de croisi\u00e8re \u00ab ill\u00e9gal \u00bb (\u2026)"},"content":{"rendered":"<p>                    <img loading=\"lazy\" decoding=\"async\" src=\"https:\/\/www.europesays.com\/fr\/wp-content\/uploads\/2025\/07\/46b5c0b18692ef852fac49ee3d693f.jpg\" class=\"img-responsive post-image\" width=\"680\" height=\"510\" alt=\"L'arr\u00eat\u00e9 m\u00e9tropolitain\" title=\"L'arr\u00eat\u00e9 m\u00e9tropolitain contre les grands navires de croisi\u00e8re \u00ab ill\u00e9gal \u00bb pour le pr\u00e9fet\"\/><\/p>\n<p class=\"chapo\">En attendant la d\u00e9cision du tribunal administratif, saisi par le pr\u00e9fet, c\u2019est d\u2019ores et d\u00e9j\u00e0 un coup port\u00e9 \u00e0 la politique du pr\u00e9sident de la m\u00e9tropole Nice C\u00f4te d\u2019Azur, Christian Estrosi, qui a fait de l\u2019interdiction de ces bateaux transportant plus de 2 500 passagers \u00e0 Villefranche-sur-Mer et plus de 450 \u00e0 Nice une priorit\u00e9 dans sa lutte contre la pollution et pour la protection de la sant\u00e9 des habitants de la m\u00e9tropole.<\/p>\n<p>Il y a quelques jours Christian Estrosi n\u2019avait pas h\u00e9sit\u00e9 \u00e0 se d\u00e9placer lui-m\u00eame dans la rade de Villefranche au pied d\u2019un paquebot transportant plus de 3 000 passagers afin de crier au commandant qu\u2019il n\u2019avait pas \u00e0 \u00eatre l\u00e0. Sauf que, dans un communiqu\u00e9 de presse dat\u00e9 du 10 juillet, le pr\u00e9fet des Alpes-Maritimes, <strong>Laurent Hottiaux, <\/strong> estime \u00ab\u00a0ill\u00e9gal l\u2019arr\u00eat\u00e9 de la M\u00e9tropole Nice C\u00f4te d\u2019Azur portant r\u00e9gulation du d\u00e9barquement et de l\u2019embarquement des passagers de navires de croisi\u00e8re dans les ports de \u2018\u2019Nice \/ Villefranche-Sant\u00e9\u2019\u2019\u00a0et saisit le tribunal administratif\u00a0\u00bb. \u00ab\u00a0Par arr\u00eat\u00e9 du 9 juillet 2025, transmis le m\u00eame jour aux services de la pr\u00e9fecture, le Pr\u00e9sident de la M\u00e9tropole Nice C\u00f4te d\u2019Azur interdit \u00e0 partir du 11 juillet 2025 l\u2019amarrage, l\u2019embarquement et le d\u00e9barquement des passagers des navires de croisi\u00e8re dont la capacit\u00e9 d\u2019accueil exc\u00e8de 450 passagers, via les infrastructures du port et de la gare maritime de Nice, 2 500 passagers via les infrastructures de la gare maritime de Villefranche\u00a0\u00bb, pr\u00e9cise la pr\u00e9fecture dans le communiqu\u00e9.<\/p>\n<p>\u00ab\u00a0Entach\u00e9 de plusieurs ill\u00e9galit\u00e9s\u00a0\u00bb<\/p>\n<p>Elle poursuit qu\u2019apr\u00e8s \u00ab\u00a0<strong>analyse exerc\u00e9e au titre du contr\u00f4le de la l\u00e9galit\u00e9 par les services de la pr\u00e9fecture des Alpes-Maritimes, le Pr\u00e9fet (\u2026) a d\u00e9cid\u00e9 de saisir le tribunal administratif de Nice pour obtenir la suspension et l\u2019annulation de cet arr\u00eat\u00e9 au motif qu\u2019il est entach\u00e9 de plusieurs ill\u00e9galit\u00e9s et de nature \u00e0 compromettre l\u2019exercice d\u2019une libert\u00e9 publique ou individuelle<\/strong>\u00a0\u00bb.<\/p>\n<p>Ce n\u2019est pas la premi\u00e8re fois qu\u2019un arr\u00eat\u00e9 pris pour interdire les bateaux de croisi\u00e8re de grande capacit\u00e9 dans la m\u00e9tropole interpelle la pr\u00e9fecture. Le pr\u00e9d\u00e9cesseur de Laurent Hottiaux, <strong>Hugues Moutouh,<\/strong> <a href=\"https:\/\/www.petitesaffiches.fr\/politique,104\/hugues-moutouh-j-applique-la-loi,33027.html\" rel=\"nofollow noopener\" target=\"_blank\">avait rappel\u00e9, fin janvier,<\/a> quelques jours apr\u00e8s la signature par Christian Estrosi d\u2019un arr\u00eat\u00e9 visant alors \u00e0 interdire les paquebots de plus de 900 passagers, avoir \u00ab\u00a0la charge du contr\u00f4le de l\u00e9galit\u00e9\u00a0\u00a0\u00bb. \u00ab\u00a0 Et lorsqu\u2019il y a un doute, on transmet au tribunal administratif. Je n\u2019ai pas un pouvoir de tutelle, ce n\u2019est pas moi qui vais censurer un acte, je ne suis qu\u2019un passeur, c\u2019est \u00e0 la juridiction administrative de se prononcer. Pour moi, la r\u00e8gle est claire, il n\u2019y a pas de passe-droit. J\u2019applique la loi\u00a0\u00bb, avait-il d\u00e9clar\u00e9.<\/p>\n<p>Photo de Une (d\u00e9tail)\u00a0: Laurent Hottiaux et Christian Estrosi lors d\u2019une conf\u00e9rence de presse pour pr\u00e9senter le dispositif de s\u00e9curit\u00e9 de la 3e  Conf\u00e9rence des\u00a0Nations unies sur l\u2019Oc\u00e9an, qui a lieu mi-juin \u00e0 Nice. \u00a9S.G<\/p>\n","protected":false},"excerpt":{"rendered":"En attendant la d\u00e9cision du tribunal administratif, saisi par le pr\u00e9fet, c\u2019est d\u2019ores et d\u00e9j\u00e0 un coup port\u00e9&hellip;\n","protected":false},"author":2,"featured_media":243725,"comment_status":"","ping_status":"","sticky":false,"template":"","format":"standard","meta":{"footnotes":""},"categories":[2819],"tags":[1111,11,2408,1777,674,1011,27,12,2401,882,25],"class_list":{"0":"post-243724","1":"post","2":"type-post","3":"status-publish","4":"format-standard","5":"has-post-thumbnail","7":"category-nice","8":"tag-actu","9":"tag-actualites","10":"tag-appels-d","11":"tag-eu","12":"tag-europe","13":"tag-fr","14":"tag-france","15":"tag-news","16":"tag-nice","17":"tag-provence-alpes-cote-dazur","18":"tag-republique-francaise"},"share_on_mastodon":{"url":"https:\/\/pubeurope.com\/@fr\/114837443304175066","error":""},"_links":{"self":[{"href":"https:\/\/www.europesays.com\/fr\/wp-json\/wp\/v2\/posts\/243724","targetHints":{"allow":["GET"]}}],"collection":[{"href":"https:\/\/www.europesays.com\/fr\/wp-json\/wp\/v2\/posts"}],"about":[{"href":"https:\/\/www.europesays.com\/fr\/wp-json\/wp\/v2\/types\/post"}],"author":[{"embeddable":true,"href":"https:\/\/www.europesays.com\/fr\/wp-json\/wp\/v2\/users\/2"}],"replies":[{"embeddable":true,"href":"https:\/\/www.europesays.com\/fr\/wp-json\/wp\/v2\/comments?post=243724"}],"version-history":[{"count":0,"href":"https:\/\/www.europesays.com\/fr\/wp-json\/wp\/v2\/posts\/243724\/revisions"}],"wp:featuredmedia":[{"embeddable":true,"href":"https:\/\/www.europesays.com\/fr\/wp-json\/wp\/v2\/media\/243725"}],"wp:attachment":[{"href":"https:\/\/www.europesays.com\/fr\/wp-json\/wp\/v2\/media?parent=243724"}],"wp:term":[{"taxonomy":"category","embeddable":true,"href":"https:\/\/www.europesays.com\/fr\/wp-json\/wp\/v2\/categories?post=243724"},{"taxonomy":"post_tag","embeddable":true,"href":"https:\/\/www.europesays.com\/fr\/wp-json\/wp\/v2\/tags?post=243724"}],"curies":[{"name":"wp","href":"https:\/\/api.w.org\/{rel}","templated":true}]}}