{"id":243755,"date":"2025-07-12T00:50:21","date_gmt":"2025-07-12T00:50:21","guid":{"rendered":"https:\/\/www.europesays.com\/fr\/243755\/"},"modified":"2025-07-12T00:50:21","modified_gmt":"2025-07-12T00:50:21","slug":"a-paris-des-festivites-hautement-encadrees-liberation","status":"publish","type":"post","link":"https:\/\/www.europesays.com\/fr\/243755\/","title":{"rendered":"\u00e0 Paris, des festivit\u00e9s hautement encadr\u00e9es \u2013 Lib\u00e9ration"},"content":{"rendered":"<p class=\"sc-ksZaOG ehjQrN text-element\">La s\u00e9curit\u00e9 avant tout. Quelque 11 500 effectifs seront mobilis\u00e9s \u00e0 Paris et sa petite couronne pour assurer la s\u00e9curit\u00e9 lors de la finale PSG-Chelsea <a href=\"https:\/\/www.liberation.fr\/sports\/football\/un-milliard-de-dotation-enjeu-securitaire-cadences-effrenees-cinq-questions-autour-de-la-coupe-du-monde-des-clubs-de-foot-2025-20250613_KXVRPED2KBCZRPW7UL54HLPIWA\/\" target=\"_blank\" rel=\"noreferrer nofollow noopener\" title=\"https:\/\/www.liberation.fr\/sports\/football\/un-milliard-de-dotation-enjeu-securitaire-cadences-effrenees-cinq-questions-autour-de-la-coupe-du-monde-des-clubs-de-foot-2025-20250613_KXVRPED2KBCZRPW7UL54HLPIWA\/\">du Mondial des clubs de foot<\/a> et des festivit\u00e9s du 14 Juillet, a indiqu\u00e9 ce vendredi la pr\u00e9fecture de police (PP). Policiers, gendarmes et pompiers seront activ\u00e9s d\u00e8s dimanche soir \u00e0 l\u2019occasion de <a href=\"https:\/\/www.liberation.fr\/sports\/football\/le-psg-lamine-le-real-madrid-de-mbappe-4-0-et-file-en-finale-du-mondial-des-clubs-20250710_3OS2YW4UCNABBNSFXMFAAVVECA\/\" target=\"_blank\" rel=\"noreferrer nofollow noopener\" title=\"https:\/\/www.liberation.fr\/sports\/football\/le-psg-lamine-le-real-madrid-de-mbappe-4-0-et-file-en-finale-du-mondial-des-clubs-20250710_3OS2YW4UCNABBNSFXMFAAVVECA\/\">la finale de foot<\/a>, qui se joue \u00e0 New York, \u00absp\u00e9cifiquement autour de l\u2019avenue des Champs-Elys\u00e9es, sur laquelle les \u00e9quipements n\u00e9cessaires \u00e0 la c\u00e9r\u00e9monie nationale du 14 juillet 2025 ont \u00e9t\u00e9 install\u00e9s\u00bb, souligne la pr\u00e9fecture dans un communiqu\u00e9.<\/p>\n<p class=\"sc-ksZaOG ehjQrN text-element\">\u00abAfin de garantir l\u2019ordre et la s\u00e9curit\u00e9 publics, la pr\u00e9fecture de police met en place un important dispositif de s\u00e9curisation, \u00e0 compter de 19 heures, notamment sur l\u2019avenue des Champs-Elys\u00e9es o\u00f9 aucun rassemblement ne sera tol\u00e9r\u00e9\u00bb, insiste la PP, ajoutant que \u00abla place de l\u2019Etoile et la place de la Concorde seront inaccessibles \u00e0 la circulation routi\u00e8re et pi\u00e9tonne \u00e0 partir de 19 heures\u00bb.<\/p>\n<p class=\"sc-ksZaOG ehjQrN text-element\">Un arr\u00eat\u00e9 a \u00e9t\u00e9 pris pour interdire, du dimanche 13 juillet \u00e0 20 heures jusqu\u2019au lundi 14 juillet 2025 \u00e0 3 heures, \u00ables grands rassemblements de personnes ayant pour objet d\u2019assister \u00e0 la retransmission d\u2019\u00e9v\u00e9nements (fan zones, \u00e9crans sur la voie publique, \u00e9crans tourn\u00e9s vers la voie publique)\u00bb.<\/p>\n<p class=\"sc-ksZaOG ehjQrN text-element\">Lundi, le secteur sera \u00e9galement sous haute surveillance pour le traditionnel d\u00e9fil\u00e9 militaire sur l\u2019avenue des Champs-\u00c9lys\u00e9es, avec filtrage du public, palpations, fouilles des sacs. Dans la soir\u00e9e aura lieu un concert de musique classique au Champ-de-Mars d\u00e8s 21 heures, o\u00f9 60 000 personnes sont attendues, rel\u00e8ve la PP. Il sera suivi, \u00e0 23 heures, <a href=\"https:\/\/www.liberation.fr\/sports\/jeux-olympiques\/les-images-envoutantes-du-ballet-des-1-000-drones-lors-du-feu-dartifice-olympique-du-14-juillet-a-paris-20240715_XBEA4DFCPJHFXOJTDWFCVPO7WA\/\" target=\"_blank\" rel=\"nofollow noopener\" title=\"https:\/\/www.liberation.fr\/sports\/jeux-olympiques\/les-images-envoutantes-du-ballet-des-1-000-drones-lors-du-feu-dartifice-olympique-du-14-juillet-a-paris-20240715_XBEA4DFCPJHFXOJTDWFCVPO7WA\/\">d\u2019un feu d\u2019artifice<\/a> de vingt minutes.<\/p>\n<p class=\"sc-ksZaOG ehjQrN text-element\">Selon la procureure de Paris, Laure Beccuau, \u00abil n\u2019y a aucun \u00e9l\u00e9ment d\u2019inqui\u00e9tude majeure en termes d\u2019ordre public\u00bb concernant ces festivit\u00e9s. Mais, pr\u00e9vient-elle : \u00abNous poursuivrons toute infraction \u00e0 l\u2019encontre des forces de l\u2019ordre, des d\u00e9positaires de l\u2019autorit\u00e9 publique, des services de secours, consistant en des violences, r\u00e9bellions, des menaces, notamment si celles-ci prennent la forme de jets de mortiers en direction des forces de l\u2019ordre\u00bb.<\/p>\n","protected":false},"excerpt":{"rendered":"La s\u00e9curit\u00e9 avant tout. Quelque 11 500 effectifs seront mobilis\u00e9s \u00e0 Paris et sa petite couronne pour assurer&hellip;\n","protected":false},"author":2,"featured_media":243756,"comment_status":"","ping_status":"","sticky":false,"template":"","format":"standard","meta":{"footnotes":""},"categories":[1888],"tags":[11,1777,674,1011,27,12,626,93,25],"class_list":{"0":"post-243755","1":"post","2":"type-post","3":"status-publish","4":"format-standard","5":"has-post-thumbnail","7":"category-paris","8":"tag-actualites","9":"tag-eu","10":"tag-europe","11":"tag-fr","12":"tag-france","13":"tag-news","14":"tag-paris","15":"tag-psg","16":"tag-republique-francaise"},"share_on_mastodon":{"url":"https:\/\/pubeurope.com\/@fr\/114837522034057737","error":""},"_links":{"self":[{"href":"https:\/\/www.europesays.com\/fr\/wp-json\/wp\/v2\/posts\/243755","targetHints":{"allow":["GET"]}}],"collection":[{"href":"https:\/\/www.europesays.com\/fr\/wp-json\/wp\/v2\/posts"}],"about":[{"href":"https:\/\/www.europesays.com\/fr\/wp-json\/wp\/v2\/types\/post"}],"author":[{"embeddable":true,"href":"https:\/\/www.europesays.com\/fr\/wp-json\/wp\/v2\/users\/2"}],"replies":[{"embeddable":true,"href":"https:\/\/www.europesays.com\/fr\/wp-json\/wp\/v2\/comments?post=243755"}],"version-history":[{"count":0,"href":"https:\/\/www.europesays.com\/fr\/wp-json\/wp\/v2\/posts\/243755\/revisions"}],"wp:featuredmedia":[{"embeddable":true,"href":"https:\/\/www.europesays.com\/fr\/wp-json\/wp\/v2\/media\/243756"}],"wp:attachment":[{"href":"https:\/\/www.europesays.com\/fr\/wp-json\/wp\/v2\/media?parent=243755"}],"wp:term":[{"taxonomy":"category","embeddable":true,"href":"https:\/\/www.europesays.com\/fr\/wp-json\/wp\/v2\/categories?post=243755"},{"taxonomy":"post_tag","embeddable":true,"href":"https:\/\/www.europesays.com\/fr\/wp-json\/wp\/v2\/tags?post=243755"}],"curies":[{"name":"wp","href":"https:\/\/api.w.org\/{rel}","templated":true}]}}