{"id":24377,"date":"2025-04-14T13:48:14","date_gmt":"2025-04-14T13:48:14","guid":{"rendered":"https:\/\/www.europesays.com\/fr\/24377\/"},"modified":"2025-04-14T13:48:14","modified_gmt":"2025-04-14T13:48:14","slug":"5h27-de-course-et-une-bague-dans-le-short-au-bout-du-marathon-de-paris-pierre-a-demande-anne-sophie-en-mariage","status":"publish","type":"post","link":"https:\/\/www.europesays.com\/fr\/24377\/","title":{"rendered":"5h27 de course et une bague dans le short\u00a0: au bout du marathon de Paris, Pierre a demand\u00e9 Anne-Sophie en mariage"},"content":{"rendered":"<p class=\"paragraph text_align_left\">Sur la ligne d\u2019arriv\u00e9e du <a href=\"https:\/\/www.leparisien.fr\/sports\/running\/direct-marathon-de-paris-2025-suivez-la-course-la-plus-populaire-de-france-dans-une-journee-de-folie-13-04-2025-SR3V4QQO4BFXVDAXCYBSPVFM5Q.php\" target=\"_blank\" rel=\"nofollow noopener\">marathon de Paris<\/a>, ils sont nombreux \u00e0 poser un genou \u00e0 terre, <a href=\"https:\/\/www.leparisien.fr\/sports\/running\/pas-le-choix-jy-retourne-dans-les-derniers-kilometres-du-marathon-de-paris-la-souffrance-des-coureurs-13-04-2025-D2ZRQYIOGFGMRF63M3DBUSEV4A.php\" target=\"_blank\" rel=\"nofollow noopener\">\u00e9puis\u00e9s apr\u00e8s les 42,195 km<\/a> aval\u00e9s dans les rues de la capitale. S\u2019agenouiller face \u00e0 sa future \u00e9pouse pour la demander en mariage, c\u2019est en revanche beaucoup plus rare (<a href=\"https:\/\/www.leparisien.fr\/sports\/il-fait-sa-demande-en-mariage-en-plein-marathon-de-new-york-06-11-2018-7936707.php\" target=\"_blank\" rel=\"nofollow noopener\">mais pas in\u00e9dit<\/a>).<\/p>\n<p class=\"paragraph text_align_left\">Publi\u00e9e sur plusieurs r\u00e9seaux sociaux, dont X et Instagram, la vid\u00e9o de Pierre et Anne-Sophie, quelques m\u00e8tres avant de franchir la ligne d\u2019arriv\u00e9e de l\u2019\u00e9preuve, a \u00e9t\u00e9 tr\u00e8s largement relay\u00e9e et comment\u00e9e. Sur les images, les deux amoureux, qui ont couru ensemble les 42 km, rejoignent leurs deux petits gar\u00e7ons, \u00e2g\u00e9s de 3 et 8 ans, qui avaient pr\u00e9par\u00e9 une banderole pour cette grande occasion : \u00ab Maman, veux-tu \u00e9pouser papa ? \u00bb<\/p>\n<p class=\"paragraph text_align_left\">En larmes, Anne-Sophie \u00e9treint ses enfants avant d\u2019enlacer \u00e0 son tour son conjoint. \u00ab J\u2019ai dit oui, sourit la fianc\u00e9e contact\u00e9e par Le Parisien ce lundi. Je suis encore dans l\u2019euphorie, je n\u2019ai pas beaucoup dormi cette nuit. Et dire que j\u2019ai failli abandonner, c\u2019\u00e9tait dur mais c\u2019\u00e9tait beau. Heureusement que je suis all\u00e9e au bout\u2026 \u00bb Pierre ne dira pas le contraire : \u00ab Je n\u2019avais pas de plan B, sourit celui qui a termin\u00e9 la course avec la bague de fian\u00e7ailles dans la poche du short. Mais je croyais en elle, je savais qu\u2019on allait le terminer. Peu importe comment \u00bb. Au final, il aura fallu 5h27 aux mari\u00e9s pour boucler le marathon.<\/p>\n<p>\u00ab La course \u00e0 pied fait partie de nos vies \u00bb<\/p>\n<p class=\"paragraph text_align_left\">Pour le papa, tout a commenc\u00e9 au mois de juin, au moment des inscriptions. Le mari, qui en est \u00e0 son dixi\u00e8me marathon, a justement r\u00e9alis\u00e9 ses premiers 42,195 km dans la capitale lors de l\u2019\u00e9dition 2018. Pour Anne-Sophie, en revanche, ce Paris 2025 est une grande premi\u00e8re. \u00ab Je me suis dit que \u00e7a pourrait \u00eatre sympa de faire la demande \u00e0 ce moment-l\u00e0, sur <a href=\"https:\/\/www.leparisien.fr\/paris-75\/marathon-de-paris-comment-sorganiser-pour-encourager-les-coureurs-12-04-2025-7FUEA2UAYBEXPIFGVRPS5CO6LI.php\" target=\"_blank\" rel=\"nofollow noopener\">le plus beau des marathons<\/a>, retrace le jeune papa. La course \u00e0 pied fait partie de nos vies et, apr\u00e8s 13 ans de vie commune, cela faisait un petit moment qu\u2019on parlait de mariage. \u00bb<\/p>\n<p class=\"paragraph text_align_left\">Surprise dans la surprise, les deux enfants du couple, originaires de Vend\u00e9e, se sont eux aussi invit\u00e9s \u00e0 la demande, banderole en main, \u00e0 quelques m\u00e8tres de l\u2019arriv\u00e9e, gr\u00e2ce \u00e0 la complicit\u00e9 d\u2019amis des parents. \u00ab C\u2019\u00e9tait juste avant le tapis vert, reprend Pierre. Quand j\u2019ai vu au loin la taille de la banderole que les gar\u00e7ons avaient pr\u00e9par\u00e9e avant de venir, j\u2019ai moi aussi hallucin\u00e9\u2026 On ne pouvait pas s\u2019imaginer un tel buzz. Ce marathon, on va s\u2019en souvenir. \u00bb<\/p>\n<p class=\"paragraph text_align_left\">Rest\u00e9s dans la capitale ce lundi pour c\u00e9l\u00e9brer l\u2019anniversaire de l\u2019a\u00een\u00e9, les futurs mari\u00e9s n\u2019ont pas encore de date de mariage. En revanche, ils connaissent d\u00e9j\u00e0 la date du prochain marathon&#8230; Ce sera en septembre \u00e0 Berlin (Allemagne).<\/p>\n","protected":false},"excerpt":{"rendered":"Sur la ligne d\u2019arriv\u00e9e du marathon de Paris, ils sont nombreux \u00e0 poser un genou \u00e0 terre, \u00e9puis\u00e9s&hellip;\n","protected":false},"author":2,"featured_media":24378,"comment_status":"","ping_status":"","sticky":false,"template":"","format":"standard","meta":{"footnotes":""},"categories":[1888],"tags":[11,1777,674,1011,27,1944,12,626,25,60],"class_list":{"0":"post-24377","1":"post","2":"type-post","3":"status-publish","4":"format-standard","5":"has-post-thumbnail","7":"category-paris","8":"tag-actualites","9":"tag-eu","10":"tag-europe","11":"tag-fr","12":"tag-france","13":"tag-ma-ville","14":"tag-news","15":"tag-paris","16":"tag-republique-francaise","17":"tag-sports"},"share_on_mastodon":{"url":"https:\/\/pubeurope.com\/@fr\/114336635453650756","error":""},"_links":{"self":[{"href":"https:\/\/www.europesays.com\/fr\/wp-json\/wp\/v2\/posts\/24377","targetHints":{"allow":["GET"]}}],"collection":[{"href":"https:\/\/www.europesays.com\/fr\/wp-json\/wp\/v2\/posts"}],"about":[{"href":"https:\/\/www.europesays.com\/fr\/wp-json\/wp\/v2\/types\/post"}],"author":[{"embeddable":true,"href":"https:\/\/www.europesays.com\/fr\/wp-json\/wp\/v2\/users\/2"}],"replies":[{"embeddable":true,"href":"https:\/\/www.europesays.com\/fr\/wp-json\/wp\/v2\/comments?post=24377"}],"version-history":[{"count":0,"href":"https:\/\/www.europesays.com\/fr\/wp-json\/wp\/v2\/posts\/24377\/revisions"}],"wp:featuredmedia":[{"embeddable":true,"href":"https:\/\/www.europesays.com\/fr\/wp-json\/wp\/v2\/media\/24378"}],"wp:attachment":[{"href":"https:\/\/www.europesays.com\/fr\/wp-json\/wp\/v2\/media?parent=24377"}],"wp:term":[{"taxonomy":"category","embeddable":true,"href":"https:\/\/www.europesays.com\/fr\/wp-json\/wp\/v2\/categories?post=24377"},{"taxonomy":"post_tag","embeddable":true,"href":"https:\/\/www.europesays.com\/fr\/wp-json\/wp\/v2\/tags?post=24377"}],"curies":[{"name":"wp","href":"https:\/\/api.w.org\/{rel}","templated":true}]}}