{"id":24379,"date":"2025-04-14T13:49:09","date_gmt":"2025-04-14T13:49:09","guid":{"rendered":"https:\/\/www.europesays.com\/fr\/24379\/"},"modified":"2025-04-14T13:49:09","modified_gmt":"2025-04-14T13:49:09","slug":"la-russie-justifie-ses-frappes-meurtrieres-sur-soumy-en-pretextant-une-reunion-de-larmee-ukrainienne-liberation","status":"publish","type":"post","link":"https:\/\/www.europesays.com\/fr\/24379\/","title":{"rendered":"La Russie justifie ses frappes meurtri\u00e8res sur Soumy\u00a0en pr\u00e9textant une r\u00e9union de l\u2019arm\u00e9e ukrainienne \u2013 Lib\u00e9ration"},"content":{"rendered":"<p class=\"sc-cPiKLX AiZTS text-element\">Nier et accuser en retour. C\u2019est la strat\u00e9gie adopt\u00e9e, une fois de plus, par la Russie ce lundi 14 avril, apr\u00e8s <a href=\"https:\/\/www.liberation.fr\/international\/europe\/ukraine-au-moins-21-morts-dans-une-frappe-russe-sur-soumy-selon-les-secours-20250413_OWMFQMNTVFGQ3MZARNUFH7LYMI\/\" target=\"_blank\" rel=\"nofollow noopener\">l\u2019attaque meurtri\u00e8re lanc\u00e9e la veille sur Soumy<\/a>, dans le nord-est de l\u2019Ukraine, ayant tu\u00e9 34 civils, dont 2 enfants. Dans un communiqu\u00e9, le minist\u00e8re russe de la D\u00e9fense a affirm\u00e9 que ses troupes avaient utilis\u00e9 deux missiles balistiques \u00abIskander\u00bb pour cibler \u00ables lieux d\u2019une r\u00e9union du commandement\u00bb de l\u2019arm\u00e9e ukrainienne, pr\u00e9tendant que 60 soldats auraient \u00e9t\u00e9 tu\u00e9s lors de ce bombardement.<\/p>\n<p class=\"sc-cPiKLX AiZTS text-element\">Le minist\u00e8re russe a aussi accus\u00e9 l\u2019Ukraine d\u2019utiliser des civils comme \u00abboucliers humains\u00bb, \u00aben pla\u00e7ant des installations militaires ou en organisant des \u00e9v\u00e9nements auxquels participent des militaires au centre d\u2019une ville dens\u00e9ment peupl\u00e9e\u00bb. Cette accusation envers l\u2019Ukraine implique que Moscou reconna\u00eet de fait que ce bombardement a touch\u00e9 des civils, m\u00eame si cela n\u2019est pas formul\u00e9 clairement.<\/p>\n<p class=\"sc-cPiKLX AiZTS text-element\">Plus t\u00f4t dans la journ\u00e9e, le porte-parole du Kremlin, Dmitri Peskov, a r\u00e9p\u00e9t\u00e9 que l\u2019arm\u00e9e russe n\u2019attaquait que des \u00abcibles militaires ou quasi-militaires\u00bb en Ukraine. La Russie nie toujours viser des infrastructures civiles en Ukraine, bien que <a href=\"https:\/\/www.liberation.fr\/international\/europe\/guerre-en-ukraine-boutcha-ville-meurtrie-et-jonchee-de-cadavres-apres-le-retrait-russe-20220403_222R7JWNYZENZPRXNVEST4P6UY\/\" target=\"_blank\" rel=\"nofollow noopener\">des dizaines de milliers de civils ont \u00e9t\u00e9 tu\u00e9s ou bless\u00e9s<\/a>, selon des observateurs, depuis le d\u00e9but de l\u2019offensive russe en f\u00e9vrier 2022.<\/p>\n<p class=\"sc-cPiKLX AiZTS text-element\">Les missiles russes se sont abattus sur le centre-ville de Soumy le jour du dimanche des Rameaux, date importante du calendrier chr\u00e9tien. La ville d\u00e9bordait alors de fid\u00e8les. Les deux engins, lanc\u00e9s \u00e0 quelques minutes d\u2019intervalle et \u00e0 une centaine de m\u00e8tres d\u2019\u00e9cart, ont tu\u00e9 au moins 34 personnes, dont 2 enfants, et bless\u00e9 117 autres, selon l\u2019Ukraine.<\/p>\n<p class=\"sc-cPiKLX AiZTS text-element\">Le pr\u00e9sident Volodymyr Zelensky a exig\u00e9 une r\u00e9ponse internationale s\u00e9v\u00e8re contre Moscou pour cette attaque un jour de f\u00eate religieuse. \u00abSeuls des salauds peuvent faire cela\u00bb, a l\u00e2ch\u00e9 le chef d\u2019Etat ukrainien. \u00abLa Russie veut exactement ce genre de terreur et prolonge cette guerre. Sans pression sur la Russie, la paix est impossible. Les discussions n\u2019ont jamais arr\u00eat\u00e9 les missiles balistiques et les bombes\u00bb, a-t-il martel\u00e9 sur Telegram, <a href=\"https:\/\/www.liberation.fr\/international\/europe\/guerre-en-ukraine-vladimir-poutine-entrave-la-treve-proposee-par-washington-et-kyiv-20250313_XSIWCZUVB5BCHO2O4RAZG2P42E\/\" target=\"_blank\" rel=\"nofollow noopener\">accusant Vladimir Poutine<\/a> d\u2019avoir \u00abignor\u00e9 la proposition am\u00e9ricaine d\u2019un cessez-le-feu total et inconditionnel\u00bb.<\/p>\n<p class=\"sc-cPiKLX AiZTS text-element\">La frappe a vivement fait r\u00e9agir la communaut\u00e9 internationale, Emmanuel Macron d\u00e9plorant la poursuite de la guerre par la Russie \u00abau m\u00e9pris des vies humaines, du droit international et des offres diplomatiques du pr\u00e9sident Trump\u00bb. <a href=\"https:\/\/www.liberation.fr\/international\/europe\/frappe-en-ukraine-cest-une-chose-horrible-estime-donald-trump-sans-viser-la-russie-directement-20250414_JSUBSO2X3JDWHIGKGCXCXRQ7LM\/\" target=\"_blank\" rel=\"nofollow noopener\">Ce dernier a d\u00e9clar\u00e9 peu de temps apr\u00e8s<\/a> : \u00abOn m\u2019a dit qu\u2019ils avaient fait une erreur, mais je pense que c\u2019est une chose horrible\u00bb.<\/p>\n<p class=\"sc-cPiKLX AiZTS text-element\">Cette offensive s\u2019est produite deux jours apr\u00e8s la visite d\u2019un haut-responsable am\u00e9ricain en Russie. <a href=\"https:\/\/www.liberation.fr\/international\/amerique\/de-gaza-a-lukraine-qui-est-steve-witkoff-lemissaire-americain-passe-des-affaires-a-la-guerre-20250313_VP7NUQNQSJFNNEBSP3DPSREJNQ\/\" target=\"_blank\" rel=\"nofollow noopener\">L\u2019\u00e9missaire Steve Witkoff<\/a>, qui repr\u00e9sente l\u2019administration de Donald Trump, avait rencontr\u00e9 vendredi Vladimir Poutine, <a href=\"https:\/\/www.liberation.fr\/international\/amerique\/donald-trump-appelle-moscou-a-se-bouger-alors-que-son-emissaire-rencontre-poutine-en-russie-20250411_RTFRQS426BFUPJQGVNNKBD2GJY\/\" target=\"_blank\" rel=\"nofollow noopener\">pour la troisi\u00e8me fois depuis f\u00e9vrier<\/a>. Le porte-parole russe Dmitri Peskov a jug\u00e9 ce lundi que de tels contacts sont \u00abextr\u00eamement utiles et tr\u00e8s efficaces\u00bb. Il a fait l\u2019\u00e9loge d\u2019un canal de communication permettant aux dirigeants russe et am\u00e9ricain d\u2019\u00e9changer directement sur \u00abdiff\u00e9rents \u00e9l\u00e9ments de leurs positions sur toutes sortes de questions\u00bb. Pour autant, la promesse du pr\u00e9sident am\u00e9ricain de mettre rapidement fin \u00e0 la guerre semble bien loin.<\/p>\n","protected":false},"excerpt":{"rendered":"Nier et accuser en retour. C\u2019est la strat\u00e9gie adopt\u00e9e, une fois de plus, par la Russie ce lundi&hellip;\n","protected":false},"author":2,"featured_media":24380,"comment_status":"","ping_status":"","sticky":false,"template":"","format":"standard","meta":{"footnotes":""},"categories":[1591],"tags":[11,1887,12,1885,1886,132,220,297],"class_list":{"0":"post-24379","1":"post","2":"type-post","3":"status-publish","4":"format-standard","5":"has-post-thumbnail","7":"category-russie","8":"tag-actualites","9":"tag-federation-de-russie","10":"tag-news","11":"tag-russia","12":"tag-russian-federation","13":"tag-russie","14":"tag-ukraine","15":"tag-ukraine-la-crise"},"share_on_mastodon":{"url":"","error":""},"_links":{"self":[{"href":"https:\/\/www.europesays.com\/fr\/wp-json\/wp\/v2\/posts\/24379","targetHints":{"allow":["GET"]}}],"collection":[{"href":"https:\/\/www.europesays.com\/fr\/wp-json\/wp\/v2\/posts"}],"about":[{"href":"https:\/\/www.europesays.com\/fr\/wp-json\/wp\/v2\/types\/post"}],"author":[{"embeddable":true,"href":"https:\/\/www.europesays.com\/fr\/wp-json\/wp\/v2\/users\/2"}],"replies":[{"embeddable":true,"href":"https:\/\/www.europesays.com\/fr\/wp-json\/wp\/v2\/comments?post=24379"}],"version-history":[{"count":0,"href":"https:\/\/www.europesays.com\/fr\/wp-json\/wp\/v2\/posts\/24379\/revisions"}],"wp:featuredmedia":[{"embeddable":true,"href":"https:\/\/www.europesays.com\/fr\/wp-json\/wp\/v2\/media\/24380"}],"wp:attachment":[{"href":"https:\/\/www.europesays.com\/fr\/wp-json\/wp\/v2\/media?parent=24379"}],"wp:term":[{"taxonomy":"category","embeddable":true,"href":"https:\/\/www.europesays.com\/fr\/wp-json\/wp\/v2\/categories?post=24379"},{"taxonomy":"post_tag","embeddable":true,"href":"https:\/\/www.europesays.com\/fr\/wp-json\/wp\/v2\/tags?post=24379"}],"curies":[{"name":"wp","href":"https:\/\/api.w.org\/{rel}","templated":true}]}}