{"id":243802,"date":"2025-07-12T01:17:10","date_gmt":"2025-07-12T01:17:10","guid":{"rendered":"https:\/\/www.europesays.com\/fr\/243802\/"},"modified":"2025-07-12T01:17:10","modified_gmt":"2025-07-12T01:17:10","slug":"pogacar-souverain-vauquelin-recolle-avec-les-dents-le-resume-de-la-7e-etape-en-video","status":"publish","type":"post","link":"https:\/\/www.europesays.com\/fr\/243802\/","title":{"rendered":"Pogacar souverain, Vauquelin recolle avec les dents, le r\u00e9sum\u00e9 de la 7e \u00e9tape en vid\u00e9o"},"content":{"rendered":"<p>Retrouvez le r\u00e9sum\u00e9 de la septi\u00e8me \u00e9tape marqu\u00e9e par la nouvelle victoire de Tadej Pogacar et la r\u00e9sistance de K\u00e9vin Vauquelin qui s\u2019accroche aux meilleurs.<\/p>\n<p class=\"fig-paragraph\">Tadej Pogacar, intraitable,\u00a0<a href=\"http:\/\/www.lefigaro.fr\/sports\/cyclisme\/tour-de-france\/tour-de-france-l-eclat-de-pogacar-la-volonte-de-vauquelin-van-der-poel-a-bout-de-souffle-les-tops-et-les-flops-de-la-7e-etape-20250711\" data-fig-type=\"NewsFlash\" data-gtm-custom-categorie=\"navigation\" data-gtm-custom-action=\"crossclick\" data-gtm-custom-label=\"Contextuel\" data-gtm-event=\"customEventSPE\" data-fig-domain=\"LEFIGARO\" target=\"_blank\" rel=\"noopener\">s\u2019est impos\u00e9 vendredi \u00e0 l\u2019issue de la 7e \u00e9tape<\/a>, \u00e0 M\u00fbr-de-Bretagne, sa deuxi\u00e8me victoire dans ce Tour de France, et a repris le maillot jaune \u00e0 Mathieu van der Poel, l\u00e2ch\u00e9 dans la derni\u00e8re mont\u00e9e. D\u00e9j\u00e0 vainqueur \u00e0 Rouen mardi, \u00abPogi\u00bb s\u2019est montr\u00e9 le plus fort dans les derniers hectom\u00e8tres de la seconde ascension \u00e0 M\u00fbr-de-Bretagne, devan\u00e7ant son rival Jonas Vingegaard et le Britannique Oscar Onley.<\/p>\n<p>19e victoire pour Pogacar<\/p>\n<p class=\"fig-paragraph\">L\u2019ogre slov\u00e8ne d\u00e9croche par la m\u00eame sa 19e victoire dans la Grande Boucle, et sa 101e de sa carri\u00e8re professionnelle.\u00a0<a href=\"http:\/\/www.lefigaro.fr\/sports\/cyclisme\/tour-de-france\/tour-de-france-pogacar-recupere-le-maillot-jaune-vauquelin-de-retour-sur-le-podium-le-classement-general-apres-la-septieme-etape-20250711\" data-fig-type=\"NewsFlash\" data-gtm-custom-categorie=\"navigation\" data-gtm-custom-action=\"crossclick\" data-gtm-custom-label=\"Contextuel\" data-gtm-event=\"customEventSPE\" data-fig-domain=\"LEFIGARO\" target=\"_blank\" rel=\"noopener\">Au classement g\u00e9n\u00e9ral<\/a>, le triple vainqueur de l\u2019\u00e9preuve devance le Belge Remco Evenepoel de 54 secondes et le Fran\u00e7ais K\u00e9vin Vauquelin d\u2019une minute 11 secondes. Vingegaard est 4e \u00e0 1 minutes 17 secondes. Un r\u00e9sum\u00e9 de la journ\u00e9e \u00e0 voir en vid\u00e9o.<\/p>\n","protected":false},"excerpt":{"rendered":"Retrouvez le r\u00e9sum\u00e9 de la septi\u00e8me \u00e9tape marqu\u00e9e par la nouvelle victoire de Tadej Pogacar et la r\u00e9sistance&hellip;\n","protected":false},"author":2,"featured_media":243803,"comment_status":"","ping_status":"","sticky":false,"template":"","format":"standard","meta":{"footnotes":""},"categories":[9],"tags":[1011,27,60,1138],"class_list":{"0":"post-243802","1":"post","2":"type-post","3":"status-publish","4":"format-standard","5":"has-post-thumbnail","7":"category-sports","8":"tag-fr","9":"tag-france","10":"tag-sports","11":"tag-tadej-pogacar"},"share_on_mastodon":{"url":"https:\/\/pubeurope.com\/@fr\/114837628078475382","error":""},"_links":{"self":[{"href":"https:\/\/www.europesays.com\/fr\/wp-json\/wp\/v2\/posts\/243802","targetHints":{"allow":["GET"]}}],"collection":[{"href":"https:\/\/www.europesays.com\/fr\/wp-json\/wp\/v2\/posts"}],"about":[{"href":"https:\/\/www.europesays.com\/fr\/wp-json\/wp\/v2\/types\/post"}],"author":[{"embeddable":true,"href":"https:\/\/www.europesays.com\/fr\/wp-json\/wp\/v2\/users\/2"}],"replies":[{"embeddable":true,"href":"https:\/\/www.europesays.com\/fr\/wp-json\/wp\/v2\/comments?post=243802"}],"version-history":[{"count":0,"href":"https:\/\/www.europesays.com\/fr\/wp-json\/wp\/v2\/posts\/243802\/revisions"}],"wp:featuredmedia":[{"embeddable":true,"href":"https:\/\/www.europesays.com\/fr\/wp-json\/wp\/v2\/media\/243803"}],"wp:attachment":[{"href":"https:\/\/www.europesays.com\/fr\/wp-json\/wp\/v2\/media?parent=243802"}],"wp:term":[{"taxonomy":"category","embeddable":true,"href":"https:\/\/www.europesays.com\/fr\/wp-json\/wp\/v2\/categories?post=243802"},{"taxonomy":"post_tag","embeddable":true,"href":"https:\/\/www.europesays.com\/fr\/wp-json\/wp\/v2\/tags?post=243802"}],"curies":[{"name":"wp","href":"https:\/\/api.w.org\/{rel}","templated":true}]}}