{"id":243806,"date":"2025-07-12T01:19:08","date_gmt":"2025-07-12T01:19:08","guid":{"rendered":"https:\/\/www.europesays.com\/fr\/243806\/"},"modified":"2025-07-12T01:19:08","modified_gmt":"2025-07-12T01:19:08","slug":"avis-aux-teletravailleurs-ce-moniteur-lg-de-27-qhd-hdr10-100-hz-a-prix-casse-est-une-aubaine-a-lultime-jour-du-prime-day-frandroid","status":"publish","type":"post","link":"https:\/\/www.europesays.com\/fr\/243806\/","title":{"rendered":"Avis aux t\u00e9l\u00e9travailleurs, ce moniteur LG de 27&quot; QHD, HDR10, 100 Hz \u00e0 prix cass\u00e9 est une aubaine \u00e0 l&#039;ultime jour du Prime Day &#8211; Frandroid"},"content":{"rendered":"<ol>\n<li><a href=\"https:\/\/news.google.com\/rss\/articles\/CBMi-AFBVV95cUxOZHNxVjFCOUFEbWpUUGp3X3VLdkpxcm9PeXQ5dEVyU3RYYTUxNFV4elI4Q0cxUzVUTUdYUU9ONWppdkxEM2VDQ0JHMHBjcVRqRXlqS2k1WmczM3AyQ00wWDNHdmxSaFhKWXVMNXVlSUJLNlgxMVZTdzJyWkRmVG5NVUVLb29qUEhhVGcyTVVFdWI1elBFemo0ODkzLTUxcGJPTTlMbmpaV2V6bURPeHhUc0RUdkZjVlRaVW9fbi1KV0c2VURWMy00U0JVczB2cElvaldMQnFjdzlCYTdUbUJxRlVUdS1UWmp2YnhuTGs1SmJkbE9mMlNESQ?oc=5\" target=\"_blank\" rel=\"nofollow noopener\">Avis aux t\u00e9l\u00e9travailleurs, ce moniteur LG de 27&Prime; QHD, HDR10, 100 Hz \u00e0 prix cass\u00e9 est une aubaine \u00e0 l&rsquo;ultime jour du Prime Day<\/a>&nbsp;&nbsp;Frandroid<\/li>\n<li><a href=\"https:\/\/news.google.com\/rss\/articles\/CBMipAFBVV95cUxQX3hvMHNzQUFFYk01NEwzb0hJSDJWZFFUc1FNcFZoMm1WSjJuaE13NDZXcTMwSG1FdmxXRDZaNU93U2ZzZlgtWk04ZUlVWG5kY29yaWhWTXZDdnhFQ1RRZ2x2VDRYYmNFWmhkb3Q3Mk5GbW5SVmhuVXRSX1FVQXRfemNjcjFzbndvUGRxWjljSjJ6MU1NYzBYZmhTYTBfdldSS01oLQ?oc=5\" target=\"_blank\" rel=\"nofollow noopener\">Prime Day : les meilleurs \u00e9crans 4K, portables et ultralarges<\/a>&nbsp;&nbsp;MacGeneration<\/li>\n<li><a href=\"https:\/\/news.google.com\/rss\/articles\/CBMitgFBVV95cUxPNjRGaXZ3dzh0UG1VaUZHSzRlQ0RMVTdJaHpqaFZvd3QwcXE2LTB6Z2tmZ2NfZXFMNTl3cFA1OEYyWGJTTG0tQWdRSy1uRUk0T0RlajdvLXhnNGFlR2hhWHRtNkdVMTNRbjl0RWRKVk1LSHhDVWlCLUNLdkpOVGFxdEpQeXkzcGRqVDhLOHVvOUxfZG1UamtucmNfQ3hPVzRFamFwQV9CMFBrb1hVeHYtTkhIWlhvQQ?oc=5\" target=\"_blank\" rel=\"nofollow noopener\">Prime Day : -23% sur l&rsquo;\u00e9cran PC Alienware QD OLED QHD dot\u00e9 de l&rsquo;AMD FreeSYnc<\/a>&nbsp;&nbsp;JeuxVideo.com<\/li>\n<li><a href=\"https:\/\/news.google.com\/rss\/articles\/CBMi2gFBVV95cUxNenVZaFhkSUpTOHU3VG5wLU0yTW9aazI0V1NVMTdiOG9KRTRTem84RGZ5SXNiYkdGcDM1Vlg2dFJyandWb1FSNDVaNGo3YVp5SXJVNThIbF9oQ1o1ZmN3QWptYkhIVEtFUWRLZ1duS0ZfSVFlZkxwMVgwQkpJeHlwTDdYVmVqcmJQZWlvR3NtQ05YV2V3N3M2UmpMWDdMU3BmQUdPNjlpcEZ4UktfODdNWk5Yd3ZIYXBMWEZXSURSSzBLYkptMjljZmpkMkdxTGhqM1ZiUV9tOFpYUQ?oc=5\" target=\"_blank\" rel=\"nofollow noopener\">Prime Day 2025 : notre s\u00e9lection des meilleurs \u00e9crans PC gamer, avec le LG Ultragear OLED \u00e0 -400\u20ac<\/a>&nbsp;&nbsp;Gamekult<\/li>\n<li><a href=\"https:\/\/news.google.com\/rss\/articles\/CBMi0wFBVV95cUxNdks0cXdzTDFLSVRmdU9FRFhsZEdLVmFoUVRCWEpUUUxLTWtMVkt5enpWUGZhUXFDNXlMYVNReFppMUJCRnpfWk1sZXIwRnBEbVJVdEczWndaOE1VOHZ2TzN0MUhibDZGdmtqRlVOdlFKaXpzV2dteFBPUWoyXzNid3E0T2FwREZJU3Z3Yk1ubHRsRjFKck9oTHRHbXZnMFFlM2NwTl9SN2JETlVuWXlUT256RVVjXzQwVXpHM2stdXJaeXdBSlZXY2tjTUJFMkFYZlhR?oc=5\" target=\"_blank\" rel=\"nofollow noopener\">Pour le dernier jour du Prime Day, ce moniteur gaming incurv\u00e9 MSI de 32&Prime; 170 Hz est brad\u00e9 \u00e0 -40 %<\/a>&nbsp;&nbsp;Frandroid<\/li>\n<\/ol>\n","protected":false},"excerpt":{"rendered":"Avis aux t\u00e9l\u00e9travailleurs, ce moniteur LG de 27&Prime; QHD, HDR10, 100 Hz \u00e0 prix cass\u00e9 est une aubaine&hellip;\n","protected":false},"author":2,"featured_media":1445,"comment_status":"","ping_status":"","sticky":false,"template":"","format":"standard","meta":{"footnotes":""},"categories":[7],"tags":[1011,27,43,40,41,39,42,44],"class_list":{"0":"post-243806","1":"post","2":"type-post","3":"status-publish","4":"format-standard","5":"has-post-thumbnail","7":"category-sciences-et-technologies","8":"tag-fr","9":"tag-france","10":"tag-science","11":"tag-science-and-technology","12":"tag-sciences","13":"tag-sciences-et-technologies","14":"tag-technologies","15":"tag-technology"},"share_on_mastodon":{"url":"https:\/\/pubeurope.com\/@fr\/114837635985792942","error":""},"_links":{"self":[{"href":"https:\/\/www.europesays.com\/fr\/wp-json\/wp\/v2\/posts\/243806","targetHints":{"allow":["GET"]}}],"collection":[{"href":"https:\/\/www.europesays.com\/fr\/wp-json\/wp\/v2\/posts"}],"about":[{"href":"https:\/\/www.europesays.com\/fr\/wp-json\/wp\/v2\/types\/post"}],"author":[{"embeddable":true,"href":"https:\/\/www.europesays.com\/fr\/wp-json\/wp\/v2\/users\/2"}],"replies":[{"embeddable":true,"href":"https:\/\/www.europesays.com\/fr\/wp-json\/wp\/v2\/comments?post=243806"}],"version-history":[{"count":0,"href":"https:\/\/www.europesays.com\/fr\/wp-json\/wp\/v2\/posts\/243806\/revisions"}],"wp:featuredmedia":[{"embeddable":true,"href":"https:\/\/www.europesays.com\/fr\/wp-json\/wp\/v2\/media\/1445"}],"wp:attachment":[{"href":"https:\/\/www.europesays.com\/fr\/wp-json\/wp\/v2\/media?parent=243806"}],"wp:term":[{"taxonomy":"category","embeddable":true,"href":"https:\/\/www.europesays.com\/fr\/wp-json\/wp\/v2\/categories?post=243806"},{"taxonomy":"post_tag","embeddable":true,"href":"https:\/\/www.europesays.com\/fr\/wp-json\/wp\/v2\/tags?post=243806"}],"curies":[{"name":"wp","href":"https:\/\/api.w.org\/{rel}","templated":true}]}}