{"id":243816,"date":"2025-07-12T01:25:10","date_gmt":"2025-07-12T01:25:10","guid":{"rendered":"https:\/\/www.europesays.com\/fr\/243816\/"},"modified":"2025-07-12T01:25:10","modified_gmt":"2025-07-12T01:25:10","slug":"14-juillet-les-feux-dartifice-ou-les-voir","status":"publish","type":"post","link":"https:\/\/www.europesays.com\/fr\/243816\/","title":{"rendered":"14 JUILLET : LES FEUX D&rsquo;ARTIFICE, O\u00d9 LES VOIR ?"},"content":{"rendered":"<p>                <a href=\"https:\/\/cadenceradio.fr\" target=\"_blank\" aria-label=\"Banni\u00e8re Cadence 2025\" rel=\"noopener\"><img loading=\"lazy\" decoding=\"async\" src=\"https:\/\/www.europesays.com\/fr\/wp-content\/uploads\/2025\/07\/Banniere-Cadence-2025-scaled.jpg\" alt=\"\"   width=\"2560\" height=\"738\"\/><\/a><\/p>\n<p>Du <strong><a href=\"https:\/\/42info.fr\/14-juillet-ou-assister-aux-feux-dartifice-dans-la-loire\/\" target=\"_blank\" rel=\"noreferrer noopener\">Z\u00e9nith st\u00e9phanois aux berges roannaises, en passant par le site Le Corbusier de Firminy, sept communes rivalisent de cr\u00e9ativit\u00e9 pour offrir des spectacles pyrotechniques<\/a><\/strong> m\u00e9morables. Tour d\u2019horizon de cette symphonie de feux d\u2019artifice qui embrasera le ciel lig\u00e9rien.<\/p>\n<p>Saint-\u00c9tienne : le Z\u00e9nith en majest\u00e9<\/p>\n<p>La capitale lig\u00e9rienne maintient sa tradition d\u2019excellence avec un rendez-vous incontournable au Z\u00e9nith. D\u00e8s 22h30, la m\u00e9tropole st\u00e9phanoise d\u00e9ploiera son spectacle pyrotechnique dans l\u2019\u00e9crin prestigieux de cette salle mythique.<\/p>\n<p>L\u2019ambiance sera assur\u00e9e d\u00e8s l\u2019arriv\u00e9e avec la pr\u00e9sence de foodtrucks qui permettront aux spectateurs de patienter gourmandise en attendant l\u2019embrasement du ciel. Une formule qui allie tradition patriotique et convivialit\u00e9 moderne.<\/p>\n<p>Roanne : disco et paillettes au bord de Loire<\/p>\n<p>Originalit\u00e9 garantie sur les rives roannaises ! Des 22h45 Roanne propose une approche r\u00e9tro-festive promet une soir\u00e9e unique o\u00f9 pyrotechnie rime avec piste de danse.<\/p>\n<p>Le spectacle se prolongera avec un bal populaire, perp\u00e9tuant la tradition des bals du 14 juillet dans un cadre naturel exceptionnel. Les berges de Loire offriront un d\u00e9cor romantique pour cette nuit de f\u00eate.<\/p>\n<p>Montbrison : double c\u00e9l\u00e9bration dans le Forez<\/p>\n<p>La cit\u00e9 du Forez conjugue f\u00eate nationale et tradition locale avec brio. Du 12 au 21 juillet, Montbrison c\u00e9l\u00e8bre la Saint-Aubrin, saint patron de la ville, cr\u00e9ant une atmosph\u00e8re festive prolong\u00e9e dont le feu d\u2019artifice du 14 juillet constitue l\u2019apoth\u00e9ose.<\/p>\n<p>Depuis le magnifique cadre du Jardin d\u2019Allard, le spectacle d\u00e9butera \u00e0 22h30, offrant aux spectateurs un \u00e9crin de verdure pour admirer les gerbes color\u00e9es. Cette double c\u00e9l\u00e9bration t\u00e9moigne de l\u2019art montbrisonnais de marier patrimoine et modernit\u00e9.<\/p>\n<p>Saint-Just-Saint-Rambert : animations et prudence<\/p>\n<p>La commune double mise sur une journ\u00e9e compl\u00e8te de festivit\u00e9s. Embrasement final \u00e0 22h45 c\u00f4t\u00e9 Saint-Just.<\/p>\n<p>Firminy : Le Corbusier sous les \u00e9toiles<\/p>\n<p>L\u2019Ondaine propose l\u2019un des cadres les plus exceptionnels avec le site Le Corbusier comme th\u00e9\u00e2tre du spectacle. <\/p>\n<p>Le feu d\u2019artifice sera tir\u00e9 d\u00e8s la nuit tomb\u00e9e, permettant aux volumes g\u00e9om\u00e9triques de l\u2019\u00e9glise Saint-Pierre de jouer avec les reflets des explosions color\u00e9es. Un dialogue saisissant entre patrimoine du XXe si\u00e8cle et art pyrotechnique.<\/p>\n<p>La Talaudi\u00e8re : festin et spectacle au P\u00f4le de la viande<\/p>\n<p>La commune mise sur une soir\u00e9e compl\u00e8te avec une programmation qui d\u00e9bute d\u00e8s 19h. buvette et food trucks et f\u00eate musicale cr\u00e9eront l\u2019ambiance avant le feu d\u2019artifice de 22h30.<\/p>\n<p>Le choix du P\u00f4le de la viande comme lieu de rassemblement illustre la capacit\u00e9 des communes \u00e0 d\u00e9tourner leurs \u00e9quipements \u00e9conomiques en espaces festifs, cr\u00e9ant une convivialit\u00e9 particuli\u00e8re autour de cette c\u00e9l\u00e9bration patriotique.<\/p>\n<p>Saint-Chamond : voyage temporel et pyrotechnie<\/p>\n<p>Originalit\u00e9 du calendrier : Saint-Chamond avance les festivit\u00e9s au dimanche 13 juillet avec une soir\u00e9e ann\u00e9es 80. Le concert th\u00e9matique d\u00e9butera \u00e0 21h dans le parc de Novaci\u00e9ries, suivi du feu d\u2019artifice \u00e0 23h.<\/p>\n","protected":false},"excerpt":{"rendered":"Du Z\u00e9nith st\u00e9phanois aux berges roannaises, en passant par le site Le Corbusier de Firminy, sept communes rivalisent&hellip;\n","protected":false},"author":2,"featured_media":243817,"comment_status":"","ping_status":"","sticky":false,"template":"","format":"standard","meta":{"footnotes":""},"categories":[9653],"tags":[1111,11,2430,1777,674,38268,1011,27,3367,7357,12,25,9838,9669,4001],"class_list":{"0":"post-243816","1":"post","2":"type-post","3":"status-publish","4":"format-standard","5":"has-post-thumbnail","7":"category-saint-etienne","8":"tag-actu","9":"tag-actualites","10":"tag-auvergne-rhone-alpes","11":"tag-eu","12":"tag-europe","13":"tag-feux-dartifice","14":"tag-fr","15":"tag-france","16":"tag-loire","17":"tag-montbrison","18":"tag-news","19":"tag-republique-francaise","20":"tag-roanne","21":"tag-saint-chamond","22":"tag-saint-etienne"},"share_on_mastodon":{"url":"https:\/\/pubeurope.com\/@fr\/114837659562447502","error":""},"_links":{"self":[{"href":"https:\/\/www.europesays.com\/fr\/wp-json\/wp\/v2\/posts\/243816","targetHints":{"allow":["GET"]}}],"collection":[{"href":"https:\/\/www.europesays.com\/fr\/wp-json\/wp\/v2\/posts"}],"about":[{"href":"https:\/\/www.europesays.com\/fr\/wp-json\/wp\/v2\/types\/post"}],"author":[{"embeddable":true,"href":"https:\/\/www.europesays.com\/fr\/wp-json\/wp\/v2\/users\/2"}],"replies":[{"embeddable":true,"href":"https:\/\/www.europesays.com\/fr\/wp-json\/wp\/v2\/comments?post=243816"}],"version-history":[{"count":0,"href":"https:\/\/www.europesays.com\/fr\/wp-json\/wp\/v2\/posts\/243816\/revisions"}],"wp:featuredmedia":[{"embeddable":true,"href":"https:\/\/www.europesays.com\/fr\/wp-json\/wp\/v2\/media\/243817"}],"wp:attachment":[{"href":"https:\/\/www.europesays.com\/fr\/wp-json\/wp\/v2\/media?parent=243816"}],"wp:term":[{"taxonomy":"category","embeddable":true,"href":"https:\/\/www.europesays.com\/fr\/wp-json\/wp\/v2\/categories?post=243816"},{"taxonomy":"post_tag","embeddable":true,"href":"https:\/\/www.europesays.com\/fr\/wp-json\/wp\/v2\/tags?post=243816"}],"curies":[{"name":"wp","href":"https:\/\/api.w.org\/{rel}","templated":true}]}}