{"id":243820,"date":"2025-07-12T01:27:22","date_gmt":"2025-07-12T01:27:22","guid":{"rendered":"https:\/\/www.europesays.com\/fr\/243820\/"},"modified":"2025-07-12T01:27:22","modified_gmt":"2025-07-12T01:27:22","slug":"basket-lancien-interieur-du-sluc-nancy-ryan-reid-est-decede-a-38-ans","status":"publish","type":"post","link":"https:\/\/www.europesays.com\/fr\/243820\/","title":{"rendered":"Basket. L\u2019ancien int\u00e9rieur du SLUC Nancy Ryan Reid est d\u00e9c\u00e9d\u00e9 \u00e0 38 ans"},"content":{"rendered":"<p>D\u00e9j\u00e0 dans la peine suite aux d\u00e9c\u00e8s r\u00e9cents de <a href=\"https:\/\/www.estrepublicain.fr\/sport\/2024\/08\/26\/claude-marquis-l-ancien-interieur-du-sluc-nancy-est-decede-a-44-ans\" target=\"_blank\" rel=\"noopener\">Claude Marquis<\/a> et <a href=\"https:\/\/www.estrepublicain.fr\/sport\/2025\/03\/04\/terrance-johnson-champion-de-france-de-pro-a-avec-le-sluc-nancy-en-2011-est-decede\" target=\"_blank\" rel=\"noopener\">Terrence Johnson<\/a> , le SLUC Nancy est \u00e0 nouveau frapp\u00e9 par le deuil. Ce jeudi, nous avons appris le d\u00e9c\u00e8s brutal de l\u2019Am\u00e9ricain Ryan Reid, \u00e0 l\u2019\u00e2ge de 38 ans. L\u2019int\u00e9rieur arrivait en provenance de Roanne (2012-14), lorsqu\u2019il avait pos\u00e9 ses valises \u00e0 Nancy en novembre\u00a02014. Il avait r\u00e9pondu \u00e0 l\u2019appel du coach Alain Weisz, pour venir remplacer Damir Krupalija.<\/p>\n<p>Ce contenu est bloqu\u00e9 car vous n&rsquo;avez pas accept\u00e9 les cookies et autres traceurs.<\/p>\n<p>En cliquant sur \u00ab J\u2019accepte \u00bb, les cookies et autres traceurs seront d\u00e9pos\u00e9s et vous pourrez visualiser les contenus  (<a href=\"\" class=\"consentModule_policy\" target=\"_blank\" title=\"Consulter la politique de protection des donn\u00e9es du fournisseur\">plus d&rsquo;informations<\/a>).<\/p>\n<p>En cliquant sur \u00ab J\u2019accepte tous les cookies \u00bb, vous autorisez des d\u00e9p\u00f4ts de cookies et autres traceurs pour le stockage de vos donn\u00e9es sur nos sites et applications \u00e0 des fins de personnalisation et de ciblage publicitaire.<\/p>\n<p class=\"consentModule_secondaryText\">Vous gardez la possibilit\u00e9 de retirer votre consentement \u00e0 tout moment en consultant notre <a href=\"https:\/\/www.estrepublicain.fr\/protection-des-donnees\" target=\"_blank\" title=\"Consulter notre politique de protection des donn\u00e9es\" rel=\"noopener\">politique de protection des donn\u00e9es<\/a>. <br \/>&#13;<br \/>\n            <a href=\"https:\/\/www.estrepublicain.fr\/sport\/2025\/07\/11\/javascript:Didomi.notice.show()\" class=\"consentModule_cmp\" target=\"_blank\" rel=\"noopener\">G\u00e9rer mes choix<\/a>&#13;\n        <\/p>\n<p>&#13;<br \/>\n                        J&rsquo;accepte&#13;<br \/>\n            J&rsquo;accepte tous les cookies&#13;\n        <\/p>\n<p>Au cours de cette saison 2014-2015, Ryan Reid avait cumul\u00e9 4,5 points et 3,5 rebonds en 13 minutes de moyenne en Pro A et avait \u00e9galement particip\u00e9 \u00e0 la campagne du SLUC en Eurocup. Un peu plus tard, l\u2019int\u00e9rieur de 2,05m avait \u00e9galement port\u00e9 les couleurs du club de Quimper, en Pro B (2019-2022). \u00c0 sa famille et \u00e0 ses proches, la r\u00e9daction sportive de L\u2019Est R\u00e9publicain adresse ses sinc\u00e8res condol\u00e9ances.<\/p>\n","protected":false},"excerpt":{"rendered":"D\u00e9j\u00e0 dans la peine suite aux d\u00e9c\u00e8s r\u00e9cents de Claude Marquis et Terrence Johnson , le SLUC Nancy&hellip;\n","protected":false},"author":2,"featured_media":243821,"comment_status":"","ping_status":"","sticky":false,"template":"","format":"standard","meta":{"footnotes":""},"categories":[9635],"tags":[1111,11,1791,1704,1777,674,107,1701,1011,27,775,1702,1703,12,25,11567,517,1700],"class_list":{"0":"post-243820","1":"post","2":"type-post","3":"status-publish","4":"format-standard","5":"has-post-thumbnail","7":"category-nancy","8":"tag-actu","9":"tag-actualites","10":"tag-basket-ball","11":"tag-edition-nancy-et-agglomeration","12":"tag-eu","13":"tag-europe","14":"tag-fil-info","15":"tag-fil-info-sport","16":"tag-fr","17":"tag-france","18":"tag-grand-est","19":"tag-nancy","20":"tag-nancy-ville-54b","21":"tag-news","22":"tag-republique-francaise","23":"tag-sluc","24":"tag-sport","25":"tag-sport-lorrain"},"share_on_mastodon":{"url":"https:\/\/pubeurope.com\/@fr\/114837667363002218","error":""},"_links":{"self":[{"href":"https:\/\/www.europesays.com\/fr\/wp-json\/wp\/v2\/posts\/243820","targetHints":{"allow":["GET"]}}],"collection":[{"href":"https:\/\/www.europesays.com\/fr\/wp-json\/wp\/v2\/posts"}],"about":[{"href":"https:\/\/www.europesays.com\/fr\/wp-json\/wp\/v2\/types\/post"}],"author":[{"embeddable":true,"href":"https:\/\/www.europesays.com\/fr\/wp-json\/wp\/v2\/users\/2"}],"replies":[{"embeddable":true,"href":"https:\/\/www.europesays.com\/fr\/wp-json\/wp\/v2\/comments?post=243820"}],"version-history":[{"count":0,"href":"https:\/\/www.europesays.com\/fr\/wp-json\/wp\/v2\/posts\/243820\/revisions"}],"wp:featuredmedia":[{"embeddable":true,"href":"https:\/\/www.europesays.com\/fr\/wp-json\/wp\/v2\/media\/243821"}],"wp:attachment":[{"href":"https:\/\/www.europesays.com\/fr\/wp-json\/wp\/v2\/media?parent=243820"}],"wp:term":[{"taxonomy":"category","embeddable":true,"href":"https:\/\/www.europesays.com\/fr\/wp-json\/wp\/v2\/categories?post=243820"},{"taxonomy":"post_tag","embeddable":true,"href":"https:\/\/www.europesays.com\/fr\/wp-json\/wp\/v2\/tags?post=243820"}],"curies":[{"name":"wp","href":"https:\/\/api.w.org\/{rel}","templated":true}]}}