{"id":243828,"date":"2025-07-12T01:36:21","date_gmt":"2025-07-12T01:36:21","guid":{"rendered":"https:\/\/www.europesays.com\/fr\/243828\/"},"modified":"2025-07-12T01:36:21","modified_gmt":"2025-07-12T01:36:21","slug":"les-previsions-meteo-a-rennes","status":"publish","type":"post","link":"https:\/\/www.europesays.com\/fr\/243828\/","title":{"rendered":"les pr\u00e9visions m\u00e9t\u00e9o \u00e0 Rennes"},"content":{"rendered":"<p>            Par<br \/>\n        <strong><br \/>\n            <a href=\"https:\/\/actu.fr\/auteur\/clemence-pays02-actu-fr\" title=\"Consulter tous les articles de Cl\u00e9mence Pays\" rel=\"nofollow noopener\" target=\"_blank\">Cl\u00e9mence Pays<\/a><br \/>\n        <\/strong><\/p>\n<p>        Publi\u00e9 le<\/p>\n<p>            11 juil. 2025 \u00e0 14h59        <\/p>\n<p>En Ille-et-Vilaine, le<strong> week-end du 14-Juillet<\/strong> s\u2019annonce riche en animations, entre <a href=\"https:\/\/actu.fr\/bretagne\/rennes_35238\/carte-tour-de-france-decouvrez-le-trace-de-la-8e-etape-entre-saint-meen-le-grand-pres-de-rennes-et-laval_62860441.html\" rel=\"nofollow noopener\" target=\"_blank\">le passage du Tour de France au nord de la capitale bretonne<\/a> et le traditionnel <a href=\"https:\/\/actu.fr\/bretagne\/rennes_35238\/14-juillet-a-rennes-le-feu-d-artifice-c-est-le-13-ou-le-14-au-soir-cette-annee_62881216.html\" rel=\"nofollow noopener\" target=\"_blank\">feu d\u2019artifice \u00e0 Rennes<\/a>. Alors quel temps va-t-il faire durant ce long week-end\u2009? Actu Rennes fait le point sur les <strong>pr\u00e9visions m\u00e9t\u00e9orologiques,<\/strong> avec S\u00e9bastien Decaux, m\u00e9t\u00e9orologue pour M\u00e9t\u00e9o Bretagne.<\/p>\n<p class=\" wall-content\">\u00ab\u2009Il va faire <strong>chaud<\/strong> avec beaucoup de soleil\u2009\u00bb, ce vendredi 11\u00a0juillet 2025. Les temp\u00e9ratures vont grimper <strong>jusqu\u2019\u00e0 33\u00a0\u00b0C<\/strong> au cours de l\u2019apr\u00e8s-midi. De son c\u00f4t\u00e9, le vent soufflera \u00e0 30-35\u00a0km\/h, pr\u00e9voit le m\u00e9t\u00e9orologue. Une situation qui devrait durer samedi 12\u00a0juillet.<\/p>\n<p>Attention aux coups de soleil\u2009!<\/p>\n<p class=\" wall-content\">\u00ab\u2009Samedi, il va faire exactement le m\u00eame type de temps\u2009\u00bb, assure S\u00e9bastien Decaux. \u00c0 Rennes, il fera <strong>20\u00a0\u00b0C d\u00e8s le matin.<\/strong> Les temp\u00e9ratures seront l\u00e9g\u00e8rement plus basses en p\u00e9riph\u00e9rie avec 18 ou 19\u00a0\u00b0C.<\/p>\n<p class=\" wall-content\">Le midi, le mercure va grimper. Les coureurs et spectateurs du Tour de France risquent donc d\u2019avoir tr\u00e8s chaud. \u00ab\u2009\u00c0 Melesse et Chevaign\u00e9, <strong>il fera 30 \u00e0 31\u00a0\u00b0C \u00e0 13h.\u2009\u00bb<\/strong><\/p>\n<blockquote class=\"ac-article-quote wall-content\">\n<p>Sous abri, il fera jusqu&rsquo;\u00e0 33\u00b0C et une pointe \u00e0 34\u00b0C n&rsquo;est pas exclue dans le sud de l&rsquo;Ille-et-Vilaine. Le vent de nord-est soufflera \u00e0 30 km\/h. C&rsquo;est un vent qui passe sur les terres, il sera chaud.<\/p>\n<p>    <strong>S\u00e9bastien Decaux<\/strong><br \/>\n        M\u00e9t\u00e9orologue pour M\u00e9t\u00e9o Bretagne    <\/p><\/blockquote>\n<p>Vid\u00e9os : en ce moment sur Actu<\/p>\n<p class=\" wall-content\">Il fera <strong>\u00ab\u2009un soleil de plomb\u2009\u00bb<\/strong> samedi. \u00ab\u2009Il faudra ainsi faire <strong>attention sur le bord des routes<\/strong> en plein soleil. 33\u00a0\u00b0C, c\u2019est sous abris, en plein soleil, cela peut monter davantage\u2009\u00bb, avertit S\u00e9bastien Decaux.<\/p>\n<p class=\" wall-content\">\u00c0 noter \u00e9galement, un <strong>indice UV \u00e0 8.<\/strong> \u00ab\u2009C\u2019est tr\u00e8s fort compte tenu de la hauteur du soleil dans le ciel.\u2009\u00bb<\/p>\n<p class=\" wall-content\">Chapeaux, cr\u00e8me solaire et lunettes de soleil seront donc de rigueur. \u00ab\u2009Un <strong>coup de soleil est possible en 20 \u00e0 30\u00a0minutes<\/strong> d\u2019exposition sans protection\u2009\u00bb, signale le m\u00e9t\u00e9orologue.<\/p>\n<p>Attention aux incendies<\/p>\n<p>La v\u00e9g\u00e9tation s\u00e8che, le vent et les fortes chaleurs constituent un climat propice aux incendies. Les risques de d\u00e9parts de feu sont \u00ab\u00a0assez importants\u00a0\u00bb, alerte S\u00e9bastien Decaux. Il est donc pr\u00e9f\u00e9rable d&rsquo;\u00e9viter de faire un barbecue pr\u00e8s de la v\u00e9g\u00e9tation et plut\u00f4t sur une terrasse. Il ne faut \u00e9galement pas jeter de m\u00e9gots au sol.<\/p>\n<p>Des nuages pour le feu d\u2019artifice<\/p>\n<p class=\" wall-content\">Dimanche 13\u00a0juillet,<strong> le temps va changer,<\/strong> avec une chute de la pression atmosph\u00e9rique. \u00ab\u2009Il fera plut\u00f4t beau le matin. Mais le soleil va se voiler l\u2019apr\u00e8s-midi avec <strong>un ciel de plus en plus nuageux<\/strong> en soir\u00e9e\u2009\u00bb, pr\u00e9voit S\u00e9bastien Decaux.<\/p>\n<blockquote class=\"ac-article-quote wall-content\">\n<p>En soir\u00e9e, des averses \u00e9parses li\u00e9es \u00e0 la chaleur sont possibles. Au vu des derni\u00e8res donn\u00e9es, les averses de dimanche soir pourront prendre un caract\u00e8re orageux.<\/p>\n<p>    <strong>S\u00e9bastien Decaux<\/strong><br \/>\n        M\u00e9t\u00e9orologue pour M\u00e9t\u00e9o Bretagne    <\/p><\/blockquote>\n<p class=\" wall-content\">C\u00f4t\u00e9 temp\u00e9ratures, \u00ab\u2009il fera <strong>plus de 30\u00a0\u00b0C<\/strong> \u00e0 l\u2019int\u00e9rieur de l\u2019Ille-et-Vilaine\u2009\u00bb, en journ\u00e9e. En fin d\u2019apr\u00e8s-midi, le <strong>vent<\/strong> va tourner sur un secteur sud-ouest, avec des pointes de 30 \u00e0 40\u00a0km\/h.<\/p>\n<p class=\" wall-content\">\u00c0 Rennes, il fera <strong>33\u00a0\u00b0C<\/strong> l\u2019apr\u00e8s-midi. \u00c0 23h, sur le secteur de la Bellangerais, o\u00f9 le feu d\u2019artifice sera tir\u00e9, il fera <strong>entre 20 et 21\u00a0\u00b0C, \u00ab\u2009avec un risque d\u2019ond\u00e9es,<\/strong> une instabilit\u00e9 due \u00e0 la chaleur\u2009\u00bb.<\/p>\n<p>Et la semaine prochaine\u2009?<\/p>\n<p class=\" wall-content\">Lundi 14\u00a0juillet, jour f\u00e9ri\u00e9, sera marqu\u00e9 par le passage d\u2019une \u00ab\u2009faible <strong>perturbation<\/strong> qui apportera des<strong> nuages<\/strong> en cours de journ\u00e9e et quelques gouttes de pluie\u2009\u00bb. Les temp\u00e9ratures seront en baisse, mais resteront estivales, avec des <strong>maximales \u00e0 26\u00a0\u00b0C<\/strong> dans le bassin rennais.<\/p>\n<p class=\" wall-content\">Mardi, nuages et \u00e9claircies alterneront, avec <strong>24\u00a0\u00b0C<\/strong> \u00e0 Rennes. \u00ab\u2009L\u2019anticyclone reprendra des forces, il n\u2019y aura donc pas de pr\u00e9cipitation.\u2009\u00bb<\/p>\n<p class=\" wall-content\">Le soleil fera son retour mercredi et jeudi, avec <strong>28\u00a0\u00b0C<\/strong> \u00e0 Rennes. \u00ab\u2009C\u2019est <strong>tr\u00e8s estival,<\/strong> mais plus supportable que ce qu\u2019on a connu il y a quelques jours\u2009\u00bb, souligne S\u00e9bastien Decaux.<\/p>\n<p class=\" wall-content\">La fin de semaine pourrait \u00eatre <strong>davantage perturb\u00e9e,<\/strong> \u00ab\u2009mais cela reste \u00e0 pr\u00e9ciser\u2009\u00bb, conclut S\u00e9bastien Decaux.<\/p>\n<p class=\" wall-content\">Suivez toute l\u2019actualit\u00e9 de vos villes et m\u00e9dias favoris en vous inscrivant \u00e0 <a href=\"https:\/\/moncompte.actu.fr\" title=\"D\u00e9couvez Mon Actu\" rel=\"nofollow noopener\" data-trk=\"{&quot;cta&quot;:{&quot;action&quot;:&quot;https:\\\/\\\/moncompte.actu.fr&quot;,&quot;category&quot;:&quot;mon compte&quot;,&quot;from&quot;:&quot;article footer&quot;,&quot;name&quot;:&quot;Mon actu&quot;,&quot;type&quot;:&quot;cta&quot;}}\" target=\"_blank\">Mon Actu<\/a>.<\/p>\n","protected":false},"excerpt":{"rendered":"Par Cl\u00e9mence Pays Publi\u00e9 le 11 juil. 2025 \u00e0 14h59 En Ille-et-Vilaine, le week-end du 14-Juillet s\u2019annonce riche&hellip;\n","protected":false},"author":2,"featured_media":243829,"comment_status":"","ping_status":"","sticky":false,"template":"","format":"standard","meta":{"footnotes":""},"categories":[2821],"tags":[1111,11,829,1777,674,1011,27,2487,12,584,25,15637],"class_list":{"0":"post-243828","1":"post","2":"type-post","3":"status-publish","4":"format-standard","5":"has-post-thumbnail","7":"category-rennes","8":"tag-actu","9":"tag-actualites","10":"tag-bretagne","11":"tag-eu","12":"tag-europe","13":"tag-fr","14":"tag-france","15":"tag-meteo","16":"tag-news","17":"tag-rennes","18":"tag-republique-francaise","19":"tag-vague-de-chaleur"},"share_on_mastodon":{"url":"https:\/\/pubeurope.com\/@fr\/114837702776569445","error":""},"_links":{"self":[{"href":"https:\/\/www.europesays.com\/fr\/wp-json\/wp\/v2\/posts\/243828","targetHints":{"allow":["GET"]}}],"collection":[{"href":"https:\/\/www.europesays.com\/fr\/wp-json\/wp\/v2\/posts"}],"about":[{"href":"https:\/\/www.europesays.com\/fr\/wp-json\/wp\/v2\/types\/post"}],"author":[{"embeddable":true,"href":"https:\/\/www.europesays.com\/fr\/wp-json\/wp\/v2\/users\/2"}],"replies":[{"embeddable":true,"href":"https:\/\/www.europesays.com\/fr\/wp-json\/wp\/v2\/comments?post=243828"}],"version-history":[{"count":0,"href":"https:\/\/www.europesays.com\/fr\/wp-json\/wp\/v2\/posts\/243828\/revisions"}],"wp:featuredmedia":[{"embeddable":true,"href":"https:\/\/www.europesays.com\/fr\/wp-json\/wp\/v2\/media\/243829"}],"wp:attachment":[{"href":"https:\/\/www.europesays.com\/fr\/wp-json\/wp\/v2\/media?parent=243828"}],"wp:term":[{"taxonomy":"category","embeddable":true,"href":"https:\/\/www.europesays.com\/fr\/wp-json\/wp\/v2\/categories?post=243828"},{"taxonomy":"post_tag","embeddable":true,"href":"https:\/\/www.europesays.com\/fr\/wp-json\/wp\/v2\/tags?post=243828"}],"curies":[{"name":"wp","href":"https:\/\/api.w.org\/{rel}","templated":true}]}}