{"id":243834,"date":"2025-07-12T01:39:23","date_gmt":"2025-07-12T01:39:23","guid":{"rendered":"https:\/\/www.europesays.com\/fr\/243834\/"},"modified":"2025-07-12T01:39:23","modified_gmt":"2025-07-12T01:39:23","slug":"a-strasbourg-le-vaisseau-devoile-son-programme-dete","status":"publish","type":"post","link":"https:\/\/www.europesays.com\/fr\/243834\/","title":{"rendered":"\u00e0 Strasbourg, le Vaisseau d\u00e9voile son programme d&rsquo;\u00e9t\u00e9 !"},"content":{"rendered":"<p>    <img loading=\"lazy\" width=\"1800\" height=\"900\" src=\"https:\/\/www.europesays.com\/fr\/wp-content\/uploads\/2025\/04\/jeanne-callthepolice.jpg\" class=\"attachment-full size-full\" alt=\"\" id=\"imageLove\" decoding=\"async\"  \/><\/p>\n<p id=\"breadcrumbs\"><a href=\"https:\/\/pokaa.fr\/\" target=\"_blank\" rel=\"noopener\">Accueil<\/a> \/ <a href=\"https:\/\/pokaa.fr\/categories\/ses-sorties\/\" target=\"_blank\" rel=\"noopener\">Sorties<\/a> \/ Dinosaures, fossiles et film 3D : \u00e0 Strasbourg, le Vaisseau d\u00e9voile son programme d\u2019\u00e9t\u00e9 !<\/p>\n<p>                    Sorties<\/p>\n<p><strong>Lorsque les beaux jours arrivent, certain(e)s partent \u00e0 la mer, d\u2019autres \u00e0 la montagne. Le Vaisseau, lui, propose un voyage dans le temps sans quitter Strasbourg ! Cette ann\u00e9e, la programmation estivale s\u2019int\u00e9resse notamment aux myst\u00e8res de la Pr\u00e9histoire et aux vestiges du r\u00e8gne des dinosaures.\u00a0<\/strong><\/p>\n<p>Les grandes vacances sont l\u00e0 et vous avez d\u00e9j\u00e0 fait quatre fois le tour de l\u2019aire de jeux la plus proche pour occuper vos ch\u00e8res t\u00eates blondes ? C\u2019est peut-\u00eatre le moment de faire un saut au Vaisseau, \u00e0 Strasbourg.<strong> Depuis le 5 juillet et jusqu\u2019au 31 ao\u00fbt, ce lieux ludique d\u00e9di\u00e9 aux sciences propose une s\u00e9rie d\u2019animations sur la d\u00e9couverte du pass\u00e9. <\/strong><\/p>\n<p>    <img width=\"800\" height=\"534\" src=\"https:\/\/www.europesays.com\/fr\/wp-content\/uploads\/2025\/07\/dsc-6655-800x534.jpg\" class=\"attachment-image-size-L size-image-size-L\" alt=\"le vaisseau\" decoding=\"async\" loading=\"lazy\"  \/>         \u00a9 Alban Hefti &#8211; Strasbourg Eurom\u00e9tropole \/ Capture d&rsquo;\u00e9cran <\/p>\n<p>                <img width=\"750\" height=\"500\" src=\"https:\/\/www.europesays.com\/fr\/wp-content\/uploads\/2025\/07\/514167902-1147458970759545-8292730908952226296-n-750x500.jpg\" class=\"attachment-gallery size-gallery\" alt=\"le vaisseau\" data-full-url=\"https:\/\/pokaa.fr\/wp-content\/uploads\/2025\/07\/11\/514167902-1147458970759545-8292730908952226296-n.jpg\" decoding=\"async\" loading=\"lazy\"  \/>            <\/p>\n<p>                <img width=\"500\" height=\"500\" src=\"https:\/\/www.europesays.com\/fr\/wp-content\/uploads\/2025\/07\/511019100-1140924794746296-6530547101372470702-n-500x500.jpg\" class=\"attachment-gallery size-gallery\" alt=\"le vaisseau\" data-full-url=\"https:\/\/pokaa.fr\/wp-content\/uploads\/2025\/07\/11\/511019100-1140924794746296-6530547101372470702-n.jpg\" decoding=\"async\" loading=\"lazy\"  \/>            <\/p>\n<p>                    \u00a9 Page Facebook du Vaisseau \/ Captures d&rsquo;\u00e9cran<\/p>\n<p>Un week-end au temps de la Pr\u00e9histoire<\/p>\n<p>Samedi 2 et dimanche 3 ao\u00fbt, le Vaisseau proposera par exemple une escale au temps des premiers Hommes. <strong>De 10h30 \u00e0 11h ces deux jours, le mus\u00e9e invitera les visiteurs\/ses \u00e0 venir partager un petit d\u00e9jeuner pr\u00e9historique avec d\u00e9gustation de fruits secs et fruits rouges, baies et infusions<\/strong>. Une animation \u00e0 d\u00e9couvrir d\u00e8s 3 ans.<\/p>\n<p>De 14h \u00e0 17h, enfants et parents pourront d\u00e9couvrir les techniques de l\u2019art pari\u00e9tal avec un atelier propos\u00e9 par Jean-No\u00ebl, fondateur de<strong> l\u2019entreprise Savoir faire plus avec moins<\/strong>, qui propose des stages de formation \u00e0 l\u2019autonomie. <strong>Au programme : mains \u00e0 l\u2019ocre, dessins au charbon et initiation au feu par percussion ou par friction<\/strong>. De quoi se mettre dans la peau de nos anc\u00eatres.<\/p>\n<p>    <img width=\"800\" height=\"533\" src=\"https:\/\/www.europesays.com\/fr\/wp-content\/uploads\/2025\/07\/poupees-russes-de-l-evolution-visuel-1-800x533.png\" class=\"attachment-image-size-L size-image-size-L\" alt=\"vaisseau dinosaure pass\u00e9\" decoding=\"async\" loading=\"lazy\"  \/>         \u00a9 Le Vaisseau \/ Document remis <\/p>\n<p><strong>Depuis le 5 juillet et jusqu\u2019au 31 ao\u00fbt,<\/strong> le Vaisseau s\u2019int\u00e9resse \u00e9galement \u00e0 la th\u00e9orie de l\u2019\u00e9volution, avec <strong>un film en 3D<\/strong> projet\u00e9 du mardi au dimanche pour comprendre les liens entre plantes, amphibiens et mammif\u00e8res !<\/p>\n<p>Ces m\u00eames jours, de 14h \u00e0 17h, <strong>les jeunes visiteurs\/ses peuvent d\u00e9couvrir \u00e0 quoi ressemblait la vie sur Terre avant les dinosaures<\/strong> gr\u00e2ce \u00e0 la Frise du vivant : un joli ruban de plus de 5 m\u00e8tres de long. Et pour rendre \u00e7a encore plus ludique, un atelier baptis\u00e9 Les Poup\u00e9es russes de l\u2019\u00e9volution, qui consiste \u00e0 replacer des animaux selon leurs caract\u00e9ristiques communes.<\/p>\n<p>    <img width=\"800\" height=\"533\" src=\"https:\/\/www.europesays.com\/fr\/wp-content\/uploads\/2025\/07\/la-frise-du-vivant-visuel-800x533.png\" class=\"attachment-image-size-L size-image-size-L\" alt=\"vaisseau dinosaure pass\u00e9\" decoding=\"async\" loading=\"lazy\"  \/>         La Frise du vivant. \u00a9 Le Vaisseau \/ Document remis <\/p>\n<p>Des fossiles et des oiseaux<\/p>\n<p><strong>Parce qu\u2019elle parle du pass\u00e9, la programmation du Vaisseau fait \u00e9galement la part belle \u00e0 la pal\u00e9ontologie<\/strong>. Tous les jours, le mus\u00e9e propose aux scientifiques en herbe d\u2019imaginer un animal du pass\u00e9 \u00e0 partir d\u2019une photographie de fossile. Ils et elles peuvent ensuite comparer leurs cr\u00e9ations aux reconstitutions propos\u00e9es par des scientifiques confirm\u00e9(e)s.<\/p>\n<p><strong>Les 3-6 ans peuvent quant \u00e0 eux profiter d\u2019un atelier de fouilles <\/strong>! Le T. rex aura besoin d\u2019eux pour retrouver ses amis enfouis sous le sable. Il faudra creuser et phosphorer pour reconstituer les squelettes des dinosaures dissimul\u00e9s lors de cette animation. Et pour celles et ceux qui voudraient encore plus de dinosaures : une autre animation proposera de <strong>fabriquer ses propres fossiles (oui oui).<\/strong><\/p>\n<p>                <img width=\"750\" height=\"500\" src=\"https:\/\/www.europesays.com\/fr\/wp-content\/uploads\/2025\/07\/mission-fouille-visuel-2-750x500.jpg\" class=\"attachment-gallery size-gallery\" alt=\"vaisseau dinosaure pass\u00e9\" data-full-url=\"https:\/\/pokaa.fr\/wp-content\/uploads\/2025\/07\/10\/mission-fouille-visuel-2.jpg\" decoding=\"async\" loading=\"lazy\"  \/>            <\/p>\n<p>                <img width=\"750\" height=\"500\" src=\"https:\/\/www.europesays.com\/fr\/wp-content\/uploads\/2025\/07\/moulage-prehistorique-visuel-1-750x500.jpg\" class=\"attachment-gallery size-gallery\" alt=\"vaisseau dinosaure pass\u00e9\" data-full-url=\"https:\/\/pokaa.fr\/wp-content\/uploads\/2025\/07\/10\/moulage-prehistorique-visuel-1.jpg\" decoding=\"async\" loading=\"lazy\"  \/>            <\/p>\n<p>                    \u00a9 Le Vaisseau \/ Document remis<\/p>\n<p>Mais ce n\u2019est pas tout. Cet \u00e9t\u00e9, le Vaisseau s\u2019int\u00e9resse \u00e9galement aux pinsons des Galapagos, aux becs des oiseaux, aux relations entre proies et pr\u00e9dateurs et au r\u00e8gne animal dans son ensemble. <strong>Toute la programmation estivale est \u00e0 retrouver <a href=\"https:\/\/www.levaisseau.com\/media\/11433\/2025-flyerprogrammation-ete.pdf\" target=\"_blank\" rel=\"noopener\">en cliquant ici<\/a>.\u00a0<\/strong><\/p>\n<p>                <img width=\"750\" height=\"500\" src=\"https:\/\/www.europesays.com\/fr\/wp-content\/uploads\/2025\/07\/l-ile-aux-pinsons-visuel-750x500.jpg\" class=\"attachment-gallery size-gallery\" alt=\"vaisseau dinosaure pass\u00e9\" data-full-url=\"https:\/\/pokaa.fr\/wp-content\/uploads\/2025\/07\/10\/l-ile-aux-pinsons-visuel.jpg\" decoding=\"async\" loading=\"lazy\"  \/>            <\/p>\n<p>                <img width=\"750\" height=\"500\" src=\"https:\/\/www.europesays.com\/fr\/wp-content\/uploads\/2025\/07\/drole-de-becs-visuel-750x500.jpg\" class=\"attachment-gallery size-gallery\" alt=\"vaisseau dinosaure pass\u00e9\" data-full-url=\"https:\/\/pokaa.fr\/wp-content\/uploads\/2025\/07\/10\/drole-de-becs-visuel.jpg\" decoding=\"async\" loading=\"lazy\"  \/>            <\/p>\n<p>                    L&rsquo;\u00cele aux pinsons est une animation qui s&rsquo;int\u00e9ressera au pinson des Galapagos. \u00a9 Le Vaisseau \/ Documents remis<\/p>\n<p>\u00c0 gagner : 2&#215;2 places pour (re)d\u00e9couvrir le Vaisseau<\/p>\n<p>Envie de prendre votre billet pour ce voyage dans le temps ? <strong>Le Vaisseau et Pokaa s\u2019associent pour vous faire gagner 2\u00d72 places<\/strong>.<\/p>\n<p>Pour participer, c\u2019est tr\u00e8s simple, <strong>il suffit de liker la page Instagram du Vaisseau,<\/strong> <a href=\"https:\/\/www.instagram.com\/levaisseau67\/\" target=\"_blank\" rel=\"noopener\">disponible juste ici<\/a>.\u00a0Le tirage au sort aura lieu dans les prochains jours, alors \u00e0 vous de jouer et <strong>on vous souhaite bonne chance !\u00a0<\/strong><\/p>\n<p>            Le Vaisseau<\/p>\n<p>            Quoi ?<br \/>\n            Espace \u00e9ducatif et ludique autour des sciences        <\/p>\n<p>            o\u00f9 ?<br \/>\n            1bis rue Philippe-Dollinger, \u00e0 Strasbourg        <\/p>\n<p>                Plus d&rsquo;infos ?<\/p>\n<p><a href=\"https:\/\/www.levaisseau.com\" target=\"_blank\" rel=\"noopener\">Le site web<\/a><br \/><a href=\"https:\/\/www.facebook.com\/leVaisseau67\/?locale=fr_FR\" target=\"_blank\" rel=\"noopener\">La page Facebook<\/a><br \/><a href=\"https:\/\/www.instagram.com\/levaisseau67\/\" target=\"_blank\" rel=\"noopener\">La page Instagram\u00a0<\/a><br \/><a href=\"https:\/\/www.levaisseau.com\/media\/11433\/2025-flyerprogrammation-ete.pdf\" target=\"_blank\" rel=\"noopener\">La programmation estivale<\/a><\/p>\n<p><script async src=\"\/\/www.instagram.com\/embed.js\"><\/script><\/p>\n","protected":false},"excerpt":{"rendered":"Accueil \/ Sorties \/ Dinosaures, fossiles et film 3D : \u00e0 Strasbourg, le Vaisseau d\u00e9voile son programme d\u2019\u00e9t\u00e9&hellip;\n","protected":false},"author":2,"featured_media":243835,"comment_status":"","ping_status":"","sticky":false,"template":"","format":"standard","meta":{"footnotes":""},"categories":[2820],"tags":[1111,11,5975,35428,1777,674,1011,27,775,38346,12,25,43,640],"class_list":{"0":"post-243834","1":"post","2":"type-post","3":"status-publish","4":"format-standard","5":"has-post-thumbnail","7":"category-strasbourg","8":"tag-actu","9":"tag-actualites","10":"tag-decouverte","11":"tag-dinosaures","12":"tag-eu","13":"tag-europe","14":"tag-fr","15":"tag-france","16":"tag-grand-est","17":"tag-le-vaisseau","18":"tag-news","19":"tag-republique-francaise","20":"tag-science","21":"tag-strasbourg"},"share_on_mastodon":{"url":"https:\/\/pubeurope.com\/@fr\/114837714966384824","error":""},"_links":{"self":[{"href":"https:\/\/www.europesays.com\/fr\/wp-json\/wp\/v2\/posts\/243834","targetHints":{"allow":["GET"]}}],"collection":[{"href":"https:\/\/www.europesays.com\/fr\/wp-json\/wp\/v2\/posts"}],"about":[{"href":"https:\/\/www.europesays.com\/fr\/wp-json\/wp\/v2\/types\/post"}],"author":[{"embeddable":true,"href":"https:\/\/www.europesays.com\/fr\/wp-json\/wp\/v2\/users\/2"}],"replies":[{"embeddable":true,"href":"https:\/\/www.europesays.com\/fr\/wp-json\/wp\/v2\/comments?post=243834"}],"version-history":[{"count":0,"href":"https:\/\/www.europesays.com\/fr\/wp-json\/wp\/v2\/posts\/243834\/revisions"}],"wp:featuredmedia":[{"embeddable":true,"href":"https:\/\/www.europesays.com\/fr\/wp-json\/wp\/v2\/media\/243835"}],"wp:attachment":[{"href":"https:\/\/www.europesays.com\/fr\/wp-json\/wp\/v2\/media?parent=243834"}],"wp:term":[{"taxonomy":"category","embeddable":true,"href":"https:\/\/www.europesays.com\/fr\/wp-json\/wp\/v2\/categories?post=243834"},{"taxonomy":"post_tag","embeddable":true,"href":"https:\/\/www.europesays.com\/fr\/wp-json\/wp\/v2\/tags?post=243834"}],"curies":[{"name":"wp","href":"https:\/\/api.w.org\/{rel}","templated":true}]}}