{"id":243842,"date":"2025-07-12T01:46:15","date_gmt":"2025-07-12T01:46:15","guid":{"rendered":"https:\/\/www.europesays.com\/fr\/243842\/"},"modified":"2025-07-12T01:46:15","modified_gmt":"2025-07-12T01:46:15","slug":"un-homme-interpelle-apres-avoir-tire-sur-les-gendarmes","status":"publish","type":"post","link":"https:\/\/www.europesays.com\/fr\/243842\/","title":{"rendered":"un homme interpell\u00e9 apr\u00e8s avoir tir\u00e9 sur les gendarmes"},"content":{"rendered":"<p>Un homme, en violation d\u2019une interdiction judiciaire, s\u2019est introduit au domicile de son ex-compagne avant de tirer \u00e0 plusieurs reprises en direction des forces de l\u2019ordre. Il a finalement \u00e9t\u00e9 interpell\u00e9.<\/p>\n<p class=\"fig-paragraph\">Une intervention particuli\u00e8rement\u00a0<a href=\"https:\/\/www.lefigaro.fr\/international\/malgre-les-tensions-les-services-secrets-francais-toujours-en-contact-avec-la-russie-et-l-algerie-selon-le-patron-de-la-dgse-20250708?msockid=258c4318a154643d05395665a0ed65f9\" target=\"_blank\" data-fig-type=\"NewsFlash\" rel=\"sponsored noopener\" data-gtm-custom-categorie=\"navigation\" data-gtm-custom-action=\"crossclick\" data-gtm-custom-label=\"Contextuel\" data-gtm-event=\"customEventSPE\" data-fig-domain=\"LEFIGARO\">tendue<\/a>\u00a0s\u2019est d\u00e9roul\u00e9e dans la matin\u00e9e du mardi 10 juin 2025, \u00e0 Saint-Jean-d\u2019Illac (<a href=\"http:\/\/www.lefigaro.fr\/bordeaux\/gironde-une-femme-tuee-par-balle-retrouvee-sur-le-bord-de-la-route-son-ex-compagnon-mis-en-examen-20250711\" data-fig-type=\"NewsFlash\" data-gtm-custom-categorie=\"navigation\" data-gtm-custom-action=\"crossclick\" data-gtm-custom-label=\"Contextuel\" data-gtm-event=\"customEventSPE\" data-fig-domain=\"LEFIGARO\" target=\"_blank\" rel=\"noopener\">Gironde)<\/a>, d\u2019apr\u00e8s une information r\u00e9v\u00e9l\u00e9e par nos confr\u00e8res de Sud-Ouest et confirm\u00e9e au Figaro. Des tirs ont \u00e9t\u00e9 \u00e9chang\u00e9s entre un forcen\u00e9 et des gendarmes. Deux enqu\u00eates ont \u00e9t\u00e9 ouvertes. L\u2019une, pour tentative de meurtre sur personnes d\u00e9positaires de l\u2019autorit\u00e9 publique, confi\u00e9e \u00e0 la brigade de recherches de M\u00e9rignac. L\u2019autre, relative \u00e0 l\u2019usage de l\u2019arme par le gendarme, est entre les mains de la section de recherches de Bordeaux, afin de v\u00e9rifier les conditions l\u00e9gales de cette riposte.<\/p>\n<p class=\"fig-paragraph\">Aux alentours de 6 heures du matin, un individu p\u00e9n\u00e8tre dans le domicile de son ancienne conjointe, malgr\u00e9 une interdiction judiciaire de s\u2019y rendre. Une\u00a0<a href=\"https:\/\/video.lefigaro.fr\/figaro\/video\/querelle-amoureuse-sanglante-a-versaille-686b943e9521682c77280bdd-jul-07-2025-9-45-05\/\" target=\"_blank\" data-fig-type=\"Video\" rel=\"sponsored noopener\" data-gtm-custom-categorie=\"navigation\" data-gtm-custom-action=\"crossclick\" data-gtm-custom-label=\"Contextuel\" data-gtm-event=\"customEventSPE\" data-fig-domain=\"VIDEO\">dispute<\/a>\u00a0\u00e9clate entre les deux, mais la femme quitte les lieux sans alerter la police et se rend directement \u00e0 son travail. Seul dans le salon, l\u2019homme actionne une arme \u00e0 feu, r\u00e9veillant leur fille, rest\u00e9e \u00e0 l\u2019\u00e9tage. Cette derni\u00e8re descend dans le salon, r\u00e9cup\u00e8re une cartouche et quitte discr\u00e8tement la maison avant d\u2019alerter les secours.<\/p>\n<p>                                    <a class=\"fig-a11y-skip a11y-hidden\" href=\"#fig-a11y-skip-main-inarticle\"><br \/>\n        Passer la publicit\u00e9<br \/>\n    <\/a><\/p>\n<p>Fusil \u00e0 canon sci\u00e9<\/p>\n<p class=\"fig-paragraph\">Rapidement d\u00e9p\u00each\u00e9es sur place, les premi\u00e8res unit\u00e9s de gendarmerie rep\u00e8rent l\u2019homme toujours pr\u00e9sent dans l\u2019habitation. Des n\u00e9gociateurs de crise sont envoy\u00e9s, tandis que le peloton de surveillance et d\u2019intervention de la gendarmerie (Psig) prend le relais. Le forcen\u00e9, en d\u00e9tresse psychologique, menace de se donner la mort ou de forcer les gendarmes \u00e0 ouvrir le feu. Les tentatives de dialogue \u00e9chouent. Il est alors d\u00e9cid\u00e9 par les gendarmes de proc\u00e9der \u00e0 son interpellation.<\/p>\n<p class=\"fig-paragraph\">Au cours de l\u2019op\u00e9ration, deux tentatives d\u2019immobilisation par pistolet \u00e0 impulsion \u00e9lectrique \u00e9chouent. L\u2019homme tire alors trois fois avec un pistolet qui s\u2019av\u00e8re charg\u00e9 \u00e0 blanc. Il s\u2019empare ensuite d\u2019un fusil \u00e0 canon sci\u00e9 et ouvre le feu en direction des militaires, sans les atteindre. En riposte, un militaire du Psig utilise son fusil d\u2019assaut. La d\u00e9tonation provoque un moment de sid\u00e9ration, que les gendarmes mettent \u00e0 profit pour ma\u00eetriser et interpeller l\u2019individu, qui est imm\u00e9diatement plac\u00e9 en garde \u00e0 vue.<\/p>\n","protected":false},"excerpt":{"rendered":"Un homme, en violation d\u2019une interdiction judiciaire, s\u2019est introduit au domicile de son ex-compagne avant de tirer \u00e0&hellip;\n","protected":false},"author":2,"featured_media":243843,"comment_status":"","ping_status":"","sticky":false,"template":"","format":"standard","meta":{"footnotes":""},"categories":[2817],"tags":[1111,11,10268,5141,1997,1777,674,38347,1011,27,12,2219,25],"class_list":{"0":"post-243842","1":"post","2":"type-post","3":"status-publish","4":"format-standard","5":"has-post-thumbnail","7":"category-bordeaux","8":"tag-actu","9":"tag-actualites","10":"tag-arme","11":"tag-arme-a-feu","12":"tag-bordeaux","13":"tag-eu","14":"tag-europe","15":"tag-forcene","16":"tag-fr","17":"tag-france","18":"tag-news","19":"tag-nouvelle-aquitaine","20":"tag-republique-francaise"},"share_on_mastodon":{"url":"https:\/\/pubeurope.com\/@fr\/114837742421593368","error":""},"_links":{"self":[{"href":"https:\/\/www.europesays.com\/fr\/wp-json\/wp\/v2\/posts\/243842","targetHints":{"allow":["GET"]}}],"collection":[{"href":"https:\/\/www.europesays.com\/fr\/wp-json\/wp\/v2\/posts"}],"about":[{"href":"https:\/\/www.europesays.com\/fr\/wp-json\/wp\/v2\/types\/post"}],"author":[{"embeddable":true,"href":"https:\/\/www.europesays.com\/fr\/wp-json\/wp\/v2\/users\/2"}],"replies":[{"embeddable":true,"href":"https:\/\/www.europesays.com\/fr\/wp-json\/wp\/v2\/comments?post=243842"}],"version-history":[{"count":0,"href":"https:\/\/www.europesays.com\/fr\/wp-json\/wp\/v2\/posts\/243842\/revisions"}],"wp:featuredmedia":[{"embeddable":true,"href":"https:\/\/www.europesays.com\/fr\/wp-json\/wp\/v2\/media\/243843"}],"wp:attachment":[{"href":"https:\/\/www.europesays.com\/fr\/wp-json\/wp\/v2\/media?parent=243842"}],"wp:term":[{"taxonomy":"category","embeddable":true,"href":"https:\/\/www.europesays.com\/fr\/wp-json\/wp\/v2\/categories?post=243842"},{"taxonomy":"post_tag","embeddable":true,"href":"https:\/\/www.europesays.com\/fr\/wp-json\/wp\/v2\/tags?post=243842"}],"curies":[{"name":"wp","href":"https:\/\/api.w.org\/{rel}","templated":true}]}}