{"id":243850,"date":"2025-07-12T01:51:10","date_gmt":"2025-07-12T01:51:10","guid":{"rendered":"https:\/\/www.europesays.com\/fr\/243850\/"},"modified":"2025-07-12T01:51:10","modified_gmt":"2025-07-12T01:51:10","slug":"des-policiers-municipaux-decouvrent-plus-de-600-paires-de-fausses-tn-dans-un-camion-a-marseille","status":"publish","type":"post","link":"https:\/\/www.europesays.com\/fr\/243850\/","title":{"rendered":"Des policiers municipaux d\u00e9couvrent plus de 600 paires de fausses \u00ab\u00a0TN\u00a0\u00bb dans un camion \u00e0 Marseille"},"content":{"rendered":"<p>Lorsqu\u2019ils ont aper\u00e7u une cha\u00eene humaine le long de laquelle transitaient des cartons rouges \u00e0 l\u2019effigie de la marque Nike, mercredi matin, <a href=\"https:\/\/www.laprovence.com\/article\/faits-divers-justice\/225193251037214\/polices-municipales-des-effectifs-en-hausse-constante-dans-les-villes-moyennes\" target=\"_blank\" rel=\"noopener\">les policiers municipaux<\/a> qui patrouillaient \u00e0 scooter sur l\u2019avenue Camille-Pelletan, dans le 2e arrondissement de <a href=\"https:\/\/www.laprovence.com\/bouches-du-rhone\/marseille-13055\" target=\"_blank\" rel=\"noopener\">Marseille<\/a>, ont vite su \u00e0 quoi s\u2019attendre. \u00ab\u00a0Les fausses TN, on commence \u00e0 bien savoir \u00e0 quoi \u00e7a ressemble, sourit un agent de la base centre, surtout quand tout le monde se d\u00e9p\u00eache de d\u00e9charger\u2026\u00a0\u00bb<\/p>\n<p>\u00c0 la source, un camion stationn\u00e9 de fa\u00e7on inhabituelle dans la rue du Bon-Pasteur, \u00e0 proximit\u00e9 du March\u00e9 du Soleil, dont s\u2019\u00e9chappait un flux continu de cartons. \u00c0 la vue des policiers municipaux, les petites mains ont pris leurs jambes \u00e0 leur cou et disparu \u00e0 l\u2019int\u00e9rieur du march\u00e9, laissant le chauffeur du camion bien embarrass\u00e9. \u00c0 l\u2019arri\u00e8re, le v\u00e9hicule \u00e9tait encore charg\u00e9 de bo\u00eetes de chaussures, les fameuses \u00ab\u00a0TN\u00a0\u00bb de Nike, en tout cas vendues comme telles.<\/p>\n<p>Au final ce sont 612 paires de baskets de contrefa\u00e7on qui ont \u00e9t\u00e9 saisies \u00e0 la demande de l\u2019officier de police judiciaire, qui a plac\u00e9 en garde \u00e0 vue le chauffeur, notamment pour recel de vol. L\u2019homme a par ailleurs \u00e9t\u00e9 trouv\u00e9 en possession de pr\u00e8s de\u00a01400\u20ac en liquide. L\u2019argent, le camion et la marchandise ont \u00e9t\u00e9 saisis.<\/p>\n","protected":false},"excerpt":{"rendered":"Lorsqu\u2019ils ont aper\u00e7u une cha\u00eene humaine le long de laquelle transitaient des cartons rouges \u00e0 l\u2019effigie de la&hellip;\n","protected":false},"author":2,"featured_media":243851,"comment_status":"","ping_status":"","sticky":false,"template":"","format":"standard","meta":{"footnotes":""},"categories":[2814],"tags":[17,13709,1111,11,29584,154,1777,674,274,1011,27,884,17908,12,38349,378,6890,882,25],"class_list":{"0":"post-243850","1":"post","2":"type-post","3":"status-publish","4":"format-standard","5":"has-post-thumbnail","7":"category-marseille","8":"tag-17","9":"tag-13709","10":"tag-actu","11":"tag-actualites","12":"tag-decouvrent","13":"tag-des","14":"tag-eu","15":"tag-europe","16":"tag-faits-divers-justice","17":"tag-fr","18":"tag-france","19":"tag-marseille","20":"tag-municipaux","21":"tag-news","22":"tag-paires","23":"tag-plus","24":"tag-policiers","25":"tag-provence-alpes-cote-dazur","26":"tag-republique-francaise"},"share_on_mastodon":{"url":"https:\/\/pubeurope.com\/@fr\/114837761717145026","error":""},"_links":{"self":[{"href":"https:\/\/www.europesays.com\/fr\/wp-json\/wp\/v2\/posts\/243850","targetHints":{"allow":["GET"]}}],"collection":[{"href":"https:\/\/www.europesays.com\/fr\/wp-json\/wp\/v2\/posts"}],"about":[{"href":"https:\/\/www.europesays.com\/fr\/wp-json\/wp\/v2\/types\/post"}],"author":[{"embeddable":true,"href":"https:\/\/www.europesays.com\/fr\/wp-json\/wp\/v2\/users\/2"}],"replies":[{"embeddable":true,"href":"https:\/\/www.europesays.com\/fr\/wp-json\/wp\/v2\/comments?post=243850"}],"version-history":[{"count":0,"href":"https:\/\/www.europesays.com\/fr\/wp-json\/wp\/v2\/posts\/243850\/revisions"}],"wp:featuredmedia":[{"embeddable":true,"href":"https:\/\/www.europesays.com\/fr\/wp-json\/wp\/v2\/media\/243851"}],"wp:attachment":[{"href":"https:\/\/www.europesays.com\/fr\/wp-json\/wp\/v2\/media?parent=243850"}],"wp:term":[{"taxonomy":"category","embeddable":true,"href":"https:\/\/www.europesays.com\/fr\/wp-json\/wp\/v2\/categories?post=243850"},{"taxonomy":"post_tag","embeddable":true,"href":"https:\/\/www.europesays.com\/fr\/wp-json\/wp\/v2\/tags?post=243850"}],"curies":[{"name":"wp","href":"https:\/\/api.w.org\/{rel}","templated":true}]}}