{"id":243855,"date":"2025-07-12T01:54:16","date_gmt":"2025-07-12T01:54:16","guid":{"rendered":"https:\/\/www.europesays.com\/fr\/243855\/"},"modified":"2025-07-12T01:54:16","modified_gmt":"2025-07-12T01:54:16","slug":"on-fait-quoi-a-lyon-ce-week-end-prolonge-du-12-13-et-14-juillet","status":"publish","type":"post","link":"https:\/\/www.europesays.com\/fr\/243855\/","title":{"rendered":"On fait quoi \u00e0 Lyon ce week-end prolong\u00e9 du 12, 13 et 14 juillet ?"},"content":{"rendered":"<p itemprop=\"description\"><strong>D\u00e9couvrez nos 3 bons plans pour ce week-end.<\/strong><\/p>\n<p><strong>Eclats Nomades<\/strong><\/p>\n<p>C\u2019est une premi\u00e8re. L\u2019\u00e9v\u00e8nement Eclats Nomades s\u2019installe ce samedi \u00e0 La Commune dans le 7e arrondissement. Une dizaine d\u2019artistes et de cr\u00e9ateurs seront pr\u00e9sents. L\u2019occasion de venir chiner des v\u00eatements mais \u00e9galement de d\u00e9couvrir des bijoux, des strass dentaires, des peintures\u2026 Plus d\u2019informations <a href=\"https:\/\/www.facebook.com\/events\/753879957170335\/?acontext=%7B%22event_action_history%22%3A[%7B%22mechanism%22%3A%22discovery_custom_tab%22%2C%22surface%22%3A%22bookmark%22%7D]%2C%22ref_notif_type%22%3Anull%7D\" target=\"_blank\" rel=\"noopener\">ici<\/a><\/p>\n<blockquote class=\"instagram-media\" style=\"background: #FFF; border: 0; border-radius: 3px; box-shadow: 0 0 1px 0 rgba(0,0,0,0.5),0 1px 10px 0 rgba(0,0,0,0.15); margin: 1px; max-width: 540px; min-width: 326px; padding: 0; width: calc(100% - 2px);\" data-instgrm-captioned=\"\" data-instgrm-permalink=\"https:\/\/www.instagram.com\/p\/DLjv99foT0w\/?utm_source=ig_embed&amp;utm_campaign=loading\" data-instgrm-version=\"14\"><p>&#13;<br \/>\n&#13;\n<\/p><\/blockquote>\n<p><strong>March\u00e9 de cr\u00e9atrices<\/strong><\/p>\n<p>Direction Pilo dans le 1er arrondissement pour un march\u00e9 de cr\u00e9atrices et un vide-dressing ce dimanche de 10h \u00e0 20h. A retrouver sur place : des illustrations, des bijoux, des v\u00eatements, des accessoires, des cr\u00e9ations en fleurs s\u00e9ch\u00e9es. Plus d\u2019informations <a href=\"https:\/\/www.facebook.com\/events\/1033451678992237\/?acontext=%7B%22event_action_history%22%3A[%7B%22mechanism%22%3A%22discovery_local_tab%22%2C%22surface%22%3A%22bookmark%22%7D]%2C%22ref_notif_type%22%3Anull%7D\" target=\"_blank\" rel=\"noopener\">ici<\/a><\/p>\n<blockquote class=\"instagram-media\" style=\"background: #FFF; border: 0; border-radius: 3px; box-shadow: 0 0 1px 0 rgba(0,0,0,0.5),0 1px 10px 0 rgba(0,0,0,0.15); margin: 1px; max-width: 540px; min-width: 326px; padding: 0; width: calc(100% - 2px);\" data-instgrm-captioned=\"\" data-instgrm-permalink=\"https:\/\/www.instagram.com\/p\/DLhZsdpIqI3\/?utm_source=ig_embed&amp;utm_campaign=loading\" data-instgrm-version=\"14\"><p>&#13;<br \/>\n&#13;\n<\/p><\/blockquote>\n<p><strong>Le festival Music en Ciel<\/strong><\/p>\n<p>C\u2019est clairement le bon plan de ce week-end du c\u00f4t\u00e9 de Saint-Priest. La 10e \u00e9dition du festival Music en Ciel se d\u00e9roule ce samedi et ce dimanche sur la place Ferdinand Buisson. M Radio pr\u00e9sente \u00e0 cette occasion deux soir\u00e9es o\u00f9 il sera possible d\u2019aller applaudir gratuitement Chim\u00e8ne Badi, Amel Bent, Zaz ou encore C\u0153ur de Pirate. Avec en point d\u2019orgue le feu d\u2019artifice le dimanche soir. Plus d\u2019informations <a href=\"https:\/\/www.facebook.com\/musicenciel\" target=\"_blank\" rel=\"noopener\">ici<\/a><\/p>\n<blockquote class=\"instagram-media\" style=\"background: #FFF; border: 0; border-radius: 3px; box-shadow: 0 0 1px 0 rgba(0,0,0,0.5),0 1px 10px 0 rgba(0,0,0,0.15); margin: 1px; max-width: 540px; min-width: 326px; padding: 0; width: calc(100% - 2px);\" data-instgrm-captioned=\"\" data-instgrm-permalink=\"https:\/\/www.instagram.com\/reel\/DKeVEETOMGa\/?utm_source=ig_embed&amp;utm_campaign=loading\" data-instgrm-version=\"14\"><p>&#13;<br \/>\n&#13;\n<\/p><\/blockquote>\n<p>\t\t  <script async src=\"\/\/www.instagram.com\/embed.js\"><\/script><\/p>\n","protected":false},"excerpt":{"rendered":"D\u00e9couvrez nos 3 bons plans pour ce week-end. Eclats Nomades C\u2019est une premi\u00e8re. L\u2019\u00e9v\u00e8nement Eclats Nomades s\u2019installe ce&hellip;\n","protected":false},"author":2,"featured_media":243856,"comment_status":"","ping_status":"","sticky":false,"template":"","format":"standard","meta":{"footnotes":""},"categories":[1889],"tags":[1111,11,2813,2190,2430,1109,251,1112,2811,1777,674,118,1294,4651,1011,27,1922,1110,1114,2428,4903,4902,12,241,316,25,2812,517,800],"class_list":{"0":"post-243855","1":"post","2":"type-post","3":"status-publish","4":"format-standard","5":"has-post-thumbnail","7":"category-lyon","8":"tag-actu","9":"tag-actualites","10":"tag-article","11":"tag-asvel","12":"tag-auvergne-rhone-alpes","13":"tag-breves","14":"tag-culture","15":"tag-depeches","16":"tag-economique","17":"tag-eu","18":"tag-europe","19":"tag-faits-divers","20":"tag-femme","21":"tag-femmes","22":"tag-fr","23":"tag-france","24":"tag-info","25":"tag-informations","26":"tag-infos","27":"tag-lyon","28":"tag-lyonfemme","29":"tag-lyonfemmes","30":"tag-news","31":"tag-ol","32":"tag-politique","33":"tag-republique-francaise","34":"tag-sociale","35":"tag-sport","36":"tag-transports"},"share_on_mastodon":{"url":"https:\/\/pubeurope.com\/@fr\/114837773451106115","error":""},"_links":{"self":[{"href":"https:\/\/www.europesays.com\/fr\/wp-json\/wp\/v2\/posts\/243855","targetHints":{"allow":["GET"]}}],"collection":[{"href":"https:\/\/www.europesays.com\/fr\/wp-json\/wp\/v2\/posts"}],"about":[{"href":"https:\/\/www.europesays.com\/fr\/wp-json\/wp\/v2\/types\/post"}],"author":[{"embeddable":true,"href":"https:\/\/www.europesays.com\/fr\/wp-json\/wp\/v2\/users\/2"}],"replies":[{"embeddable":true,"href":"https:\/\/www.europesays.com\/fr\/wp-json\/wp\/v2\/comments?post=243855"}],"version-history":[{"count":0,"href":"https:\/\/www.europesays.com\/fr\/wp-json\/wp\/v2\/posts\/243855\/revisions"}],"wp:featuredmedia":[{"embeddable":true,"href":"https:\/\/www.europesays.com\/fr\/wp-json\/wp\/v2\/media\/243856"}],"wp:attachment":[{"href":"https:\/\/www.europesays.com\/fr\/wp-json\/wp\/v2\/media?parent=243855"}],"wp:term":[{"taxonomy":"category","embeddable":true,"href":"https:\/\/www.europesays.com\/fr\/wp-json\/wp\/v2\/categories?post=243855"},{"taxonomy":"post_tag","embeddable":true,"href":"https:\/\/www.europesays.com\/fr\/wp-json\/wp\/v2\/tags?post=243855"}],"curies":[{"name":"wp","href":"https:\/\/api.w.org\/{rel}","templated":true}]}}