{"id":243864,"date":"2025-07-12T02:00:19","date_gmt":"2025-07-12T02:00:19","guid":{"rendered":"https:\/\/www.europesays.com\/fr\/243864\/"},"modified":"2025-07-12T02:00:19","modified_gmt":"2025-07-12T02:00:19","slug":"aucun-debordement-tolere-la-prefecture-de-police-de-paris-prevoit-un-important-dispositifpour-le-match-psg-chelsea","status":"publish","type":"post","link":"https:\/\/www.europesays.com\/fr\/243864\/","title":{"rendered":"\u00ab\u00a0Aucun d\u00e9bordement tol\u00e9r\u00e9\u00a0\u00bb : la pr\u00e9fecture de police de Paris pr\u00e9voit un \u00ab\u00a0important dispositif\u00a0\u00bbpour le match PSG-Chelsea"},"content":{"rendered":"<ul class=\"jsx-862013697 ArticleChapo__List\">\n<li class=\"jsx-862013697 ArticleChapo__List_Item flex\">Le PSG affrontera ce dimanche 13 juillet Chelsea en finale de la coupe du monde des clubs.<\/li>\n<li class=\"jsx-862013697 ArticleChapo__List_Item flex\">La pr\u00e9fecture de police de Paris pr\u00e9voit la mise en place d&rsquo;un \u00ab\u00a0important dispositif de s\u00e9curisation\u00a0\u00bb, notamment autour des Champs-\u00c9lys\u00e9es.<\/li>\n<li class=\"jsx-862013697 ArticleChapo__List_Item flex\">\u00ab\u00a0Aucun d\u00e9bordement ne sera tol\u00e9r\u00e9\u00a0\u00bb, a-t-elle pr\u00e9venu dans un communiqu\u00e9.<\/li>\n<\/ul>\n<p><a href=\"https:\/\/www.tf1info.fr\/actualite\/le-psg-a-l-assaut-de-la-coupe-du-monde-des-clubs-2025-14306\/\" rel=\"noopener\" class=\"jsx-484472199 Link jsx-1428418400 jsx-2089987738\" target=\"_blank\"><\/p>\n<p style=\"font-weight:400\" class=\"jsx-1837267516\">Suivez la couverture compl\u00e8te<\/p>\n<p style=\"font-weight:800\" class=\"jsx-1837267516\">Le PSG \u00e0 l&rsquo;assaut de la Coupe du monde des clubs<\/p>\n<p><\/a><\/p>\n<p data-module=\"article-paragraph\" class=\"jsx-3046738180 Paragraph\">C&rsquo;est un week-end qui s&rsquo;annonce charg\u00e9 pour les forces de l&rsquo;ordre \u00e0 Paris. \u00c0 la veille du <a href=\"https:\/\/www.tf1info.fr\/culture\/progamme-tv-14-juillet-les-celebrations-sur-tf1-et-lci-anne-claire-coudray-gilles-bouleau-bruce-toussaint-marie-sophie-lacarrau-2382428.html\" target=\"_blank\" rel=\"noopener\">d\u00e9fil\u00e9 du 14-Juillet<\/a> et du feu d&rsquo;artifice pr\u00e9vu au Champ-de-Mars dans la soir\u00e9e, la pr\u00e9fecture de police pr\u00e9voit la mise en place d&rsquo;un dispositif de s\u00e9curisation dans la soir\u00e9e du dimanche 13 juillet pour la finale de la coupe du monde des clubs qui verra s&rsquo;affronter le PSG et Chelsea \u00e0 partir de 21h.\u00a0\u00a0<\/p>\n<p data-module=\"article-paragraph\" class=\"jsx-3046738180 Paragraph Paragraph__End\">Un \u00ab\u00a0important dispositif de s\u00e9curisation\u00a0\u00bb sera mis en place \u00ab\u00a0\u00e0 compter de 19h\u00a0\u00bb sur l&rsquo;avenue des Champs-\u00c9lys\u00e9es afin de pr\u00e9server les installations mises en place pour le d\u00e9fil\u00e9 militaire du lendemain, indique un communiqu\u00e9 de la pr\u00e9fecture. \u00ab\u00a0Il est \u00e9vident qu&rsquo;aucun rassemblement (sur cette avenue) et dans la proximit\u00e9 ne sera tol\u00e9r\u00e9\u00a0\u00bb, a pr\u00e9venu Laurent Nu\u00f1ez, pr\u00e9fet de police de Paris, sur <a href=\"https:\/\/www.rtl.fr\/actu\/debats-societe\/psg-chelsea-aucun-rassemblement-ne-sera-tolere-sur-les-champs-elysees-assure-laurent-nu-ez-sur-rtl-7900523317\" rel=\"nofollow noopener\" target=\"_blank\">RTL<\/a>. \u00ab\u00a0On se pr\u00e9pare \u00e0 toutes les hypoth\u00e8ses. Apr\u00e8s la victoire en Ligue des champions, il y a eu des rassemblements spontan\u00e9s de supporters qui ont, pour certains, d\u00e9g\u00e9n\u00e9r\u00e9\u00a0\u00bb, a-t-il rappel\u00e9.\u00a0<\/p>\n<p>Les rassemblements de supporters interdits<\/p>\n<p data-module=\"article-paragraph\" class=\"jsx-3046738180 Paragraph\">Ce dispositif de s\u00e9curit\u00e9 comprend notamment la fermeture de la place de l&rsquo;\u00c9toile et de la place de la Concorde \u00e0 la circulation routi\u00e8re et aux pi\u00e9tons \u00e0 partir de 19 heures. Les stations de m\u00e9tro situ\u00e9es entre ces deux places seront d&rsquo;ailleurs ferm\u00e9es. Aussi, jusqu&rsquo;\u00e0 14 juillet \u00e0 6h du matin, les \u00e9tablissements recevant du public sur l&rsquo;avenue des Champs-\u00c9lys\u00e9es devront \u00eatre ferm\u00e9s, \u00e0 l&rsquo;exception des h\u00f4tels.\u00a0<\/p>\n<p data-module=\"article-paragraph\" class=\"jsx-3046738180 Paragraph Paragraph__End\">La pr\u00e9fecture de police interdit \u00e9galement entre 20h et 3h du matin \u00e0 Paris les rassemblements de personnes \u00ab\u00a0ayant pour objet d&rsquo;assister \u00e0 la retransmission d&rsquo;\u00e9v\u00e9nements\u00a0\u00bb et entre 19h et 3h du matin \u00e0 Paris et dans les Hauts-de-Seine les rassemblements non d\u00e9clar\u00e9s. Le port et le transport \u00ab\u00a0d&rsquo;armes\u00a0\u00bb, \u00ab\u00a0d&rsquo;artifices et d&rsquo;articles pyrotechniques\u00a0\u00bb, \u00ab\u00a0de boissons alcooliques\u00a0\u00bb, \u00ab\u00a0de substances ou de m\u00e9langes dangereux dans des conteneurs individuel\u00a0\u00bb et \u00ab\u00a0d&rsquo;\u00e9quipements de protection\u00a0\u00bb sont aussi interdits.\u00a0<\/p>\n<p><a href=\"https:\/\/www.tf1info.fr\/societe\/video-reportage-ca-nous-paraissait-irresponsable-ces-communes-francaises-qui-annulent-leurs-feux-d-artifice-du-14-juillet-par-crainte-des-incendies-2382210.html\" rel=\"noopener\" class=\"jsx-3308031228 Link flex\" target=\"_blank\"><img decoding=\"async\" src=\"https:\/\/www.europesays.com\/fr\/wp-content\/uploads\/2025\/07\/capture-jt-annulation-feux-d-artifice-f5a040-1@1x.jpeg\" alt=\"Un feu d'artifice breton annul\u00e9 parmi tant d'autres.\" loading=\"lazy\" importance=\"low\" fetchpriority=\"low\" class=\"\" aria-hidden=\"true\"\/><\/p>\n<p class=\"jsx-3657663356 ReadMoreArticle__Title\">Lire aussi<\/p>\n<p class=\"jsx-3657663356\">\u00ab\u00a0\u00c7a nous paraissait irresponsable\u00a0\u00bb : ces communes qui annulent leur feu d&rsquo;artifice du 14-Juillet par crainte des incendies<\/p>\n<p><\/a><\/p>\n<p data-module=\"article-paragraph\" class=\"jsx-3046738180 Paragraph Paragraph__End\">Les forces de l&rsquo;ordre seront \u00e9galement d\u00e9ploy\u00e9es dans les gares et les transports en commun et seront accompagn\u00e9es d&rsquo;un \u00ab\u00a0dispositif judiciaire adapt\u00e9\u00a0\u00bb, pr\u00e9vient la pr\u00e9fecture de police. \u00ab\u00a0Aucun d\u00e9bordement ne sera tol\u00e9r\u00e9\u00a0\u00bb mart\u00e8le-t-elle. En juin dernier, la victoire du club parisien en finale de Ligue des champions avait donn\u00e9 lieu \u00e0 des violences urbaines et avait \u00e9t\u00e9 endeuill\u00e9e par la mort de deux personnes. Plus de 550 personnes avaient \u00e9t\u00e9 interpell\u00e9es, dont pr\u00e8s de 500 \u00e0 Paris.<\/p>\n<p>Emilie ROUSSEY<\/p>\n","protected":false},"excerpt":{"rendered":"Le PSG affrontera ce dimanche 13 juillet Chelsea en finale de la coupe du monde des clubs. La&hellip;\n","protected":false},"author":2,"featured_media":243865,"comment_status":"","ping_status":"","sticky":false,"template":"","format":"standard","meta":{"footnotes":""},"categories":[1888],"tags":[10915,1111,11,1921,11871,31402,1777,674,63,1011,27,1922,2954,37811,12,626,1072,93,25,133,2953],"class_list":{"0":"post-243864","1":"post","2":"type-post","3":"status-publish","4":"format-standard","5":"has-post-thumbnail","7":"category-paris","8":"tag-14-juillet","9":"tag-actu","10":"tag-actualites","11":"tag-article-video","12":"tag-chelsea","13":"tag-coupe-du-monde-des-clubs-2025","14":"tag-eu","15":"tag-europe","16":"tag-football","17":"tag-fr","18":"tag-france","19":"tag-info","20":"tag-justice-et-faits-divers","21":"tag-le-psg-a-lassaut-de-la-coupe-du-monde-des-clubs","22":"tag-news","23":"tag-paris","24":"tag-police","25":"tag-psg","26":"tag-republique-francaise","27":"tag-video","28":"tag-video-police"},"share_on_mastodon":{"url":"https:\/\/pubeurope.com\/@fr\/114837797335418639","error":""},"_links":{"self":[{"href":"https:\/\/www.europesays.com\/fr\/wp-json\/wp\/v2\/posts\/243864","targetHints":{"allow":["GET"]}}],"collection":[{"href":"https:\/\/www.europesays.com\/fr\/wp-json\/wp\/v2\/posts"}],"about":[{"href":"https:\/\/www.europesays.com\/fr\/wp-json\/wp\/v2\/types\/post"}],"author":[{"embeddable":true,"href":"https:\/\/www.europesays.com\/fr\/wp-json\/wp\/v2\/users\/2"}],"replies":[{"embeddable":true,"href":"https:\/\/www.europesays.com\/fr\/wp-json\/wp\/v2\/comments?post=243864"}],"version-history":[{"count":0,"href":"https:\/\/www.europesays.com\/fr\/wp-json\/wp\/v2\/posts\/243864\/revisions"}],"wp:featuredmedia":[{"embeddable":true,"href":"https:\/\/www.europesays.com\/fr\/wp-json\/wp\/v2\/media\/243865"}],"wp:attachment":[{"href":"https:\/\/www.europesays.com\/fr\/wp-json\/wp\/v2\/media?parent=243864"}],"wp:term":[{"taxonomy":"category","embeddable":true,"href":"https:\/\/www.europesays.com\/fr\/wp-json\/wp\/v2\/categories?post=243864"},{"taxonomy":"post_tag","embeddable":true,"href":"https:\/\/www.europesays.com\/fr\/wp-json\/wp\/v2\/tags?post=243864"}],"curies":[{"name":"wp","href":"https:\/\/api.w.org\/{rel}","templated":true}]}}