{"id":243870,"date":"2025-07-12T02:03:13","date_gmt":"2025-07-12T02:03:13","guid":{"rendered":"https:\/\/www.europesays.com\/fr\/243870\/"},"modified":"2025-07-12T02:03:13","modified_gmt":"2025-07-12T02:03:13","slug":"crash-aerien-en-ethiopie-usa-boeing-echappe-encore-une-fois-a-un-proces-civil-lie-au-crash-de-2019","status":"publish","type":"post","link":"https:\/\/www.europesays.com\/fr\/243870\/","title":{"rendered":"Crash a\u00e9rien en Ethiopie &#8211; USA: Boeing \u00e9chappe encore une fois \u00e0 un proc\u00e8s civil li\u00e9 au crash de 2019"},"content":{"rendered":"<p class=\"ap-StoryElement ap-StoryElement--mb ap-StoryText\">Parmi elles, la famille de Paul Njoroge: son \u00e9pouse Carolyne (33 ans), ses enfants Ryan (6 ans), Kellie (4 ans) et Rubi (9 mois) ainsi que sa belle-m\u00e8re Ann Karanja, qui voyageaient de Toronto \u00e0 Nairobi.<\/p>\n<p class=\"ap-StoryElement ap-StoryElement--mb ap-StoryText\">Le proc\u00e8s devait durer cinq \u00e0 sept jours devant huit jur\u00e9s.<\/p>\n<p class=\"ap-StoryElement ap-StoryElement--mb ap-StoryText\">Ces proc\u00e8s ont simplement vocation \u00e0 d\u00e9terminer le montant de l&rsquo;indemnisation des proches.<\/p>\n<p class=\"ap-StoryElement ap-StoryElement--mb ap-StoryText\">Des proches de 155 victimes ont d\u00e9pos\u00e9 un recours contre Boeing entre avril 2019 et mars 2021 pour mort injustifi\u00e9e et n\u00e9gligence, entre autres.<\/p>\n<p class=\"ap-StoryElement ap-StoryElement--mb ap-StoryText\">Pour simplifier la proc\u00e9dure, le juge Alonso a constitu\u00e9 des groupes de cinq \u00e0 six plaintes et a fix\u00e9, pour chaque groupe, une date de proc\u00e8s. Si toutes les plaintes d&rsquo;un groupe aboutissent \u00e0 un accord \u00e0 l&rsquo;amiable, le proc\u00e8s est annul\u00e9.<\/p>\n<p class=\"ap-StoryElement ap-StoryElement--mb ap-StoryText\">Mais, face au cas exceptionnel de Paul Njoroge, qui a perdu toute sa famille, seule sa plainte \u00e9tait inscrite au programme du proc\u00e8s pr\u00e9vu lundi.<\/p>\n","protected":false},"excerpt":{"rendered":"Parmi elles, la famille de Paul Njoroge: son \u00e9pouse Carolyne (33 ans), ses enfants Ryan (6 ans), Kellie&hellip;\n","protected":false},"author":2,"featured_media":2837,"comment_status":"","ping_status":"","sticky":false,"template":"","format":"standard","meta":{"footnotes":""},"categories":[1589],"tags":[11,296,73,1866,12,2803,1864,1865,1863,308],"class_list":{"0":"post-243870","1":"post","2":"type-post","3":"status-publish","4":"format-standard","5":"has-post-thumbnail","7":"category-etats-unis","8":"tag-actualites","9":"tag-aeronautique","10":"tag-etats-unis","11":"tag-etats-unis-damerique","12":"tag-news","13":"tag-transport","14":"tag-united-states","15":"tag-united-states-of-america","16":"tag-us","17":"tag-usa"},"share_on_mastodon":{"url":"https:\/\/pubeurope.com\/@fr\/114837808992162505","error":""},"_links":{"self":[{"href":"https:\/\/www.europesays.com\/fr\/wp-json\/wp\/v2\/posts\/243870","targetHints":{"allow":["GET"]}}],"collection":[{"href":"https:\/\/www.europesays.com\/fr\/wp-json\/wp\/v2\/posts"}],"about":[{"href":"https:\/\/www.europesays.com\/fr\/wp-json\/wp\/v2\/types\/post"}],"author":[{"embeddable":true,"href":"https:\/\/www.europesays.com\/fr\/wp-json\/wp\/v2\/users\/2"}],"replies":[{"embeddable":true,"href":"https:\/\/www.europesays.com\/fr\/wp-json\/wp\/v2\/comments?post=243870"}],"version-history":[{"count":0,"href":"https:\/\/www.europesays.com\/fr\/wp-json\/wp\/v2\/posts\/243870\/revisions"}],"wp:featuredmedia":[{"embeddable":true,"href":"https:\/\/www.europesays.com\/fr\/wp-json\/wp\/v2\/media\/2837"}],"wp:attachment":[{"href":"https:\/\/www.europesays.com\/fr\/wp-json\/wp\/v2\/media?parent=243870"}],"wp:term":[{"taxonomy":"category","embeddable":true,"href":"https:\/\/www.europesays.com\/fr\/wp-json\/wp\/v2\/categories?post=243870"},{"taxonomy":"post_tag","embeddable":true,"href":"https:\/\/www.europesays.com\/fr\/wp-json\/wp\/v2\/tags?post=243870"}],"curies":[{"name":"wp","href":"https:\/\/api.w.org\/{rel}","templated":true}]}}