{"id":243873,"date":"2025-07-12T02:05:15","date_gmt":"2025-07-12T02:05:15","guid":{"rendered":"https:\/\/www.europesays.com\/fr\/243873\/"},"modified":"2025-07-12T02:05:15","modified_gmt":"2025-07-12T02:05:15","slug":"en-rhenanie-palatinat-les-membres-de-lafd-ne-pourront-plus-etre-fonctionnaires","status":"publish","type":"post","link":"https:\/\/www.europesays.com\/fr\/243873\/","title":{"rendered":"en Rh\u00e9nanie-Palatinat, les membres de l\u2019AfD ne pourront plus \u00eatre fonctionnaires"},"content":{"rendered":"<p>Le minist\u00e8re du Land tenu par les sociaux-d\u00e9mocrates a d\u00e9cid\u00e9 de faire \u00e9voluer ses r\u00e8gles pour exclure tout membre du parti Alternative f\u00fcr Deutschland de la fonction publique. Cela ranime un vif d\u00e9bat outre-Rhin.<\/p>\n<p class=\"fig-paragraph\">Dans le Land de Rh\u00e9nanie-Palatinat, \u00e0 l\u2019ouest de l\u2019Allemagne, les membres du parti\u00a0<a href=\"http:\/\/www.lefigaro.fr\/international\/autrefois-marginalise-l-afd-fait-desormais-jeu-egal-avec-le-spd-et-les-verts-dans-l-ouest-de-l-allemagne-20250217\" target=\"_blank\" data-fig-type=\"Article\" rel=\"noopener nofollow\" data-gtm-custom-categorie=\"navigation\" data-gtm-custom-action=\"crossclick\" data-gtm-custom-label=\"Contextuel\" data-gtm-event=\"customEventSPE\" data-fig-domain=\"LEFIGARO\">Alternative f\u00fcr Deutschland<\/a>\u00a0(Alternative pour l\u2019Allemagne), officiellement class\u00e9 d\u2019extr\u00eame droite, ne sont plus autoris\u00e9s \u00e0 travailler dans la fonction publique. Cela fait suite \u00e0 une d\u00e9cision du minist\u00e8re de l\u2019Int\u00e9rieur de l\u2019\u00c9tat f\u00e9d\u00e9r\u00e9 frontalier de la France, rendue publique jeudi 10 juillet, renfor\u00e7ant les obligations constitutionnelles des agents afin de \u00ablutter syst\u00e9matiquement contre les ennemis de la Constitution dans la fonction publique\u00bb, indique l\u2019institution dans\u00a0<a href=\"https:\/\/mdi.rlp.de\/service\/pressemitteilungen\/detail\/ebling-verfassungstreue-nicht-nur-ein-lippenbekenntnis\" target=\"_blank\" rel=\"sponsored noopener nofollow\" data-gtm-custom-categorie=\"navigation\" data-gtm-custom-action=\"crossclick\" data-gtm-custom-label=\"Contextuel\" data-gtm-event=\"customEventSPE\">un communiqu\u00e9<\/a>.<\/p>\n<p class=\"fig-paragraph\">D\u00e9sormais, les candidats devront obligatoirement compl\u00e9ter une d\u00e9claration \u00e9crite de loyaut\u00e9 \u00e0 la Constitution lors du processus de recrutement, dans laquelle ils devront assurer qu\u2019ils n\u2019appartiennent \u00e0 aucune \u00aborganisation extr\u00e9miste\u00bb et qu\u2019ils n\u2019en ont jamais \u00e9t\u00e9 membre au cours des cinq derni\u00e8res ann\u00e9es. Toute personne refusant d\u2019\u00e9crire cette d\u00e9claration et ne pouvant \u00abdissiper les doutes quant \u00e0 sa loyaut\u00e9 \u00e0 la Constitution ne sera pas embauch\u00e9e dans la fonction publique\u00bb, pr\u00e9cise le communiqu\u00e9. Or, la liste des groupes consid\u00e9r\u00e9s comme extr\u00e9mistes inclut l\u2019AfD, a annonc\u00e9 jeudi \u00e0 Mayence le ministre de l\u2019Int\u00e9rieur Michael Ebling (SPD), cit\u00e9 par le quotidien lib\u00e9ral conservateur\u00a0<a href=\"https:\/\/www.welt.de\/politik\/deutschland\/article256379708\/Rheinland-Pfalz-stellt-keine-AfD-Mitglieder-mehr-als-Beamte-ein-Kritik-von-CDU-Mann.html\" target=\"_blank\" rel=\"sponsored noopener nofollow\" data-gtm-custom-categorie=\"navigation\" data-gtm-custom-action=\"crossclick\" data-gtm-custom-label=\"Contextuel\" data-gtm-event=\"customEventSPE\">Die Welt<\/a> .<\/p>\n<p>                                    <a class=\"fig-a11y-skip a11y-hidden\" href=\"#fig-a11y-skip-main-inarticle\"><br \/>\n        Passer la publicit\u00e9<br \/>\n    <\/a><\/p>\n<p class=\"fig-paragraph\">\u00abLa loyaut\u00e9 \u00e0 la Constitution n\u2019est ni un v\u0153u pieux, ni une recommandation ; c\u2019est le devoir inali\u00e9nable de tout fonctionnaire de notre pays\u00bb, a ainsi soulign\u00e9 le responsable social-d\u00e9mocrate. \u00abQuiconque soutient des initiatives extr\u00e9mistes, participe \u00e0 des groupes anticonstitutionnels ou manifeste un rejet profond des valeurs fondamentales de notre Constitution n\u2019a pas sa place dans la fonction publique. L\u2019appartenance \u00e0 un parti ou \u00e0 une organisation class\u00e9e comme extr\u00e9miste peut m\u00eame constituer une faute disciplinaire. Les infractions manifestes peuvent entra\u00eener la r\u00e9vocation\u00bb, a pr\u00e9cis\u00e9 de fa\u00e7on draconienne son minist\u00e8re.<\/p>\n<p>Critiques de l\u2019AFD, et de la CDU<\/p>\n<p class=\"fig-paragraph\">Le d\u00e9put\u00e9 Sebastian M\u00fcnzenmaier, issu du Land de Rh\u00e9nanie-Palatinat et chef adjoint du groupe parlementaire de l\u2019AfD au Bundestag, s\u2019est imm\u00e9diatement \u00e9rig\u00e9 contre cette d\u00e9cision. \u00abLe ministre de l\u2019Int\u00e9rieur SPD de Rh\u00e9nanie-Palatinat veut interdire aux membres de l\u2019AfD d\u2019exercer certaines professions. Mais \u00e7a, nous ne l\u2019accepterons absolument pas. Cher SPD de Rh\u00e9nanie-Palatinat, c\u2019est une promesse\u00a0: nous allons vous \u00e9craser politiquement\u00a0!\u00bb, a-t-il \u00e9crit sur X.<\/p>\n<p class=\"fig-paragraph\">La CDU a \u00e9galement d\u00e9cri\u00e9 cette nouvelle r\u00e9glementation inflammable. \u00abCe que le ministre de l\u2019Int\u00e9rieur Ebling pr\u00e9sente aujourd\u2019hui rel\u00e8ve davantage de la mise en sc\u00e8ne que du concret\u00bb, a ainsi d\u00e9clar\u00e9 \u00e0 Die Welt Gordon Schnieder, chef du groupe parlementaire r\u00e9gional de la CDU. Il a critiqu\u00e9 une \u00abmise en sc\u00e8ne politique\u00bb et un \u00abcalcul partisan sur un sujet extr\u00eamement sensible (&#8230;) pouss\u00e9 par une d\u00e9cision impopulaire du congr\u00e8s f\u00e9d\u00e9ral du SPD\u00bb. Le 29 juin dernier, les d\u00e9l\u00e9gu\u00e9s du SPD r\u00e9unis \u00e0 Berlin ont effectivement d\u00e9cid\u00e9 de lancer un travail pr\u00e9paratoire en vue d\u2019une demande de proc\u00e9dure d\u2019<a href=\"http:\/\/www.lefigaro.fr\/flash-actu\/des-milliers-de-manifestants-en-allemagne-pour-l-interdiction-de-l-afd-20250511\" target=\"_blank\" data-fig-type=\"NewsFlash\" rel=\"noopener nofollow\" data-gtm-custom-categorie=\"navigation\" data-gtm-custom-action=\"crossclick\" data-gtm-custom-label=\"Contextuel\" data-gtm-event=\"customEventSPE\" data-fig-domain=\"LEFIGARO\">interdiction de l\u2019AfD<\/a>. Seulement deux partis politiques ont \u00e9t\u00e9 interdits dans l\u2019histoire de la R\u00e9publique f\u00e9d\u00e9rale d\u2019Allemagne\u00a0: un parti n\u00e9onazi en 1952, et le Parti communiste d\u2019Allemagne (KPD) en 1956.<\/p>\n<p class=\"fig-paragraph\">Une telle initiative, qui devrait r\u00e9colter au moins deux tiers des voix du Bundestag (l\u2019assembl\u00e9e parlementaire allemande) ou du Bundesrat (le conseil des 16 L\u00e4nder) avant d\u2019\u00eatre transmise \u00e0 la Cour constitutionnelle, a peu de chances d\u2019aboutir car les conservateurs de la CDU, dont le chancelier\u00a0<a href=\"http:\/\/www.lefigaro.fr\/international\/face-a-trump-merz-affronte-sa-premiere-grande-epreuve-diplomatique-20250605\" target=\"_blank\" data-fig-type=\"Article\" rel=\"noopener nofollow\" data-gtm-custom-categorie=\"navigation\" data-gtm-custom-action=\"crossclick\" data-gtm-custom-label=\"Contextuel\" data-gtm-event=\"customEventSPE\" data-fig-domain=\"LEFIGARO\">Friedrich Merz<\/a>\u00a0gouverne dans le cadre d\u2019une coalition avec le SPD, y sont oppos\u00e9s. Toutefois, elle ranime un d\u00e9bat particuli\u00e8rement vif en Allemagne sur la fa\u00e7on de traiter l\u2019AfD, tr\u00e8s \u00e0 droite et en constante progression \u00e9lectorale.<\/p>\n<p><strong>D\u00e9bat enflamm\u00e9 en Allemagne<\/strong><\/p>\n<p class=\"fig-paragraph\">Cr\u00e9\u00e9e en 2013 dans le contexte de la crise des dettes souveraines, l\u2019AfD \u00e9tait \u00e0 l\u2019origine concentr\u00e9e sur la proposition de sortir l\u2019Allemagne de la zone euro. Le parti a ensuite fait de la lutte contre l\u2019immigration son principal cheval de bataille \u00e0 partir de la crise migratoire de 2015-2016, \u00e0 l\u2019issue de laquelle il est entr\u00e9 pour la premi\u00e8re fois au Bundestag en 2017 avec pr\u00e8s de 13% des voix.<\/p>\n<p>                                    <a class=\"fig-a11y-skip a11y-hidden\" href=\"#fig-a11y-skip-main-inarticle_mtf\"><br \/>\n        Passer la publicit\u00e9<br \/>\n    <\/a><\/p>\n<p class=\"fig-paragraph\">Il est aujourd\u2019hui copr\u00e9sid\u00e9 par\u00a0<a href=\"http:\/\/www.lefigaro.fr\/international\/alice-weidel-candidate-d-extreme-droite-a-la-chancellerie-allemande-verbe-haut-et-ambitions-limitees-20241207\" target=\"_blank\" data-fig-type=\"Article\" rel=\"noopener nofollow\" data-gtm-custom-categorie=\"navigation\" data-gtm-custom-action=\"crossclick\" data-gtm-custom-label=\"Contextuel\" data-gtm-event=\"customEventSPE\" data-fig-domain=\"LEFIGARO\">Alice Weidel<\/a>, connue pour ses\u00a0<a href=\"http:\/\/www.lefigaro.fr\/international\/legislatives-allemandes-la-fuite-en-avant-radicale-d-alice-weidel-20250114\" target=\"_blank\" data-fig-type=\"Article\" rel=\"noopener nofollow\" data-gtm-custom-categorie=\"navigation\" data-gtm-custom-action=\"crossclick\" data-gtm-custom-label=\"Contextuel\" data-gtm-event=\"customEventSPE\" data-fig-domain=\"LEFIGARO\">d\u00e9clarations incisives<\/a>\u00a0et son profil qui tranche avec sa d\u00e9fense des valeurs traditionnelles\u00a0: \u00e9conomiste de formation, ancienne conseill\u00e8re chez Goldman Sachs, elle est ouvertement lesbienne et vit en Suisse avec sa compagne d\u2019origine sri lankaise. Alice Weidel rejette l\u2019\u00e9tiquette \u00abextr\u00eame droite\u00bb et pr\u00e9f\u00e8re d\u00e9finir son identit\u00e9 politique et celle de son parti comme \u00ablibertarienne et conservatrice\u00bb.<\/p>\n<p class=\"fig-paragraph\">N\u00e9anmoins, l\u2019AfD a plusieurs fois suscit\u00e9 la controverse en Allemagne, par exemple en janvier 2024 lorsque le m\u00e9dia d\u2019investigation ind\u00e9pendant\u00a0<a href=\"https:\/\/correctiv.org\/aktuelles\/neue-rechte\/2024\/01\/10\/geheimplan-remigration-vertreibung-afd-rechtsextreme-november-treffen\/\" target=\"_blank\" rel=\"sponsored noopener nofollow\" data-gtm-custom-categorie=\"navigation\" data-gtm-custom-action=\"crossclick\" data-gtm-custom-label=\"Contextuel\" data-gtm-event=\"customEventSPE\">Correctiv<\/a> \u00a0avait r\u00e9v\u00e9l\u00e9 l\u2019organisation en novembre 2023 pr\u00e8s de Potsdam d\u2019une r\u00e9union secr\u00e8te en pr\u00e9sence de cadres du parti portant sur un projet de \u00ab<a href=\"http:\/\/www.lefigaro.fr\/politique\/scandale-de-la-remigration-l-afd-va-clarifier-par-ecrit-ses-positions-controversees-aupres-du-rn-20240225\" target=\"_blank\" data-fig-type=\"NewsFlash\" rel=\"noopener nofollow\" data-gtm-custom-categorie=\"navigation\" data-gtm-custom-action=\"crossclick\" data-gtm-custom-label=\"Contextuel\" data-gtm-event=\"customEventSPE\" data-fig-domain=\"LEFIGARO\">remigration<\/a> \u00bb. Celui-ci consistait en un plan d\u2019expulsion massive de millions de migrants vivant en Allemagne, \u00e0 la fois des \u00e9trangers, des demandeurs d\u2019asiles et des \u00abcitoyens non-assimil\u00e9s\u00bb (de nationalit\u00e9 allemande tout en ayant une origine \u00e9trang\u00e8re).<\/p>\n<p>R\u00e9f\u00e9rences ambigu\u00ebs au Troisi\u00e8me Reich<\/p>\n<p class=\"fig-paragraph\">Par ailleurs, Bj\u00f6rn H\u00f6cke, l\u2019une des figures les plus radicales de l\u2019AfD, pr\u00e9sident du parti dans le Land est-allemand de\u00a0<a href=\"http:\/\/www.lefigaro.fr\/international\/allemagne-l-extreme-droite-remporte-pour-la-premiere-fois-un-scrutin-regional-20240901\" target=\"_blank\" data-fig-type=\"NewsFlash\" rel=\"noopener nofollow\" data-gtm-custom-categorie=\"navigation\" data-gtm-custom-action=\"crossclick\" data-gtm-custom-label=\"Contextuel\" data-gtm-event=\"customEventSPE\" data-fig-domain=\"LEFIGARO\">Thuringe<\/a>\u00a0o\u00f9 il l\u2019avait men\u00e9 \u00e0 la victoire aux \u00e9lections r\u00e9gionales de septembre 2024, a \u00e9t\u00e9 condamn\u00e9 par la justice allemande l\u2019ann\u00e9e derni\u00e8re pouvoir avoir proclam\u00e9 la phrase \u00ab Alles f\u00fcr Deutschland\u00a0!\u00a0\u00bb (\u00ab Tout pour l\u2019Allemagne\u00a0\u00bb). Ce slogan utilis\u00e9 par les SA, organisation paramilitaire du parti national-socialiste qui avait jou\u00e9 un r\u00f4le important dans la conqu\u00eate du pouvoir par Adolf Hitler en 1933, est aujourd\u2019hui interdit en Allemagne.<\/p>\n<p class=\"fig-paragraph\">De m\u00eame, l\u2019AfD a \u00e9t\u00e9 plusieurs fois \u00e9pingl\u00e9e pour l\u2019emploi d\u2019\u00e9l\u00e9ments de communication plus ou moins explicitement li\u00e9s au nazisme, par exemple sur une affiche de campagne pour les derni\u00e8res \u00e9lections r\u00e9gionales en Brandebourg o\u00f9 les bras de deux parents se rejoignant pour former le toit d\u2019une maison sugg\u00e9raient un parall\u00e8le troublant avec le salut nazi. Le parti controvers\u00e9 avait m\u00eame opt\u00e9 pour le slogan \u00ab Alice f\u00fcr Deutschland\u00a0\u00bb lors de la campagne pour les \u00e9lections f\u00e9d\u00e9rales de f\u00e9vrier 2025, sugg\u00e9rant une nouvelle r\u00e9f\u00e9rence confuse au slogan des SA \u00e0 travers la figure d\u2019Alice Weidel.<\/p>\n<p>Un parti sous surveillance g\u00e9n\u00e9ralis\u00e9e<\/p>\n<p class=\"fig-paragraph\">En mars 2021, l\u2019office f\u00e9d\u00e9ral de protection de la Constitution (BfV), charg\u00e9 du renseignement int\u00e9rieur, avait plac\u00e9 l\u2019ensemble de l\u2019AfD sous surveillance en tant que\u202f\u00abVerdachtsfall\u00bb (cas suspect) d\u2019extr\u00e9misme de droite. Puis, face aux \u00abindices selon lesquels l\u2019AfD aurait des aspirations contre l\u2019ordre fondamental lib\u00e9ral et d\u00e9mocratique\u00bb qui seraient devenues des \u00abcertitudes\u00bb,\u00a0<a href=\"http:\/\/www.lefigaro.fr\/international\/allemagne-le-parti-afd-confirme-extremiste-de-droite-par-le-renseignement-interieur-20250502\" target=\"_blank\" data-fig-type=\"NewsFlash\" rel=\"noopener nofollow\" data-gtm-custom-categorie=\"navigation\" data-gtm-custom-action=\"crossclick\" data-gtm-custom-label=\"Contextuel\" data-gtm-event=\"customEventSPE\" data-fig-domain=\"LEFIGARO\">l\u2019office de protection de la Constitution<\/a>\u00a0a d\u00e9cid\u00e9 le 2 mai 2025 de classer le parti AfD comme \u00abextr\u00e9miste de droite av\u00e9r\u00e9\u00bb. Cette classification conf\u00e8re aux autorit\u00e9s des moyens encore plus importants de surveillance et de contr\u00f4le, y compris des communications priv\u00e9es. L\u2019agence f\u00e9d\u00e9rale avait notamment justifi\u00e9 sa d\u00e9cision en affirmant que \u00abla conception du peuple bas\u00e9e sur l\u2019ethnie et l\u2019origine qui pr\u00e9vaut au sein du parti n\u2019est pas compatible avec l\u2019ordre fondamental lib\u00e9ral et d\u00e9mocratique\u00bb de l\u2019Allemagne.<\/p>\n<p>                                    <a class=\"fig-a11y-skip a11y-hidden\" href=\"#fig-a11y-skip-main-inarticle_btf\"><br \/>\n        Passer la publicit\u00e9<br \/>\n    <\/a><\/p>\n<p class=\"fig-paragraph\">Le secr\u00e9taire d\u2019\u00c9tat am\u00e9ricain\u00a0<a href=\"http:\/\/www.lefigaro.fr\/international\/parti-afd-classe-extremiste-de-droite-en-allemagne-rubio-denonce-une-tyrannie-20250502\" target=\"_blank\" data-fig-type=\"NewsFlash\" rel=\"noopener nofollow\" data-gtm-custom-categorie=\"navigation\" data-gtm-custom-action=\"crossclick\" data-gtm-custom-label=\"Contextuel\" data-gtm-event=\"customEventSPE\" data-fig-domain=\"LEFIGARO\">Marco Rubio<\/a>\u00a0avait alors d\u00e9nonc\u00e9 sur X une \u00abtyrannie d\u00e9guis\u00e9e\u00bb, appelant les autorit\u00e9s allemandes \u00e0 faire \u00abmarche arri\u00e8re\u00bb. Le vice-pr\u00e9sident am\u00e9ricain, JD Vance, s\u2019en \u00e9tait lui aussi pris de fa\u00e7on v\u00e9h\u00e9mente aux autorit\u00e9s allemandes, en affirmant sur X\u00a0: \u00abL\u2019AfD est le parti le plus populaire d\u2019Allemagne, et de loin le plus repr\u00e9sentatif de l\u2019Allemagne de l\u2019Est. Aujourd\u2019hui, les bureaucrates tentent de le d\u00e9truire. L\u2019Ouest a abattu le mur de Berlin. Il a \u00e9t\u00e9 reconstruit, non pas par les Sovi\u00e9tiques ni les Russes, mais par l\u2019establishment allemand\u00bb.<\/p>\n<p class=\"fig-paragraph\">L\u2019AfD, \u00e0 laquelle Elon Musk avait d\u2019ailleurs apport\u00e9 son soutien en affirmant notamment le 21 d\u00e9cembre 2024 que \u00abseule l\u2019AfD peut sauver l\u2019Allemagne\u00bb, avait effectu\u00e9 une\u00a0<a href=\"http:\/\/www.lefigaro.fr\/flash-actu\/allemagne-les-conservateurs-remportent-les-elections-legislatives-resultat-historique-pour-l-afd-20250223\" target=\"_blank\" data-fig-type=\"NewsFlash\" rel=\"noopener nofollow\" data-gtm-custom-categorie=\"navigation\" data-gtm-custom-action=\"crossclick\" data-gtm-custom-label=\"Contextuel\" data-gtm-event=\"customEventSPE\" data-fig-domain=\"LEFIGARO\">perc\u00e9e historique<\/a>\u00a0lors des derni\u00e8res \u00e9lections f\u00e9d\u00e9rales, le 23 f\u00e9vrier 2025, en r\u00e9coltant pr\u00e8s de 21% des voix et un quart des si\u00e8ges au Bundestag. L\u2019AfD avait ainsi termin\u00e9 derri\u00e8re la CDU de Friedrich Merz mais devant les sociaux-d\u00e9mocrates du SPD, le parti de gouvernement historique en Allemagne avec son pendant de centre droit, qui n\u2019avait jamais \u00e9chou\u00e9 \u00e0 figurer parmi les deux premi\u00e8res forces politiques aux \u00e9lections l\u00e9gislatives (ni obtenu moins de 20% des voix) depuis la cr\u00e9ation de la R\u00e9publique f\u00e9d\u00e9rale d\u2019Allemagne en 1949.<\/p>\n","protected":false},"excerpt":{"rendered":"Le minist\u00e8re du Land tenu par les sociaux-d\u00e9mocrates a d\u00e9cid\u00e9 de faire \u00e9voluer ses r\u00e8gles pour exclure tout&hellip;\n","protected":false},"author":2,"featured_media":243874,"comment_status":"","ping_status":"","sticky":false,"template":"","format":"standard","meta":{"footnotes":""},"categories":[1587],"tags":[11,1862,672,1804,1805,1803,1777,674,1801,12,1802,15770],"class_list":{"0":"post-243873","1":"post","2":"type-post","3":"status-publish","4":"format-standard","5":"has-post-thumbnail","7":"category-allemagne","8":"tag-actualites","9":"tag-afd","10":"tag-allemagne","11":"tag-bundesrepublik-deutschland","12":"tag-de","13":"tag-deutschland","14":"tag-eu","15":"tag-europe","16":"tag-germany","17":"tag-news","18":"tag-republique-federale-dallemagne","19":"tag-spd"},"share_on_mastodon":{"url":"https:\/\/pubeurope.com\/@fr\/114837816834671224","error":""},"_links":{"self":[{"href":"https:\/\/www.europesays.com\/fr\/wp-json\/wp\/v2\/posts\/243873","targetHints":{"allow":["GET"]}}],"collection":[{"href":"https:\/\/www.europesays.com\/fr\/wp-json\/wp\/v2\/posts"}],"about":[{"href":"https:\/\/www.europesays.com\/fr\/wp-json\/wp\/v2\/types\/post"}],"author":[{"embeddable":true,"href":"https:\/\/www.europesays.com\/fr\/wp-json\/wp\/v2\/users\/2"}],"replies":[{"embeddable":true,"href":"https:\/\/www.europesays.com\/fr\/wp-json\/wp\/v2\/comments?post=243873"}],"version-history":[{"count":0,"href":"https:\/\/www.europesays.com\/fr\/wp-json\/wp\/v2\/posts\/243873\/revisions"}],"wp:featuredmedia":[{"embeddable":true,"href":"https:\/\/www.europesays.com\/fr\/wp-json\/wp\/v2\/media\/243874"}],"wp:attachment":[{"href":"https:\/\/www.europesays.com\/fr\/wp-json\/wp\/v2\/media?parent=243873"}],"wp:term":[{"taxonomy":"category","embeddable":true,"href":"https:\/\/www.europesays.com\/fr\/wp-json\/wp\/v2\/categories?post=243873"},{"taxonomy":"post_tag","embeddable":true,"href":"https:\/\/www.europesays.com\/fr\/wp-json\/wp\/v2\/tags?post=243873"}],"curies":[{"name":"wp","href":"https:\/\/api.w.org\/{rel}","templated":true}]}}