{"id":243885,"date":"2025-07-12T02:13:16","date_gmt":"2025-07-12T02:13:16","guid":{"rendered":"https:\/\/www.europesays.com\/fr\/243885\/"},"modified":"2025-07-12T02:13:16","modified_gmt":"2025-07-12T02:13:16","slug":"la-ffr-repond-sur-la-polemique-des-poules","status":"publish","type":"post","link":"https:\/\/www.europesays.com\/fr\/243885\/","title":{"rendered":"la FFR r\u00e9pond sur la pol\u00e9mique des poules"},"content":{"rendered":"<p>            Par<br \/>\n        <strong><br \/>\n            <a href=\"https:\/\/actu.fr\/auteur\/clement-mazella\" title=\"Consulter tous les articles de Cl\u00e9ment Mazella\" target=\"_blank\" rel=\"noopener\">Cl\u00e9ment Mazella<\/a><br \/>\n        <\/strong><\/p>\n<p>        Publi\u00e9 le<\/p>\n<p>            11 juil. 2025 \u00e0 17h42        <\/p>\n<p>\u00ab\u00a0Manque de respect\u00a0\u00bb, \u00ab\u00a0indignation\u00a0\u00bb, \u00ab\u00a0vive inqui\u00e9tude\u00a0\u00bb : plusieurs clubs de Nationale et <a href=\"https:\/\/actu.fr\/sports\/rugby\/amateurs\/rugby-federale-2-voici-les-poules-pour-la-saison-2025-2026-et-le-calendrier_62863533.html\" target=\"_blank\" rel=\"noopener\">F\u00e9d\u00e9rale<\/a> ont \u00e9t\u00e9 vent debout au sujet de <strong>la composition des poules<\/strong> \u00e9tablie par <a href=\"https:\/\/actu.fr\/tag\/ffr\" target=\"_blank\" rel=\"noopener\">la FFR<\/a> pour la saison 2025-2026. Une col\u00e8re qui a fait grand bruit, mais face \u00e0 laquelle l\u2019instance f\u00e9d\u00e9rale n\u2019a pas c\u00e9d\u00e9. <strong>Xabi Etcheverry<\/strong>, vice-pr\u00e9sident \u00e0 la FFR en charge des comp\u00e9titions et du rugby amateur, s\u2019est exprim\u00e9 aupr\u00e8s d\u2019<a href=\"https:\/\/actu.fr\/rugby\/\" target=\"_blank\" rel=\"noopener\">Actu Rugby<\/a> pour d\u00e9voiler comment les poules de ces divisions avaient \u00e9t\u00e9 faites, mais aussi les arbitrages. La part des m\u00e9contents est au final infime, et le Basque avoue avoir re\u00e7u des messages positifs, preuve d\u2019un travail peut-\u00eatre pas si mal fait que cela\u2026 Entretien.<\/p>\n<p class=\"ac-article-content__question wall-content\"><strong class=\"color-primary\">Actu : <\/strong>Expliquez-nous quelle a \u00e9t\u00e9 la r\u00e9flexion et la m\u00e9thodologie de la FFR pour constituer les poules de Nationale 2, F\u00e9d\u00e9rale 1, F\u00e9d\u00e9rale 2 et F\u00e9d\u00e9rale 3 qui ont g\u00e9n\u00e9r\u00e9 quelques tensions ? On imagine bien que ce fut un sacr\u00e9 casse-t\u00eate&#8230;<\/p>\n<p class=\" wall-content\"><strong class=\"color-primary\">Xabi Etcheverry : <\/strong>Vous imaginez bien ! Cela ne fut vraiment pas simple. La constitution des poules repose sur 5 crit\u00e8res principaux. Le premier, c&rsquo;est bien s\u00fbr la situation g\u00e9ographique des clubs. Le deuxi\u00e8me, c&rsquo;est d&rsquo;essayer de maintenir tant que faire se peut des derbies. La troisi\u00e8me, c&rsquo;est d&rsquo;essayer de tenir compte des arbitrages d\u00e9favorables qui ont pu \u00eatre faits la saison pr\u00e9c\u00e9dente. Chaque saison, certains clubs le sont, et on essaie de ne pas reproduire cela pour un club d&rsquo;une saison sur l&rsquo;autre. Le quatri\u00e8me, c&rsquo;est de tenir compte des dol\u00e9ances des clubs. Mais nous ne pouvons pas r\u00e9pondre favorablement \u00e0 chacune des demandes, c&rsquo;est impossible. La cinqui\u00e8me, c&rsquo;est d&rsquo;essayer d&rsquo;avoir un \u00e9quilibre global sur l&rsquo;ensemble de la comp\u00e9tition. Construire des poules, c&rsquo;est construire un puzzle, et il suffit de bouger une pi\u00e8ce pour que l&rsquo;ensemble soit d\u00e9s\u00e9quilibr\u00e9. Il faut bien avoir tout cela en t\u00eate. <\/p>\n<p class=\"ac-article-content__question wall-content\">Malgr\u00e9 toute la bonne volont\u00e9 du monde, il semble impossible de satisfaire tout le monde&#8230;<\/p>\n<p class=\" wall-content\"><strong class=\"color-primary\">X.E : <\/strong>Exactement ! Notre souhait le plus fort serait de satisfaire 100% des clubs. Mais c&rsquo;est un leurre, c&rsquo;est impossible. Nous essayons de faire du mieux possible, pour avoir le moins de m\u00e9contents. 100% de clubs contents, ce n&rsquo;est pas possible. Chaque saison apporte son lot de m\u00e9contents. Je tiens \u00e0 pr\u00e9ciser une chose : in fine, les m\u00e9contents repr\u00e9sentent 0,2% de l&rsquo;ensemble des clubs. Soit une grosse douzaine d&rsquo;\u00e9quipes. Il est bien de dire aussi que nous avons re\u00e7u des messages de clubs tr\u00e8s contents. Malheureusement, ils font moins de bruit. Notre travail n&rsquo;a pas \u00e9t\u00e9 si mal fait que cela&#8230;<\/p>\n<p class=\"ac-article-content__question wall-content\">Quand vous \u00eates contraint de faire des arbitrages, comment proc\u00e9dez-vous ? Que prenez-vous en compte en priorit\u00e9 ?<\/p>\n<p class=\" wall-content\"><strong class=\"color-primary\">X.E : <\/strong>Nous essayons, dans la mesure du possible, de ne pas reproduire un arbitrage d\u00e9favorable d&rsquo;une saison sur l&rsquo;autre. Le second point, c&rsquo;est que certains clubs sont m\u00e9contents de leur poule, mais peut-\u00eatre sans trop de raison non plus. Ce qu&rsquo;il faut avoir en t\u00eate, c&rsquo;est que quand nous sommes en Nationale, Nationale 2, F\u00e9d\u00e9rale 1 voire F\u00e9d\u00e9rale 2, il faut s&rsquo;attendre \u00e0 voyager. Moins il y a de clubs dans le niveau de comp\u00e9tition, moins le maillage est important, et plus la chance d&rsquo;avoir de longs voyages est d&rsquo;actualit\u00e9. C&rsquo;est avant tout g\u00e9ographique.<\/p>\n<p>Peu de contestataires, mais beaucoup de bruit<\/p>\n<p class=\"ac-article-content__question wall-content\">Ce n&rsquo;est pas votre premi\u00e8re ann\u00e9e \u00e0 ce poste de vice-pr\u00e9sident en charge des comp\u00e9titions. Avez-vous remarqu\u00e9 une contestation plus vive et vindicative cette saison ?<\/p>\n<p class=\" wall-content\"><strong class=\"color-primary\">X.E : <\/strong>Le nombre de clubs m\u00e9contents n&rsquo;est pas plus important. Par contre, ce qui est certain, c&rsquo;est qu&rsquo;ils ont fait plus de bruit. La mode est apparemment aux communiqu\u00e9s, voire aux communiqu\u00e9s tr\u00e8s vindicatifs pour certains d&rsquo;entre eux. <\/p>\n<p class=\"ac-article-content__question wall-content\">Un communiqu\u00e9 a beaucoup fait parler : celui r\u00e9dig\u00e9 conjointement par les clubs d&rsquo;Auch, Fleurance et Lannemezan. Ils ont menac\u00e9 de \u00ab\u00a0forfaits\u00a0\u00bb pour certains d\u00e9placements. Y avez-vous vu une certaine forme de chantage ?<\/p>\n<p class=\" wall-content\"><strong class=\"color-primary\">X.E : <\/strong>Je ne sais pas si la volont\u00e9 de ces clubs \u00e9tait de faire du chantage, mais quoi qu&rsquo;il en soit, \u00e7a n&rsquo;allait pas marcher. Ce n&rsquo;est ni la mani\u00e8re de fonctionner de la FFR, ni la mienne. Ce que je sais, c&rsquo;est que s&rsquo;ils vont au bout de leur d\u00e9marche, au-del\u00e0 de bafouer l&rsquo;\u00e9quit\u00e9 de la comp\u00e9tition, ils vont aussi faire du mal aux clubs o\u00f9 ils ne se rendront pas. Ce sont des recettes, des matchs \u00e0 jouer en moins pour ces derniers, et eux auront fait le d\u00e9placement chez ces clubs contestataires. J&rsquo;en appelle \u00e0 la responsabilit\u00e9 de chacun.<\/p>\n<p class=\"ac-article-content__question wall-content\">Ils mena\u00e7aient aussi d&rsquo;intenter une action en justice, voire de saisir le CNOSF. Avez-vous des informations \u00e0 ce sujet ?<\/p>\n<p class=\" wall-content\"><strong class=\"color-primary\">X.E : <\/strong>Je n&rsquo;ai pas de nouvelles concernant ces \u00e9ventualit\u00e9s-l\u00e0.<\/p>\n<p>Les critiques envers la FFR<\/p>\n<p class=\"ac-article-content__question wall-content\">Ces clubs ont tenu des mots tr\u00e8s durs envers la FFR, et point\u00e9 notamment du doigt \u00ab\u00a0du copinage\u00a0\u00bb. Comment avez-vous accueilli ces propos ?<\/p>\n<p class=\" wall-content\"><strong class=\"color-primary\">X.E : <\/strong>Tr\u00e8s mal ! A minima, c&rsquo;est maladroit. Je pense plut\u00f4t que c&rsquo;est irrespectueux de la FFR, et par ricochet de ses membres. In fine, c&rsquo;est inadmissible. <\/p>\n<p class=\"ac-article-content__question wall-content\">Vous \u00eates vous senti cibl\u00e9, vis\u00e9 par ces attaques, en tant qu&rsquo;ancien pr\u00e9sident du club basque de Nafarroa ?<\/p>\n<p class=\" wall-content\"><strong class=\"color-primary\">X.E : <\/strong>Je ne sais pas qui ces clubs me ciblaient. Ce que j&rsquo;observe, c&rsquo;est que la composition des poules faites par mes pr\u00e9d\u00e9cesseurs, qui n&rsquo;\u00e9taient pas basques, ne pla\u00e7ait pas les clubs basques avec des formations du Lyonnais ou du Sud-Est.<\/p>\n<p>    <img   decoding=\"async\" loading=\"lazy\" src=\"https:\/\/www.europesays.com\/fr\/wp-content\/uploads\/2025\/07\/xabi-etcheverry-vice-president-ffr-rugby-amateur-960x640.jpg\" alt=\"Xabi Etcheverry, vice-pr\u00e9sident \u00e0 la FFR en charge des comp\u00e9titions et du rugby amateur, s'est expliqu\u00e9 aupr\u00e8s d'Actu Rugby.\" width=\"960\" height=\"640\"\/><br \/>\n    Xabi Etcheverry, vice-pr\u00e9sident \u00e0 la FFR en charge des comp\u00e9titions et du rugby amateur, s\u2019est expliqu\u00e9 aupr\u00e8s d\u2019Actu Rugby. (\u00a9Icon Sport)L\u2019impact des d\u00e9placements sur les budgets des clubs<\/p>\n<p class=\"ac-article-content__question wall-content\">Les clubs m\u00e9contents \u00e9voquaient notamment que ces longs d\u00e9placements allaient les mettre \u00e0 mal sur le plan financier. Est-ce le cas, et la partie d\u00e9placement a-t-elle autant d&rsquo;impact sur les budgets des clubs ? <\/p>\n<p class=\" wall-content\"><strong class=\"color-primary\">X.E : <\/strong>Que l&rsquo;on soit clair : le budget des transports a une part importante, mais pour un budget d&rsquo;un club de Nationale 2, c&rsquo;est de l&rsquo;ordre de 2 \u00e0 10% au maximum du budget global. J&rsquo;ai du mal \u00e0 croire que ce soit cela qui mette \u00e0 mal les finances d&rsquo;un club. Il y a peut-\u00eatre d&rsquo;autres postes o\u00f9 il est tout \u00e0 fait possible de faire des \u00e9conomies d&rsquo;ordre beaucoup plus important. <\/p>\n<p class=\"ac-article-content__question wall-content\">Comme la masse salariale, mise en avant par le pr\u00e9sident Florian Grill lors de l&rsquo;Assembl\u00e9e G\u00e9n\u00e9rale de Clermont de d\u00e9but juillet&#8230;<\/p>\n<p class=\" wall-content\"><strong class=\"color-primary\">X.E : <\/strong>C&rsquo;est un tr\u00e8s bon exemple (rires). Je pense que c&rsquo;est une r\u00e9alit\u00e9&#8230;<\/p>\n<p class=\"ac-article-content__question wall-content\">Le pr\u00e9sident Grill avait aussi dit en f\u00e9vrier 2024 que les clubs vivaient au-dessus de leurs moyens&#8230; Toujours d&rsquo;actualit\u00e9 ?<\/p>\n<p class=\" wall-content\"><strong class=\"color-primary\">X.E : <\/strong>On peut penser que oui. Si des clubs sont tenus \u00e0 d\u00e9noncer une \u00e9ventuelle hausse du budget transport, cela veut dire que sur d&rsquo;autres lignes de budget, les pr\u00e9visions sont trop hautes. Et disons le clairement : sur la masse salariale. Elle est souvent la ligne la plus importante des clubs.<\/p>\n<p class=\"ac-article-content__question wall-content\">Est-ce que les clubs contestataires ont un espoir de voir leurs requ\u00eates aboutir et de voir leur poule bouger ? Ou tout est-il d\u00e9j\u00e0 ent\u00e9rin\u00e9 ?<\/p>\n<p class=\" wall-content\"><strong class=\"color-primary\">X.E : <\/strong>Il n&rsquo;y a plus aucun espoir de modification des poules ! Elles ont \u00e9t\u00e9 pr\u00e9sent\u00e9es et vot\u00e9es en marge du congr\u00e8s de Clermont. Elles sont d\u00e9finitivement ent\u00e9rin\u00e9es. <\/p>\n<p class=\" wall-content\">Suivez toute l\u2019actualit\u00e9 de vos villes et m\u00e9dias favoris en vous inscrivant \u00e0 <a href=\"https:\/\/moncompte.actu.fr\" title=\"D\u00e9couvez Mon Actu\" rel=\"nofollow noopener\" data-trk=\"{&quot;cta&quot;:{&quot;action&quot;:&quot;https:\\\/\\\/moncompte.actu.fr&quot;,&quot;category&quot;:&quot;mon compte&quot;,&quot;from&quot;:&quot;article footer&quot;,&quot;name&quot;:&quot;Mon actu&quot;,&quot;type&quot;:&quot;cta&quot;}}\" target=\"_blank\">Mon Actu<\/a>.<\/p>\n","protected":false},"excerpt":{"rendered":"Par Cl\u00e9ment Mazella Publi\u00e9 le 11 juil. 2025 \u00e0 17h42 \u00ab\u00a0Manque de respect\u00a0\u00bb, \u00ab\u00a0indignation\u00a0\u00bb, \u00ab\u00a0vive inqui\u00e9tude\u00a0\u00bb : plusieurs&hellip;\n","protected":false},"author":2,"featured_media":243886,"comment_status":"","ping_status":"","sticky":false,"template":"","format":"standard","meta":{"footnotes":""},"categories":[1416],"tags":[1011,27,4361,3788,479,4126,1468,60],"class_list":{"0":"post-243885","1":"post","2":"type-post","3":"status-publish","4":"format-standard","5":"has-post-thumbnail","7":"category-rugby","8":"tag-fr","9":"tag-france","10":"tag-nationale","11":"tag-pro","12":"tag-rugby","13":"tag-rugby-amateur","14":"tag-rugby-football","15":"tag-sports"},"share_on_mastodon":{"url":"https:\/\/pubeurope.com\/@fr\/114837848270492745","error":""},"_links":{"self":[{"href":"https:\/\/www.europesays.com\/fr\/wp-json\/wp\/v2\/posts\/243885","targetHints":{"allow":["GET"]}}],"collection":[{"href":"https:\/\/www.europesays.com\/fr\/wp-json\/wp\/v2\/posts"}],"about":[{"href":"https:\/\/www.europesays.com\/fr\/wp-json\/wp\/v2\/types\/post"}],"author":[{"embeddable":true,"href":"https:\/\/www.europesays.com\/fr\/wp-json\/wp\/v2\/users\/2"}],"replies":[{"embeddable":true,"href":"https:\/\/www.europesays.com\/fr\/wp-json\/wp\/v2\/comments?post=243885"}],"version-history":[{"count":0,"href":"https:\/\/www.europesays.com\/fr\/wp-json\/wp\/v2\/posts\/243885\/revisions"}],"wp:featuredmedia":[{"embeddable":true,"href":"https:\/\/www.europesays.com\/fr\/wp-json\/wp\/v2\/media\/243886"}],"wp:attachment":[{"href":"https:\/\/www.europesays.com\/fr\/wp-json\/wp\/v2\/media?parent=243885"}],"wp:term":[{"taxonomy":"category","embeddable":true,"href":"https:\/\/www.europesays.com\/fr\/wp-json\/wp\/v2\/categories?post=243885"},{"taxonomy":"post_tag","embeddable":true,"href":"https:\/\/www.europesays.com\/fr\/wp-json\/wp\/v2\/tags?post=243885"}],"curies":[{"name":"wp","href":"https:\/\/api.w.org\/{rel}","templated":true}]}}