{"id":243887,"date":"2025-07-12T02:14:12","date_gmt":"2025-07-12T02:14:12","guid":{"rendered":"https:\/\/www.europesays.com\/fr\/243887\/"},"modified":"2025-07-12T02:14:12","modified_gmt":"2025-07-12T02:14:12","slug":"en-controle-jannik-sinner-dispose-de-novak-djokovic-et-rejoint-carlos-alcaraz-en-finale","status":"publish","type":"post","link":"https:\/\/www.europesays.com\/fr\/243887\/","title":{"rendered":"en contr\u00f4le, Jannik Sinner dispose de Novak Djokovic et rejoint Carlos Alcaraz en finale"},"content":{"rendered":"<p>Aucun titre n\u2019a \u00e9chapp\u00e9 \u00e0 Sinner ou Alcaraz en Grand Chelem depuis l\u2019US Open 2023 remport\u00e9e par Djokovic. Le Serbe de 38\u00a0ans, actuel 6e mondial, n\u2019a jamais sembl\u00e9 en mesure de troubler Sinner, de 15\u00a0ans son cadet, sauf dans un troisi\u00e8me set o\u00f9 il a obtenu une balle de break pour mener 4-0.<\/p>\n<p>Mais Sinner l\u2019a \u00e9cart\u00e9e puis r\u00e9prim\u00e9 la r\u00e9volte, renversant totalement la dynamique pour conclure la partie en 1\u00a0h\u00a055 sur sa quatri\u00e8me balle de match. Djokovic n\u2019est pas apparu en pleine possession de ses moyens physiques. Il s\u2019est fait masser \u00e0 une cuisse \u00e0 la fin du deuxi\u00e8me set, deux jours apr\u00e8s une \u00ab\u00a0mauvaise glissade\u00a0\u00bb, selon ses mots, contre Flavio Cobolli.<\/p>\n<p>Revanche contre Alcaraz<\/p>\n<p>Au cr\u00e9puscule de sa carri\u00e8re, le champion aux 100 titres est anim\u00e9 par la qu\u00eate d\u2019un 25e titre en Grand Chelem. Il est pour l\u2019heure \u00e0 \u00e9galit\u00e9 avec l\u2019Australienne Margaret Court qui en a amass\u00e9 24, dont une partie avant l\u2019\u00e8re Open (inaugur\u00e9e en 1968) et le dernier en 1973. Ses meilleures chances pourraient survenir sur dur, \u00e0 l\u2019US Open \u00e0 la fin de l\u2019\u00e9t\u00e9 et surtout en janvier \u00e0 l\u2019Open d\u2019Australie, o\u00f9 il a \u00e9t\u00e9 sacr\u00e9 \u00e0 dix reprises.<\/p>\n<p>Dimanche, Sinner visera lui un 20e titre sur le circuit, le premier au All England Club et un quatri\u00e8me en Grand Chelem (deux en Australie, un \u00e0 l\u2019US Open). Il tentera aussi de prendre sa revanche sur Alcaraz, plus d\u2019un mois apr\u00e8s la finale renversante remport\u00e9e par l\u2019Espagnol au bout du suspense et en cinq sets \u00e0 Roland-Garros.<\/p>\n","protected":false},"excerpt":{"rendered":"Aucun titre n\u2019a \u00e9chapp\u00e9 \u00e0 Sinner ou Alcaraz en Grand Chelem depuis l\u2019US Open 2023 remport\u00e9e par Djokovic.&hellip;\n","protected":false},"author":2,"featured_media":243888,"comment_status":"","ping_status":"","sticky":false,"template":"","format":"standard","meta":{"footnotes":""},"categories":[1415],"tags":[1011,27,60,1467],"class_list":{"0":"post-243887","1":"post","2":"type-post","3":"status-publish","4":"format-standard","5":"has-post-thumbnail","7":"category-tennis","8":"tag-fr","9":"tag-france","10":"tag-sports","11":"tag-tennis"},"share_on_mastodon":{"url":"https:\/\/pubeurope.com\/@fr\/114837852130626539","error":""},"_links":{"self":[{"href":"https:\/\/www.europesays.com\/fr\/wp-json\/wp\/v2\/posts\/243887","targetHints":{"allow":["GET"]}}],"collection":[{"href":"https:\/\/www.europesays.com\/fr\/wp-json\/wp\/v2\/posts"}],"about":[{"href":"https:\/\/www.europesays.com\/fr\/wp-json\/wp\/v2\/types\/post"}],"author":[{"embeddable":true,"href":"https:\/\/www.europesays.com\/fr\/wp-json\/wp\/v2\/users\/2"}],"replies":[{"embeddable":true,"href":"https:\/\/www.europesays.com\/fr\/wp-json\/wp\/v2\/comments?post=243887"}],"version-history":[{"count":0,"href":"https:\/\/www.europesays.com\/fr\/wp-json\/wp\/v2\/posts\/243887\/revisions"}],"wp:featuredmedia":[{"embeddable":true,"href":"https:\/\/www.europesays.com\/fr\/wp-json\/wp\/v2\/media\/243888"}],"wp:attachment":[{"href":"https:\/\/www.europesays.com\/fr\/wp-json\/wp\/v2\/media?parent=243887"}],"wp:term":[{"taxonomy":"category","embeddable":true,"href":"https:\/\/www.europesays.com\/fr\/wp-json\/wp\/v2\/categories?post=243887"},{"taxonomy":"post_tag","embeddable":true,"href":"https:\/\/www.europesays.com\/fr\/wp-json\/wp\/v2\/tags?post=243887"}],"curies":[{"name":"wp","href":"https:\/\/api.w.org\/{rel}","templated":true}]}}