{"id":243889,"date":"2025-07-12T02:16:11","date_gmt":"2025-07-12T02:16:11","guid":{"rendered":"https:\/\/www.europesays.com\/fr\/243889\/"},"modified":"2025-07-12T02:16:11","modified_gmt":"2025-07-12T02:16:11","slug":"le-gp-dargentine-annonce-ne-pas-etre-au-calendrier-motogp-2026","status":"publish","type":"post","link":"https:\/\/www.europesays.com\/fr\/243889\/","title":{"rendered":"Le GP d&rsquo;Argentine annonce ne pas \u00eatre au calendrier MotoGP 2026"},"content":{"rendered":"<p>Tandis que le paddock MotoGP est install\u00e9 en Allemagne pour y disputer ce week-end la 11e manche de la saison, les organisateurs du GP d&rsquo;Argentine ont annonc\u00e9 que leur \u00e9preuve ne conserverait pas sa place au <a href=\"https:\/\/fr.motorsport.com\/motogp\/schedule\/2025\/?event_types%5B%5D=race\" target=\"_self\" rel=\"noopener\">calendrier<\/a> l&rsquo;ann\u00e9e prochaine.<\/p>\n<p>L&rsquo;information est venue du groupe OSD, en charge de l&rsquo;organisation de la course sud-am\u00e9ricaine, dans un communiqu\u00e9 qui cite \u00e9galement Dorna Sports. \u00ab\u00a0C&rsquo;est avec un profond regret que nous sommes contraints de confirmer qu&rsquo;en 2026, le championnat du monde MotoGP ne comptera pas de Grand Prix en Argentine, plus pr\u00e9cis\u00e9ment sur le circuit de Termas de R\u00edo Hondo\u00a0\u00bb, indique le communiqu\u00e9 publi\u00e9.<\/p>\n<p>\u00ab\u00a0Cette d\u00e9cision a \u00e9t\u00e9 prise apr\u00e8s le succ\u00e8s de l&rsquo;\u00e9dition 2025 et de nombreuses discussions ces derniers mois avec Dorna Sports et la province de Santiago del Estero, durant lesquelles nous avons analys\u00e9 toutes les alternatives possibles.\u00a0\u00bb<\/p>\n<p>\u00ab\u00a0Nous tenons \u00e0 exprimer notre gratitude \u00e0 Dorna Sports pour le temps consacr\u00e9 et leur disponibilit\u00e9 \u00e0 \u00e9tudier diff\u00e9rentes possibilit\u00e9s, ainsi qu&rsquo;\u00e0 la province de Santiago del Estero, qui a travaill\u00e9 chaque ann\u00e9e avec le plus grand professionnalisme pour offrir la meilleure \u00e9preuve possible. Nous remercions \u00e9galement les responsables du magnifique et incomparable Aut\u00f3dromo Termas de R\u00edo Hondo pour leur engagement et leurs efforts incessants, qui ont permis de faire du MotoGP une r\u00e9alit\u00e9 en Argentine pendant toutes ces ann\u00e9es.\u00a0\u00bb<\/p>\n<p>\u00a0<\/p>\n<p>Le GP d&rsquo;Argentine avait d\u00e9j\u00e0 \u00e9t\u00e9 \u00e9cart\u00e9 du calendrier MotoGP durant les ann\u00e9es Covid, puis en 2024 cette fois en raison de la politique de rigueur budg\u00e9taire impos\u00e9e par le pr\u00e9sident Javier Milei. \u00ab\u00a0Nous esp\u00e9rons pouvoir revenir en 2027\u00a0\u00bb, ajoutent les organisateurs en annon\u00e7ant leur absence pour la saison prochaine. Plusieurs options sont \u00e0 l&rsquo;\u00e9tude pour cela, notamment Termas de R\u00edo Hondo mais aussi le nouvel autodrome de Buenos Aires, r\u00e9cemment inspect\u00e9 par Carlos Ezpeleta, directeur sportif du MotoGP.<\/p>\n<p>Encore faudra-t-il qu&rsquo;il reste de la place au calendrier pour que l&rsquo;Argentine y soit \u00e0 nouveau int\u00e9gr\u00e9e. Car ce coup dur pour la course de Termas intervient alors qu&rsquo;un autre pays de la r\u00e9gion, le Br\u00e9sil, doit faire son grand retour au championnat \u00e0 partir de la saison 2026, sur le circuit de Goi\u00e2nia.<\/p>\n<p>Lire aussi :<\/p>\n<p>\u00ab\u00a0Nous voulons remercier la province de Santiago del Estero pour son soutien au MotoGP et sa grande hospitalit\u00e9 au fil des ann\u00e9es\u00a0\u00bb, ajoute la Dorna dans ce communiqu\u00e9. \u00ab\u00a0Non seulement envers la famille du MotoGP, mais aussi envers les nombreux fans qui se sont rendus chaque ann\u00e9e avec passion \u00e0 Termas de R\u00edo Hondo. Ce fut un honneur de faire partie de ce projet et de constater non seulement la croissance de l&rsquo;\u00e9preuve, mais aussi l&rsquo;effet positif du MotoGP sur la r\u00e9gion et le pays.\u00a0\u00bb<\/p>\n<p>\u00ab\u00a0Merci \u00e0 tous les fans d&rsquo;avoir rendu ce Grand Prix inoubliable ann\u00e9e apr\u00e8s ann\u00e9e. En plus du gouvernement de la province de Santiago del Estero, nous remercions \u00e9galement le promoteur de l&rsquo;\u00e9v\u00e9nement, le Groupe OSD, pour tout le travail accompli durant ce chapitre m\u00e9morable du Grand Prix de la R\u00e9publique argentine.\u00a0\u00bb<\/p>\n<p>\u00c0 ce stade, aucune annonce n&rsquo;a encore \u00e9t\u00e9 faite par le MotoGP quant au calendrier complet de la saison prochaine, celui de 2025 ayant \u00e9t\u00e9 annonc\u00e9 au mois de septembre l&rsquo;an dernier. Ces derniers jours, cependant, Assen a d\u00e9voil\u00e9 la date de son \u00e9preuve, r\u00e9v\u00e9lant qu&rsquo;elle aurait lieu du 26 au 28 juin 2026.<\/p>\n<p>Dans cet article<\/p>\n<p>Soyez le premier inform\u00e9 et souscrivez aux alertes mails pour recevoir les infos en temps r\u00e9el<\/p>\n<p>    S&rsquo;abonner aux alertes de news<\/p>\n","protected":false},"excerpt":{"rendered":"Tandis que le paddock MotoGP est install\u00e9 en Allemagne pour y disputer ce week-end la 11e manche de&hellip;\n","protected":false},"author":2,"featured_media":243890,"comment_status":"","ping_status":"","sticky":false,"template":"","format":"standard","meta":{"footnotes":""},"categories":[1413],"tags":[38351,1011,27,38350,1457,1456,1458,60],"class_list":{"0":"post-243889","1":"post","2":"type-post","3":"status-publish","4":"format-standard","5":"has-post-thumbnail","7":"category-moto","8":"tag-autodromo-termas-de-rio-hondo","9":"tag-fr","10":"tag-france","11":"tag-gp-dargentine","12":"tag-moto","13":"tag-motocycle","14":"tag-motogp","15":"tag-sports"},"share_on_mastodon":{"url":"https:\/\/pubeurope.com\/@fr\/114837860091874676","error":""},"_links":{"self":[{"href":"https:\/\/www.europesays.com\/fr\/wp-json\/wp\/v2\/posts\/243889","targetHints":{"allow":["GET"]}}],"collection":[{"href":"https:\/\/www.europesays.com\/fr\/wp-json\/wp\/v2\/posts"}],"about":[{"href":"https:\/\/www.europesays.com\/fr\/wp-json\/wp\/v2\/types\/post"}],"author":[{"embeddable":true,"href":"https:\/\/www.europesays.com\/fr\/wp-json\/wp\/v2\/users\/2"}],"replies":[{"embeddable":true,"href":"https:\/\/www.europesays.com\/fr\/wp-json\/wp\/v2\/comments?post=243889"}],"version-history":[{"count":0,"href":"https:\/\/www.europesays.com\/fr\/wp-json\/wp\/v2\/posts\/243889\/revisions"}],"wp:featuredmedia":[{"embeddable":true,"href":"https:\/\/www.europesays.com\/fr\/wp-json\/wp\/v2\/media\/243890"}],"wp:attachment":[{"href":"https:\/\/www.europesays.com\/fr\/wp-json\/wp\/v2\/media?parent=243889"}],"wp:term":[{"taxonomy":"category","embeddable":true,"href":"https:\/\/www.europesays.com\/fr\/wp-json\/wp\/v2\/categories?post=243889"},{"taxonomy":"post_tag","embeddable":true,"href":"https:\/\/www.europesays.com\/fr\/wp-json\/wp\/v2\/tags?post=243889"}],"curies":[{"name":"wp","href":"https:\/\/api.w.org\/{rel}","templated":true}]}}