{"id":243903,"date":"2025-07-12T02:23:12","date_gmt":"2025-07-12T02:23:12","guid":{"rendered":"https:\/\/www.europesays.com\/fr\/243903\/"},"modified":"2025-07-12T02:23:12","modified_gmt":"2025-07-12T02:23:12","slug":"cauchemar-en-cuisine-3h30-pour-lui-foutre-une-perruque-et-des-lunettes-ca-devient-grotesque-il-nous-la-joue-patron-incognito-philippe-etchebest-meconnaissable-les-internautes-se-moquent","status":"publish","type":"post","link":"https:\/\/www.europesays.com\/fr\/243903\/","title":{"rendered":"Cauchemar en cuisine &#8211; \u00ab\u00a03h30 pour lui foutre une perruque et des lunettes\u00a0\u00bb, \u00ab\u00a0\u00c7a devient grotesque\u00a0\u00bb, \u00ab\u00a0Il nous la joue Patron incognito\u00a0\u00bb : Philippe Etchebest m\u00e9connaissable ? Les internautes se moquent de sa transformation physique"},"content":{"rendered":"<p>Ce vendredi 11 juillet, M6 a diffus\u00e9 un num\u00e9ro un peu sp\u00e9cial de \u00ab\u00a0<a data-i13n=\"cpos:1;pos:1\" href=\"https:\/\/fr.news.yahoo.com\/chiffre-daffaires-progression-4-000-193000789.html\" data-ylk=\"slk:Cauchemar en cuisine;cpos:1;pos:1;elm:context_link;itc:0;sec:content-canvas;outcm:mb_qualified_link;_E:mb_qualified_link;ct:story;\" class=\"link  yahoo-link\" rel=\"nofollow noopener\" target=\"_blank\">Cauchemar en cuisine<\/a>\u00ab\u00a0, intitul\u00e9 \u00ab\u00a0Que sont-ils devenus ?\u00a0\u00bb. \u00c0 cette occasion, <a data-i13n=\"cpos:2;pos:1\" href=\"https:\/\/fr.style.yahoo.com\/philippe-etchebest-t-sauv%C3%A9-restaurant-175200386.html\" data-ylk=\"slk:le chef Philippe Etchebest;cpos:2;pos:1;elm:context_link;itc:0;sec:content-canvas;outcm:mb_qualified_link;_E:mb_qualified_link;ct:story;\" class=\"link  yahoo-link\" rel=\"nofollow noopener\" target=\"_blank\">le chef Philippe Etchebest<\/a> est reparti sur les routes, \u00e0 la rencontre d\u2019anciens restaurateurs en difficult\u00e9 qu\u2019il avait d\u00e9j\u00e0 aid\u00e9s par le pass\u00e9. Mais cette fois, il n\u2019est pas arriv\u00e9 <a data-i13n=\"cpos:3;pos:1\" href=\"https:\/\/fr.style.yahoo.com\/seul-produit-peut-faire-beaucoup-112300696.html\" data-ylk=\"slk:en cuisine;cpos:3;pos:1;elm:context_link;itc:0;sec:content-canvas;outcm:mb_qualified_link;_E:mb_qualified_link;ct:story;\" class=\"link  yahoo-link\" rel=\"nofollow noopener\" target=\"_blank\">en cuisine<\/a> avec son ton habituel : grim\u00e9, m\u00e9connaissable, il s\u2019est infiltr\u00e9 incognito pour observer discr\u00e8tement ce qu\u2019\u00e9taient devenus <a data-i13n=\"cpos:4;pos:1\" href=\"https:\/\/fr.news.yahoo.com\/gagnant-top-chef-2025-victoire-034513759.html\" data-ylk=\"slk:ces \u00e9tablissements;cpos:4;pos:1;elm:context_link;itc:0;sec:content-canvas;outcm:mb_qualified_link;_E:mb_qualified_link;ct:story;\" class=\"link  yahoo-link\" rel=\"nofollow noopener\" target=\"_blank\">ces \u00e9tablissements<\/a>.<\/p>\n<p>\u00c0 Chamb\u00e9ry (Savoie), il a retrouv\u00e9 Christine, \u00e0 la t\u00eate du plus vieux restaurant de la ville, dont les cuisines \u00e9taient dans un \u00e9tat catastrophique. Puis, il s\u2019est rendu \u00e0 Saint-Astier, en Dordogne, o\u00f9 Patrick avait autrefois servi des plats industriels sans \u00e2me. Enfin, direction Saint-Vrain, en Essonne, pour revoir Steve, marqu\u00e9 par le d\u00e9c\u00e8s soudain de son chef. Tous avaient re\u00e7u les conseils muscl\u00e9s de Philippe Etchebest\u2026 mais les ont-ils suivis ? Cette visite surprise a permis d\u2019en juger&#8230; Et le chef n&rsquo;\u00e9tait pas au bout de ses peines.<\/p>\n<p>Une mission incognito soigneusement pr\u00e9par\u00e9e<\/p>\n<p>Pour sa visite \u00e0 Chamb\u00e9ry, Philippe Etchebest avait une id\u00e9e bien pr\u00e9cise en t\u00eate. Lors de son premier passage, il avait trouv\u00e9 Christine, la g\u00e9rante, compl\u00e8tement paralys\u00e9e par le stress. La simple vue du chef \u00e9toil\u00e9 l\u2019avait fait perdre tous ses moyens. Alors, cette fois, pas question de d\u00e9barquer en uniforme. Pour observer les choses sans influencer le comportement de la restauratrice, il a d\u00e9cid\u00e9 de revenir&#8230; incognito.<\/p>\n<p>Et pour passer inaper\u00e7u, il a mis les bouch\u00e9es doubles. Exit le cr\u00e2ne ras\u00e9 et le regard per\u00e7ant : Philippe Etchebest s\u2019est transform\u00e9 de la t\u00eate aux pieds. Perruque poivre et sel, lunettes \u00e9paisses, proth\u00e8se nasale, b\u00e9quille et v\u00eatements amples\u2026 rien n\u2019a \u00e9t\u00e9 laiss\u00e9 au hasard. \u00ab\u00a0Je compte sur vous pour qu\u2019on ne me reconnaisse pas\u00a0\u00bb, a-t-il gliss\u00e9 avec malice \u00e0 la production, qui l\u2019a accompagn\u00e9 dans cette op\u00e9ration camouflage. Pour renforcer son sc\u00e9nario, une complice s\u2019est gliss\u00e9e \u00e0 ses c\u00f4t\u00e9s en se faisant passer pour sa petite-fille intol\u00e9rante au lactose. Objectif : se fondre dans le d\u00e9cor.<\/p>\n<p>\u00ab\u00a0C&rsquo;est un m\u00e9lange entre Patron Incognito, Columbo et Cauchemar en cuisine\u00a0\u00bb<\/p>\n<p>Mais du c\u00f4t\u00e9 des t\u00e9l\u00e9spectateurs, la supercherie a bien du mal \u00e0 passer. Sur X (anciennement Twitter), les internautes se sont r\u00e9gal\u00e9s des efforts de l\u2019\u00e9mission pour rendre le chef m\u00e9connaissable. \u00ab\u00a0Le chef Etchebest on dirait une I.A\u00a0\u00bb, s\u2019est amus\u00e9 un internaute, hilare face \u00e0 la d\u00e9marche robotique du chef sous son d\u00e9guisement. pendant qu\u2019un autre r\u00e9sume l\u2019ambiance g\u00e9n\u00e9rale : \u00ab\u00a0C\u2019est un m\u00e9lange entre Patron incognito, Columbo et Cauchemar en cuisine\u00a0\u00bb. Difficile en effet de ne pas y penser tant la m\u00e9canique rappelle l\u2019\u00e9mission de M6 dans laquelle des patrons infiltrent leur propre entreprise.<\/p>\n<blockquote placeholder=\"\" data-theme=\"light\" class=\"twitter-tweet\">\n<p>\u00ab\u00a0Je compte sur vous pour qu&rsquo;on ne me reconnaisse pas\u00a0\u00bb<br \/>Exp\u00e9rience in\u00e9dite pour Philippe Etchebest : pour savoir si les restaurateurs qu&rsquo;il a aid\u00e9s ont suivi ses conseils, il revient en mode incognito \ud83e\udd78<a href=\"https:\/\/twitter.com\/hashtag\/CauchemarEnCuisine?src=hash&amp;ref_src=twsrc%5Etfw\" rel=\"nofollow noopener\" target=\"_blank\" data-ylk=\"slk:#CauchemarEnCuisine;elm:context_link;itc:0;sec:content-canvas\" class=\"link \">#CauchemarEnCuisine<\/a> &#8211; Que sont-ils devenus, ce soir \u00e0 21:10 sur M6 et en\u2026 <a href=\"https:\/\/t.co\/Vbck9cNGaf\" rel=\"nofollow noopener\" target=\"_blank\" data-ylk=\"slk:pic.twitter.com\/Vbck9cNGaf;elm:context_link;itc:0;sec:content-canvas\" class=\"link \">pic.twitter.com\/Vbck9cNGaf<\/a><\/p>\n<p>\u2014 M6 (@M6) <a href=\"https:\/\/twitter.com\/M6\/status\/1943535728136274317?ref_src=twsrc%5Etfw\" rel=\"nofollow noopener\" target=\"_blank\" data-ylk=\"slk:July 11, 2025;elm:context_link;itc:0;sec:content-canvas\" class=\"link \">July 11, 2025<\/a><\/p>\n<\/blockquote>\n<p>\u00ab\u00a03h30 pour lui foutre une perruque et des lunettes\u00a0\u00bb<\/p>\n<p>Et pour certains, la tentative de tromperie fr\u00f4le m\u00eame le ridicule. Malgr\u00e9 les artifices, le chef \u00e9toil\u00e9 restait, selon eux, identifiable au premier coup d&rsquo;\u0153il. \u00ab\u00a0Mais il est hyper reconnaissable\u00a0\u00bb, s\u2019est moqu\u00e9 un internaute. \u00ab\u00a0On le reconna\u00eet tellement\u00a0\u00bb, a insist\u00e9 un autre, tandis qu\u2019un troisi\u00e8me se demandait franchement : \u00ab\u00a0Comment ils peuvent ne pas reconna\u00eetre le chef ?\u00a0\u00bb. M\u00eame la performance de la restauratrice n\u2019a pas convaincu : \u00ab\u00a0La proprio joue mieux la com\u00e9die que Philou\u2026 genre elle le reconna\u00eet pas ?\u00a0\u00bb.<\/p>\n<p>Des \u00ab\u00a0cam\u00e9ras cach\u00e9es\u00a0\u00bb\u2026 bien visibles<\/p>\n<p>Quant \u00e0 la pr\u00e9tendue \u00ab\u00a0cam\u00e9ra cach\u00e9e\u00a0\u00bb, elle n\u2019a tromp\u00e9 personne. Les t\u00e9l\u00e9spectateurs ont \u00e9t\u00e9 nombreux \u00e0 pointer l\u2019incoh\u00e9rence de la mise en sc\u00e8ne. \u00ab\u00a0Incognito mais y a une cam\u00e9ra de 12m\u00b2 dans la rue\u00a0\u00bb, s\u2019amuse un utilisateur de X. \u00ab\u00a0Ils ont dit cam\u00e9ra cach\u00e9e, mais on voit bien le gars avec sa cam\u00e9ra derri\u00e8re\u00a0\u00bb, note un autre, sceptique. Pour beaucoup, cette immersion d\u00e9guis\u00e9e manquait de discr\u00e9tion\u2026 et de cr\u00e9dibilit\u00e9.<\/p>\n<p><script async src=\"https:\/\/platform.twitter.com\/widgets.js\" charset=\"utf-8\"><\/script><\/p>\n","protected":false},"excerpt":{"rendered":"Ce vendredi 11 juillet, M6 a diffus\u00e9 un num\u00e9ro un peu sp\u00e9cial de \u00ab\u00a0Cauchemar en cuisine\u00ab\u00a0, intitul\u00e9 \u00ab\u00a0Que&hellip;\n","protected":false},"author":2,"featured_media":243904,"comment_status":"","ping_status":"","sticky":false,"template":"","format":"standard","meta":{"footnotes":""},"categories":[1356],"tags":[10976,58,59,1011,27,203,2493,5387,252,1364],"class_list":{"0":"post-243903","1":"post","2":"type-post","3":"status-publish","4":"format-standard","5":"has-post-thumbnail","7":"category-television","8":"tag-cauchemar-en-cuisine","9":"tag-divertissement","10":"tag-entertainment","11":"tag-fr","12":"tag-france","13":"tag-la-tete","14":"tag-le-chef","15":"tag-philippe-etchebest","16":"tag-television","17":"tag-tv"},"share_on_mastodon":{"url":"https:\/\/pubeurope.com\/@fr\/114837887825719254","error":""},"_links":{"self":[{"href":"https:\/\/www.europesays.com\/fr\/wp-json\/wp\/v2\/posts\/243903","targetHints":{"allow":["GET"]}}],"collection":[{"href":"https:\/\/www.europesays.com\/fr\/wp-json\/wp\/v2\/posts"}],"about":[{"href":"https:\/\/www.europesays.com\/fr\/wp-json\/wp\/v2\/types\/post"}],"author":[{"embeddable":true,"href":"https:\/\/www.europesays.com\/fr\/wp-json\/wp\/v2\/users\/2"}],"replies":[{"embeddable":true,"href":"https:\/\/www.europesays.com\/fr\/wp-json\/wp\/v2\/comments?post=243903"}],"version-history":[{"count":0,"href":"https:\/\/www.europesays.com\/fr\/wp-json\/wp\/v2\/posts\/243903\/revisions"}],"wp:featuredmedia":[{"embeddable":true,"href":"https:\/\/www.europesays.com\/fr\/wp-json\/wp\/v2\/media\/243904"}],"wp:attachment":[{"href":"https:\/\/www.europesays.com\/fr\/wp-json\/wp\/v2\/media?parent=243903"}],"wp:term":[{"taxonomy":"category","embeddable":true,"href":"https:\/\/www.europesays.com\/fr\/wp-json\/wp\/v2\/categories?post=243903"},{"taxonomy":"post_tag","embeddable":true,"href":"https:\/\/www.europesays.com\/fr\/wp-json\/wp\/v2\/tags?post=243903"}],"curies":[{"name":"wp","href":"https:\/\/api.w.org\/{rel}","templated":true}]}}