{"id":243905,"date":"2025-07-12T02:24:12","date_gmt":"2025-07-12T02:24:12","guid":{"rendered":"https:\/\/www.europesays.com\/fr\/243905\/"},"modified":"2025-07-12T02:24:12","modified_gmt":"2025-07-12T02:24:12","slug":"pardon-le-retour-surprise-de-stromae-pour-un-duo-sur-lalbum-de-burna-boy","status":"publish","type":"post","link":"https:\/\/www.europesays.com\/fr\/243905\/","title":{"rendered":"\u00ab\u00a0Pardon\u00a0\u00bb\u00a0: le retour surprise de Stromae pour un duo sur l\u2019album de Burna Boy"},"content":{"rendered":"<p class=\"paragraph text_align_left lp-f-body-02\">Discret mais pas inactif. Ce vendredi 11 juillet, <a href=\"https:\/\/www.leparisien.fr\/culture-loisirs\/musique\/sa-sante-sa-vie-aujourdhui-son-retour-ou-en-est-stromae-21-08-2023-5U36TEPUQJF7ZOIQAVNJIFYU5E.php\" target=\"_blank\" rel=\"noreferrer nofollow noopener\">le chanteur belge Stromae<\/a> fait son retour le temps d\u2019un duo aux c\u00f4t\u00e9s de <a href=\"https:\/\/www.leparisien.fr\/culture-loisirs\/musique\/burna-boy-en-concert-au-stade-de-france-werenoi-et-dadju-en-invites-surprises-pour-un-show-historique-19-04-2025-LIPYQ6JSOBBBLJUXODRKV6UB5E.php\" target=\"_blank\" rel=\"noreferrer nofollow noopener\">l\u2019artiste nig\u00e9rian Burna Boy<\/a>, pour le huiti\u00e8me album studio de ce dernier, \u00ab No Time For Weakness \u00bb.<\/p>\n<p class=\"paragraph text_align_left lp-f-body-02\">Intitul\u00e9e \u00ab Pardon \u00bb, et \u00e9crite par les deux artistes, cette chanson in\u00e9dite d\u2019un peu moins de trois minutes a \u00e9t\u00e9 envoy\u00e9e aux radios fran\u00e7aises pour faire la promotion du disque.<\/p>\n<p class=\"paragraph text_align_left lp-f-body-02\">\u00c0 la fois en anglais et en fran\u00e7ais, le titre s\u2019inscrit dans la mouvance afro fusion revendiqu\u00e9e par Burna Boy. \u00ab Est-ce qu\u2019un jour vous me pardonnerez ? \u00bb r\u00e9p\u00e8te dans le refrain Stromae, apr\u00e8s avoir chant\u00e9 quelques instants plus t\u00f4t : \u00ab Mais personne n\u2019est parfait\/Et si c\u2019\u00e9tait \u00e0 refaire, je le referais\/Je m\u2019suis tromp\u00e9 qu\u2019une fois\/Oui, j\u2019avoue, plusieurs fois\/Mais quand tu pointes du doigt\/Regarde les trois autres qui te pointent, toi. \u00bb<\/p>\n<p>\u00ab Tr\u00e8s heureux de faire partie du nouvel album de Burna Boy \u00bb<\/p>\n<p class=\"paragraph text_align_left lp-f-body-02\">Sur son compte Instagram, Stromae a partag\u00e9 la nouvelle \u00e0 ses deux millions d\u2019abonn\u00e9s. \u00ab Tr\u00e8s heureux de faire partie du nouvel album de Burna Boy \u00bb, annonce-t-il, f\u00e9licitant son camarade au passage. Il n\u2019est d\u2019ailleurs pas le seul \u00e0 pr\u00eater sa voix sur une des pistes de cet opus. Pour l\u2019occasion, l\u2019artiste nig\u00e9rian s\u2019est entour\u00e9 \u00e9galement de Shaboozey, Travis Scott ou encore Mick Jagger.<\/p>\n<p class=\"paragraph text_align_left lp-f-body-02\">Depuis <a href=\"https:\/\/www.leparisien.fr\/culture-loisirs\/musique\/apres-lannulation-de-sa-tournee-stromae-brise-le-silence-et-promet-un-film-pour-ses-fans-10-09-2024-L7JI2N6ZPVFIZL3JIHQY2VUKVI.php\" target=\"_blank\" rel=\"noreferrer nofollow noopener\">l\u2019annulation de la fin de sa tourn\u00e9e en 2023<\/a>, qui accompagnait son album \u00ab Multitude \u00bb, Stromae se fait discret mais effectue des apparitions remarqu\u00e9es. En fin d\u2019ann\u00e9e derni\u00e8re, il a ainsi propos\u00e9 un titre in\u00e9dit, <a href=\"https:\/\/www.leparisien.fr\/culture-loisirs\/musique\/ma-meilleure-ennemie-stromae-fait-son-retour-en-musique-avec-la-chanteuse-pomme-23-11-2024-3UEQX2BO2FEUZHFLMXJOERJ7CM.php\" target=\"_blank\" rel=\"noreferrer nofollow noopener\">\u00ab Ma meilleure ennemie \u00bb avec la chanteuse fran\u00e7aise Pomme.<\/a><\/p>\n<p class=\"paragraph text_align_left lp-f-body-02\">Une chanson r\u00e9alis\u00e9e pour la bande originale de la deuxi\u00e8me saison de la s\u00e9rie \u00ab Arcane : League of Legends \u00bb sur Netflix et devenue un vrai succ\u00e8s. Elle totalise \u00e0 ce jour plus de 400 millions d\u2019\u00e9coutes rien que sur Spotify. Elle s\u2019est install\u00e9e en t\u00eate des ventes en France mais aussi en Belgique et en Gr\u00e8ce, ainsi que dans les tops 10 de nombreux pays.<\/p>\n<p class=\"paragraph text_align_left lp-f-body-02\">Ce titre, qui a b\u00e9n\u00e9fici\u00e9 en avril d\u2019un remix avec le groupe Coldplay, a m\u00eame r\u00e9ussi \u00e0 se faire une place dans les classements am\u00e9ricains. Stromae y parviendra-t-il \u00e0 nouveau avec \u00ab Pardon \u00bb ? R\u00e9ponse dans les prochaines semaines.<\/p>\n","protected":false},"excerpt":{"rendered":"Discret mais pas inactif. Ce vendredi 11 juillet, le chanteur belge Stromae fait son retour le temps d\u2019un&hellip;\n","protected":false},"author":2,"featured_media":243906,"comment_status":"","ping_status":"","sticky":false,"template":"","format":"standard","meta":{"footnotes":""},"categories":[1355],"tags":[872,58,59,1011,27,1361,873],"class_list":{"0":"post-243905","1":"post","2":"type-post","3":"status-publish","4":"format-standard","5":"has-post-thumbnail","7":"category-musique","8":"tag-culture-et-loisirs","9":"tag-divertissement","10":"tag-entertainment","11":"tag-fr","12":"tag-france","13":"tag-music","14":"tag-musique"},"share_on_mastodon":{"url":"https:\/\/pubeurope.com\/@fr\/114837891958380175","error":""},"_links":{"self":[{"href":"https:\/\/www.europesays.com\/fr\/wp-json\/wp\/v2\/posts\/243905","targetHints":{"allow":["GET"]}}],"collection":[{"href":"https:\/\/www.europesays.com\/fr\/wp-json\/wp\/v2\/posts"}],"about":[{"href":"https:\/\/www.europesays.com\/fr\/wp-json\/wp\/v2\/types\/post"}],"author":[{"embeddable":true,"href":"https:\/\/www.europesays.com\/fr\/wp-json\/wp\/v2\/users\/2"}],"replies":[{"embeddable":true,"href":"https:\/\/www.europesays.com\/fr\/wp-json\/wp\/v2\/comments?post=243905"}],"version-history":[{"count":0,"href":"https:\/\/www.europesays.com\/fr\/wp-json\/wp\/v2\/posts\/243905\/revisions"}],"wp:featuredmedia":[{"embeddable":true,"href":"https:\/\/www.europesays.com\/fr\/wp-json\/wp\/v2\/media\/243906"}],"wp:attachment":[{"href":"https:\/\/www.europesays.com\/fr\/wp-json\/wp\/v2\/media?parent=243905"}],"wp:term":[{"taxonomy":"category","embeddable":true,"href":"https:\/\/www.europesays.com\/fr\/wp-json\/wp\/v2\/categories?post=243905"},{"taxonomy":"post_tag","embeddable":true,"href":"https:\/\/www.europesays.com\/fr\/wp-json\/wp\/v2\/tags?post=243905"}],"curies":[{"name":"wp","href":"https:\/\/api.w.org\/{rel}","templated":true}]}}