{"id":243907,"date":"2025-07-12T02:25:28","date_gmt":"2025-07-12T02:25:28","guid":{"rendered":"https:\/\/www.europesays.com\/fr\/243907\/"},"modified":"2025-07-12T02:25:28","modified_gmt":"2025-07-12T02:25:28","slug":"la-sortie-francaise-de-blue-giant-momentum-est-confirmee-par-glenat-11-juillet-2025","status":"publish","type":"post","link":"https:\/\/www.europesays.com\/fr\/243907\/","title":{"rendered":"La sortie fran\u00e7aise de Blue Giant Momentum est confirm\u00e9e par Gl\u00e9nat, 11 Juillet 2025"},"content":{"rendered":"<p style=\"text-align: justify;\">Sans trop de surprises, apr\u00e8s la fin de <a href=\"https:\/\/www.manga-news.com\/index.php\/serie\/Blue-Giant-Explorer\" target=\"_blank\" rel=\"noopener\">Blue Giant Explorer<\/a> fin ao\u00fbt avec le tome 9, les \u00e9ditions <strong>Gl\u00e9nat Manga<\/strong> nous feront l&rsquo;immense plaisir de publier <strong><a href=\"https:\/\/www.manga-news.com\/index.php\/serie\/Blue-Giant-Momentum\" target=\"_blank\" rel=\"noopener\">Blue Giant Momentum<\/a><\/strong>, la quatri\u00e8me partie de la saga de jazz de <strong><a href=\"https:\/\/www.manga-news.com\/index.php\/auteur\/ISHIZUKA-Shinichi\" target=\"_blank\" rel=\"noopener\">Shinichi Ishizuka<\/a><\/strong> et de son co-sc\u00e9nariste <strong><a href=\"https:\/\/www.manga-news.com\/index.php\/auteur\/NUMBER-8\" target=\"_blank\" rel=\"noopener\">Number 8<\/a><\/strong>.<\/p>\n<p style=\"text-align: center;\"><img decoding=\"async\" src=\"https:\/\/www.europesays.com\/fr\/wp-content\/uploads\/2025\/07\/.Blue-Giant-Momentum-1-jp_large.jpg\" alt=\"\"\/><\/p>\n<p style=\"text-align: center;\">Jaquettes japonaises.<\/p>\n<p style=\"text-align: justify;\">La bonne nouvelle a \u00e9t\u00e9 confirm\u00e9e par l&rsquo;\u00e9diteur lors d&rsquo;un live \u00e0 Japan Expo, avec un premier volume pr\u00e9vu le <strong>17 septembre<\/strong> au prix de <strong>7,90\u20ac<\/strong>. <a href=\"https:\/\/www.manga-news.com\/index.php\/serie-vo\/Blue-Giant-Momentum-vo\" target=\"_blank\" rel=\"noopener\">Au Japon<\/a>, cette nouvelle s\u00e9rie compte actuellement cinq volumes, et suit son cours depuis 2023 dans le magazine <a href=\"https:\/\/www.manga-news.com\/index.php\/magazine\/Big-Comic\" target=\"_blank\" rel=\"noopener\">Big Comic<\/a> des \u00e9ditions Sh\u00f4gakukan.<\/p>\n<p style=\"text-align: justify;\">Cette fois-ci, apr\u00e8s le Japon dans <a href=\"https:\/\/www.manga-news.com\/index.php\/serie\/Blue-Giant\" target=\"_blank\" rel=\"noopener\">Blue Giant<\/a>, l&rsquo;Europe dans <a href=\"https:\/\/www.manga-news.com\/index.php\/serie\/Blue-Giant-Supreme\" target=\"_blank\" rel=\"noopener\">Blue Giant Supreme<\/a> et un voyage \u00e0 travers les USA dans Blue Giant Explorer, Dai posera ses bagages dans l&rsquo;immense ville de New York, o\u00f9 de nouvelles rencontres, \u00e9volutions et p\u00e9rip\u00e9ties l&rsquo;attendront, avec ses pas toujours guid\u00e9s par sa passion pour la vibrante musique jazz.<\/p>\n<p style=\"text-align: center;\"><img decoding=\"async\" src=\"https:\/\/www.europesays.com\/fr\/wp-content\/uploads\/2025\/07\/.Blue-Giant-Momentum-2-jp_large.webp.webp\" alt=\"\"\/>\u00a0<img decoding=\"async\" src=\"https:\/\/www.europesays.com\/fr\/wp-content\/uploads\/2025\/07\/.Blue-Giant-Momentum-3-jp_large.webp.webp\" alt=\"\"\/><\/p>\n<p style=\"text-align: justify;\">Synopsis :<\/p>\n<p style=\"text-align: justify;\">New York\u2026 Dai arrive dans la capitale mondiale du jazz ! Cependant, la vie et surtout les loyers y sont exorbitants. Dai commence \u00e0 prendre sa place de leader du quartet, mais un nombre incalculable de musiciens de jazz viennent tenter leur chance \u00e0 New York ! Doucement, son style commence \u00e0 envelopper les gratte-ciel\u2026<\/p>\n<p style=\"text-align: center;\"><img decoding=\"async\" src=\"https:\/\/www.europesays.com\/fr\/wp-content\/uploads\/2025\/07\/.Blue-Giant-Momentum-4-jp_large.webp.webp\" alt=\"\"\/>\u00a0<img decoding=\"async\" src=\"https:\/\/www.europesays.com\/fr\/wp-content\/uploads\/2025\/07\/.Blue-Giant-Momentum-5-jp_large.webp.webp\" alt=\"\"\/><\/p>\n","protected":false},"excerpt":{"rendered":"Sans trop de surprises, apr\u00e8s la fin de Blue Giant Explorer fin ao\u00fbt avec le tome 9, les&hellip;\n","protected":false},"author":2,"featured_media":243908,"comment_status":"","ping_status":"","sticky":false,"template":"","format":"standard","meta":{"footnotes":""},"categories":[1354],"tags":[1111,47,58,59,1346,1011,27,1922,38352,6681,6683,2567,6682,1360,1404],"class_list":{"0":"post-243907","1":"post","2":"type-post","3":"status-publish","4":"format-standard","5":"has-post-thumbnail","7":"category-films","8":"tag-actu","9":"tag-actualite","10":"tag-divertissement","11":"tag-entertainment","12":"tag-films","13":"tag-fr","14":"tag-france","15":"tag-info","16":"tag-la-sortie-francaise-de-blue-giant-momentum-est-confirmee-par-glenat","17":"tag-manga","18":"tag-manga-news","19":"tag-manga-news-com","20":"tag-mangas","21":"tag-movies","22":"tag-quotidien"},"share_on_mastodon":{"url":"https:\/\/pubeurope.com\/@fr\/114837895753923718","error":""},"_links":{"self":[{"href":"https:\/\/www.europesays.com\/fr\/wp-json\/wp\/v2\/posts\/243907","targetHints":{"allow":["GET"]}}],"collection":[{"href":"https:\/\/www.europesays.com\/fr\/wp-json\/wp\/v2\/posts"}],"about":[{"href":"https:\/\/www.europesays.com\/fr\/wp-json\/wp\/v2\/types\/post"}],"author":[{"embeddable":true,"href":"https:\/\/www.europesays.com\/fr\/wp-json\/wp\/v2\/users\/2"}],"replies":[{"embeddable":true,"href":"https:\/\/www.europesays.com\/fr\/wp-json\/wp\/v2\/comments?post=243907"}],"version-history":[{"count":0,"href":"https:\/\/www.europesays.com\/fr\/wp-json\/wp\/v2\/posts\/243907\/revisions"}],"wp:featuredmedia":[{"embeddable":true,"href":"https:\/\/www.europesays.com\/fr\/wp-json\/wp\/v2\/media\/243908"}],"wp:attachment":[{"href":"https:\/\/www.europesays.com\/fr\/wp-json\/wp\/v2\/media?parent=243907"}],"wp:term":[{"taxonomy":"category","embeddable":true,"href":"https:\/\/www.europesays.com\/fr\/wp-json\/wp\/v2\/categories?post=243907"},{"taxonomy":"post_tag","embeddable":true,"href":"https:\/\/www.europesays.com\/fr\/wp-json\/wp\/v2\/tags?post=243907"}],"curies":[{"name":"wp","href":"https:\/\/api.w.org\/{rel}","templated":true}]}}