{"id":243911,"date":"2025-07-12T02:28:11","date_gmt":"2025-07-12T02:28:11","guid":{"rendered":"https:\/\/www.europesays.com\/fr\/243911\/"},"modified":"2025-07-12T02:28:11","modified_gmt":"2025-07-12T02:28:11","slug":"decouvrez-la-trend-beaute-la-plus-improbable-de-lete","status":"publish","type":"post","link":"https:\/\/www.europesays.com\/fr\/243911\/","title":{"rendered":"D\u00e9couvrez la trend beaut\u00e9 la plus improbable de l\u2019\u00e9t\u00e9"},"content":{"rendered":"<p>\u00c0 chaque saison, son lot de tendances beaut\u00e9. Cet \u00e9t\u00e9 2025, Instagram et TikTok r\u00e9servent cependant une surprise de taille : des tutos maquillage\u2026 r\u00e9alis\u00e9s directement dans l\u2019eau ! Oui, oui. Maquillage, bronzage et baignade ne font plus bande \u00e0 part. Place au \u00ab\u00a0pool makeup challenge\u00a0\u00bb, la trend la plus improbable \u2013 et rafra\u00eechissante \u2013 de la saison.<\/p>\n<p>Un maquillage minimaliste\u2026 et les pieds dans l\u2019eau<\/p>\n<p>Tout a commenc\u00e9 avec quelques influenceuses beaut\u00e9 am\u00e9ricaines qui, entre deux plongeons, se sont mises \u00e0 poster des tutoriels express de maquillage depuis leur piscine. Le concept : s\u2019installer dans l\u2019eau, poser son miroir flottant ou s\u2019asseoir sur les marches, et r\u00e9aliser un maquillage complet avec des gestes pr\u00e9cis\u2026 malgr\u00e9 l\u2019humidit\u00e9 ambiante.<\/p>\n<p>On retrouve notamment des vid\u00e9os titr\u00e9es \u00ab\u00a05-minute makeup in the pool\u00a0\u00bb ou \u00ab\u00a0glowy skin, wet hair, zero stress\u00a0\u00bb. Le r\u00e9sultat : un maquillage l\u00e9ger, naturel, glowy (souvent centr\u00e9 sur le teint et les l\u00e8vres), pens\u00e9 pour r\u00e9sister \u00e0 la chaleur, \u00e0 l\u2019humidit\u00e9\u2026 et parfois m\u00eame \u00e0 une petite \u00e9claboussure.<\/p>\n<blockquote class=\"instagram-media\" style=\"background: #FFF; border: 0; border-radius: 3px; box-shadow: 0 0 1px 0 rgba(0,0,0,0.5),0 1px 10px 0 rgba(0,0,0,0.15); margin: 1px; max-width: 540px; min-width: 326px; padding: 0; width: calc(100% - 2px);\" data-instgrm-permalink=\"https:\/\/www.instagram.com\/reel\/DL7OMpkJyqX\/?utm_source=ig_embed&amp;utm_campaign=loading\" data-instgrm-version=\"14\">\n<\/blockquote>\n<p>Une tendance qui m\u00eale fun et fra\u00eecheur<\/p>\n<p>Ce qui pla\u00eet ? Le c\u00f4t\u00e9 d\u00e9complex\u00e9, spontan\u00e9 et dr\u00f4le de la trend. Pas de ring light, pas de d\u00e9cor millim\u00e9tr\u00e9 : juste du soleil, une piscine, quelques produits et un bon mascara waterproof.<\/p>\n<p>Certaines cr\u00e9atrices de contenu poussent le jeu jusqu\u2019\u00e0 appliquer leur anticerne, highlighter ou gloss tout en discutant avec leurs abonn\u00e9s les cheveux tremp\u00e9s, lunettes de soleil sur le nez. Un moment \u00ab\u00a0real life\u00a0\u00bb, qui tranche avec les tutos ultra-produits habituels.<\/p>\n<p>Du maquillage pens\u00e9 pour l\u2019eau<\/p>\n<p>Qui dit maquillage dans l\u2019eau, dit produits adapt\u00e9s. Parmi les incontournables du #PoolMakeupChallenge :<\/p>\n<ul>\n<li>Une base SPF teint\u00e9e pour allier protection solaire et unification ;<\/li>\n<li>Un mascara waterproof (sous peine d\u2019effet panda) ;<\/li>\n<li>Un blush cr\u00e8me pour une touche healthy rapide \u00e0 estomper aux doigts ;<\/li>\n<li>Un baume teint\u00e9 ou un gloss \u00e0 appliquer sans miroir (ou presque) ;<\/li>\n<li>Un spray fixateur r\u00e9sistant \u00e0 l\u2019humidit\u00e9 pour faire tenir le tout.<\/li>\n<\/ul>\n<p>Et pour les puristes, quelques marques comme Milk Makeup, Rare Beauty ou Kiko proposent d\u00e9j\u00e0 des formats stick et formules r\u00e9sistantes \u00e0 l\u2019eau parfaits pour l\u2019exercice.<\/p>\n<p>Pourquoi \u00e7a cartonne ?<\/p>\n<p>Outre l\u2019effet visuel amusant, cette tendance r\u00e9pond \u00e0 un besoin bien r\u00e9el : un maquillage rapide, naturel, qui s\u2019adapte \u00e0 la chaleur et \u00e0 la vie en ext\u00e9rieur. En vacances, au bord d\u2019une piscine, sur une terrasse ou au camping, personne n\u2019a envie de passer 45 minutes devant le miroir. C\u2019est aussi une r\u00e9ponse joyeuse au \u00ab\u00a0clean girl aesthetic\u00a0\u00bb qui domine depuis plusieurs saisons : minimalisme, fra\u00eecheur, \u00e9clat \u2013 mais ici, en maillot de bain.<\/p>\n<p>Terminons pas pr\u00e9ciser que : rien ne vous oblige \u00e0 vous maquiller. Ni en \u00e9t\u00e9, ni le reste de l\u2019ann\u00e9e. Cette tendance existe pour les personnes qui aiment le maquillage, m\u00eame au bord de l\u2019eau. Si vous pr\u00e9f\u00e9rez laisser votre peau respirer, profiter du soleil sans fond de teint ou m\u00eame faire un break beaut\u00e9 complet, c\u2019est tout aussi l\u00e9gitime. L\u2019essentiel ? Se sentir bien. Et \u00e7a, que vous soyez maquill\u00e9e, pas maquill\u00e9e, ou quelque part entre les deux, \u00e7a ne regarde que vous.<\/p>\n<p><script async src=\"\/\/www.instagram.com\/embed.js\"><\/script><\/p>\n","protected":false},"excerpt":{"rendered":"\u00c0 chaque saison, son lot de tendances beaut\u00e9. Cet \u00e9t\u00e9 2025, Instagram et TikTok r\u00e9servent cependant une surprise&hellip;\n","protected":false},"author":2,"featured_media":243912,"comment_status":"","ping_status":"","sticky":false,"template":"","format":"standard","meta":{"footnotes":""},"categories":[8],"tags":[1111,58,59,2883,1011,27,1757,9854],"class_list":{"0":"post-243911","1":"post","2":"type-post","3":"status-publish","4":"format-standard","5":"has-post-thumbnail","7":"category-divertissement","8":"tag-actu","9":"tag-divertissement","10":"tag-entertainment","11":"tag-ete","12":"tag-fr","13":"tag-france","14":"tag-insolite","15":"tag-peau"},"share_on_mastodon":{"url":"https:\/\/pubeurope.com\/@fr\/114837907267368341","error":""},"_links":{"self":[{"href":"https:\/\/www.europesays.com\/fr\/wp-json\/wp\/v2\/posts\/243911","targetHints":{"allow":["GET"]}}],"collection":[{"href":"https:\/\/www.europesays.com\/fr\/wp-json\/wp\/v2\/posts"}],"about":[{"href":"https:\/\/www.europesays.com\/fr\/wp-json\/wp\/v2\/types\/post"}],"author":[{"embeddable":true,"href":"https:\/\/www.europesays.com\/fr\/wp-json\/wp\/v2\/users\/2"}],"replies":[{"embeddable":true,"href":"https:\/\/www.europesays.com\/fr\/wp-json\/wp\/v2\/comments?post=243911"}],"version-history":[{"count":0,"href":"https:\/\/www.europesays.com\/fr\/wp-json\/wp\/v2\/posts\/243911\/revisions"}],"wp:featuredmedia":[{"embeddable":true,"href":"https:\/\/www.europesays.com\/fr\/wp-json\/wp\/v2\/media\/243912"}],"wp:attachment":[{"href":"https:\/\/www.europesays.com\/fr\/wp-json\/wp\/v2\/media?parent=243911"}],"wp:term":[{"taxonomy":"category","embeddable":true,"href":"https:\/\/www.europesays.com\/fr\/wp-json\/wp\/v2\/categories?post=243911"},{"taxonomy":"post_tag","embeddable":true,"href":"https:\/\/www.europesays.com\/fr\/wp-json\/wp\/v2\/tags?post=243911"}],"curies":[{"name":"wp","href":"https:\/\/api.w.org\/{rel}","templated":true}]}}