{"id":243918,"date":"2025-07-12T02:32:11","date_gmt":"2025-07-12T02:32:11","guid":{"rendered":"https:\/\/www.europesays.com\/fr\/243918\/"},"modified":"2025-07-12T02:32:11","modified_gmt":"2025-07-12T02:32:11","slug":"deux-militaires-retrouves-poignardes-pres-dune-boite-de-nuit","status":"publish","type":"post","link":"https:\/\/www.europesays.com\/fr\/243918\/","title":{"rendered":"Deux militaires retrouv\u00e9s poignard\u00e9s pr\u00e8s d\u2019une bo\u00eete de nuit"},"content":{"rendered":"<p>Une violente rixe a \u00e9clat\u00e9 en pleine nuit \u00e0 <a href=\"https:\/\/www.20minutes.fr\/societe\/clermont-ferrand\/\" target=\"_blank\" class=\"color-ultramarine c-link\" rel=\"noopener\">Clermont-Ferrand<\/a>, faisant deux bless\u00e9s graves parmi les militaires du 92e r\u00e9giment d\u2019infanterie.<\/p>\n<p>Selon <a href=\"https:\/\/www.lamontagne.fr\/clermont-ferrand-63000\/faits-divers\/deux-hommes-blesses-a-l-arme-blanche-dans-le-centre-ville-a-clermont-ferrand_14720064\/\" rel=\"nofollow noopener\" target=\"_blank\" class=\"color-ultramarine c-link\">La Montagne<\/a>, les faits se sont produits vers 3h30 du matin, dans la nuit de jeudi \u00e0 vendredi, en plein centre-ville, \u00e0 proximit\u00e9 d\u2019une <a href=\"https:\/\/www.20minutes.fr\/dossier\/boite_de_nuit\" target=\"_blank\" class=\"color-ultramarine c-link\" rel=\"noopener\">bo\u00eete de nuit<\/a>. Deux hommes, \u00e2g\u00e9s de 28 et 23 ans, ont \u00e9t\u00e9 poignard\u00e9s lors d\u2019une altercation encore mal expliqu\u00e9e. L\u2019un a \u00e9t\u00e9 touch\u00e9 dans le dos, l\u2019autre au ventre.<\/p>\n<\/p>\n<p>Deux suspects en garde \u00e0 vue<\/p>\n<p>Les deux <a href=\"https:\/\/www.20minutes.fr\/dossier\/victime\" target=\"_blank\" class=\"color-ultramarine c-link\" rel=\"noopener\">victimes<\/a>, soldats en civil du 92e R.I. de Clermont-Ferrand, \u00e9taient allong\u00e9es au sol \u00e0 l\u2019arriv\u00e9e des secours. L\u2019un d\u2019eux a \u00e9t\u00e9 transport\u00e9 en urgence absolue au CHU Gabriel-Montpied, son pronostic vital \u00e9tant engag\u00e9.<\/p>\n<p><a href=\"https:\/\/www.20minutes.fr\/societe\/clermont-ferrand\/\" target=\"_blank\" class=\"c-link c-btn c-btn--primary\" rel=\"noopener\">Toute l&rsquo;actualit\u00e9 de Clermont-Ferrand<\/a><\/p>\n<p>Dans le cadre de l\u2019<a href=\"https:\/\/www.20minutes.fr\/dossier\/enquete\" target=\"_blank\" class=\"color-ultramarine c-link\" rel=\"noopener\">enqu\u00eate<\/a> ouverte pour violences volontaires aggrav\u00e9es, les policiers ont entendu plusieurs t\u00e9moins de la sc\u00e8ne. Leurs t\u00e9moignages ont permis d\u2019identifier deux suspects, \u00e2g\u00e9s de 20 et 21 ans, interpell\u00e9s peu apr\u00e8s les faits alors qu\u2019ils se trouvaient en \u00e9tat d\u2019<a href=\"https:\/\/www.20minutes.fr\/societe\/ivresse\/\" target=\"_blank\" class=\"color-ultramarine c-link\" rel=\"noopener\">ivresse<\/a>. Ils sont originaires de l\u2019agglom\u00e9ration clermontoise et ont \u00e9t\u00e9 plac\u00e9s en garde \u00e0 vue.<\/p>\n","protected":false},"excerpt":{"rendered":"Une violente rixe a \u00e9clat\u00e9 en pleine nuit \u00e0 Clermont-Ferrand, faisant deux bless\u00e9s graves parmi les militaires du&hellip;\n","protected":false},"author":2,"featured_media":243919,"comment_status":"","ping_status":"","sticky":false,"template":"","format":"standard","meta":{"footnotes":""},"categories":[4],"tags":[47,11,6733,2430,9050,7623,118,1011,27,7774,100,3579,12,38353,25,20835],"class_list":{"0":"post-243918","1":"post","2":"type-post","3":"status-publish","4":"format-standard","5":"has-post-thumbnail","7":"category-france","8":"tag-actualite","9":"tag-actualites","10":"tag-auvergne","11":"tag-auvergne-rhone-alpes","12":"tag-clermont-ferrand","13":"tag-coup-de-couteau","14":"tag-faits-divers","15":"tag-fr","16":"tag-france","17":"tag-garde-a-vue","18":"tag-hopital","19":"tag-militaire","20":"tag-news","21":"tag-puy-de-dome","22":"tag-republique-francaise","23":"tag-temoins"},"share_on_mastodon":{"url":"https:\/\/pubeurope.com\/@fr\/114837923026573208","error":""},"_links":{"self":[{"href":"https:\/\/www.europesays.com\/fr\/wp-json\/wp\/v2\/posts\/243918","targetHints":{"allow":["GET"]}}],"collection":[{"href":"https:\/\/www.europesays.com\/fr\/wp-json\/wp\/v2\/posts"}],"about":[{"href":"https:\/\/www.europesays.com\/fr\/wp-json\/wp\/v2\/types\/post"}],"author":[{"embeddable":true,"href":"https:\/\/www.europesays.com\/fr\/wp-json\/wp\/v2\/users\/2"}],"replies":[{"embeddable":true,"href":"https:\/\/www.europesays.com\/fr\/wp-json\/wp\/v2\/comments?post=243918"}],"version-history":[{"count":0,"href":"https:\/\/www.europesays.com\/fr\/wp-json\/wp\/v2\/posts\/243918\/revisions"}],"wp:featuredmedia":[{"embeddable":true,"href":"https:\/\/www.europesays.com\/fr\/wp-json\/wp\/v2\/media\/243919"}],"wp:attachment":[{"href":"https:\/\/www.europesays.com\/fr\/wp-json\/wp\/v2\/media?parent=243918"}],"wp:term":[{"taxonomy":"category","embeddable":true,"href":"https:\/\/www.europesays.com\/fr\/wp-json\/wp\/v2\/categories?post=243918"},{"taxonomy":"post_tag","embeddable":true,"href":"https:\/\/www.europesays.com\/fr\/wp-json\/wp\/v2\/tags?post=243918"}],"curies":[{"name":"wp","href":"https:\/\/api.w.org\/{rel}","templated":true}]}}