{"id":24392,"date":"2025-04-14T13:56:11","date_gmt":"2025-04-14T13:56:11","guid":{"rendered":"https:\/\/www.europesays.com\/fr\/24392\/"},"modified":"2025-04-14T13:56:11","modified_gmt":"2025-04-14T13:56:11","slug":"les-salaries-au-chomage-technique","status":"publish","type":"post","link":"https:\/\/www.europesays.com\/fr\/24392\/","title":{"rendered":"les salari\u00e9s au ch\u00f4mage technique"},"content":{"rendered":"<p>            Par<br \/>\n        <strong><br \/>\n            <a href=\"https:\/\/actu.fr\/auteur\/sebastien-bethune\" title=\"Consulter tous les articles de Sebastien Bethune\" rel=\"nofollow noopener\" target=\"_blank\">Sebastien Bethune<\/a><br \/>\n        <\/strong><\/p>\n<p>        Publi\u00e9 le<\/p>\n<p>            14 avr. 2025 \u00e0 9h12        <\/p>\n<p>Le dimanche 13 avril 2025 a \u00e9t\u00e9 marqu\u00e9 <b>par deux gros incendies dans deux entreprises vend\u00e9ennes diff\u00e9rentes<\/b>.<\/p>\n<p class=\" wall-content\">Apr\u00e8s <a href=\"https:\/\/actu.fr\/faits-divers\/une-scierie-prend-feu-en-vendee-les-sapeurs-pompiers-deploie-un-dispositif-consequent_62505161.html\" rel=\"nofollow noopener\" target=\"_blank\">la scierie Piveteau<\/a>, \u00e0 Sainte-Florence, <b>c\u2019est la menuiserie Djimmy Vaillant<\/b>, situ\u00e9e \u00e0 Pouzauges qui a pris feu.<\/p>\n<p class=\" wall-content\"><b>Il \u00e9tait un peu de plus de 19 heures<\/b> lorsque les pompiers ont \u00e9t\u00e9 appel\u00e9s pour intervenir \u00e0 l\u2019impasse des B\u00fbcherons.<\/p>\n<p>Dix personnes au ch\u00f4mage technique<\/p>\n<p class=\" wall-content\"><b>Le b\u00e2timent industriel de 1500 m2<\/b>\u00e9tait en proie aux flammes. Les 44 sapeurs-pompiers pr\u00e9sents sur place ont \u00e9teint le feu <b>au moyen de cinq lances dont deux sur des moyens a\u00e9riens.\u00a0<\/b><\/p>\n<p class=\" wall-content\">Apr\u00e8s ce sinistre, le Centre op\u00e9rationnel d\u00e9partemental d\u2019incendie et de secours (Codis) de Vend\u00e9e pr\u00e9cise que <b>\u00ab\u00a0dix personnes ont \u00e9t\u00e9 plac\u00e9es au ch\u00f4mage technique\u00a0\u00bb.<\/b><\/p>\n<p>      <img   decoding=\"async\" loading=\"lazy\" class=\"size-large\" src=\"https:\/\/www.europesays.com\/fr\/wp-content\/uploads\/2025\/04\/446edcc3bcf76e27edcc3bcf7477edv-960x640.jpg\" alt=\"Feu menuiserie Djimmy Vaillant \u00e0 Pouzauges.\" width=\"960\" height=\"640\"\/><br \/>\n    Dix personnes se retrouvent au ch\u00f4mage technique apr\u00e8s l\u2019incendie de la menuiserie Djimmy Vaillant. \u00a9FacebookVid\u00e9os : en ce moment sur Actu<\/p>\n<p class=\" wall-content\">Suivez toute l\u2019actualit\u00e9 de vos villes et m\u00e9dias favoris en vous inscrivant \u00e0 <a href=\"https:\/\/moncompte.actu.fr\" title=\"D\u00e9couvez Mon Actu\" rel=\"nofollow noopener\" data-trk=\"{&quot;cta&quot;:{&quot;action&quot;:&quot;https:\\\/\\\/moncompte.actu.fr&quot;,&quot;category&quot;:&quot;mon compte&quot;,&quot;from&quot;:&quot;article footer&quot;,&quot;name&quot;:&quot;Mon actu&quot;,&quot;type&quot;:&quot;cta&quot;}}\" target=\"_blank\">Mon Actu<\/a>.<\/p>\n","protected":false},"excerpt":{"rendered":"Par Sebastien Bethune Publi\u00e9 le 14 avr. 2025 \u00e0 9h12 Le dimanche 13 avril 2025 a \u00e9t\u00e9 marqu\u00e9&hellip;\n","protected":false},"author":2,"featured_media":24393,"comment_status":"","ping_status":"","sticky":false,"template":"","format":"standard","meta":{"footnotes":""},"categories":[2],"tags":[11,118,1011,27,1310,12,25],"class_list":{"0":"post-24392","1":"post","2":"type-post","3":"status-publish","4":"format-standard","5":"has-post-thumbnail","7":"category-actualites","8":"tag-actualites","9":"tag-faits-divers","10":"tag-fr","11":"tag-france","12":"tag-incendie","13":"tag-news","14":"tag-republique-francaise"},"share_on_mastodon":{"url":"https:\/\/pubeurope.com\/@fr\/114336667022500801","error":""},"_links":{"self":[{"href":"https:\/\/www.europesays.com\/fr\/wp-json\/wp\/v2\/posts\/24392","targetHints":{"allow":["GET"]}}],"collection":[{"href":"https:\/\/www.europesays.com\/fr\/wp-json\/wp\/v2\/posts"}],"about":[{"href":"https:\/\/www.europesays.com\/fr\/wp-json\/wp\/v2\/types\/post"}],"author":[{"embeddable":true,"href":"https:\/\/www.europesays.com\/fr\/wp-json\/wp\/v2\/users\/2"}],"replies":[{"embeddable":true,"href":"https:\/\/www.europesays.com\/fr\/wp-json\/wp\/v2\/comments?post=24392"}],"version-history":[{"count":0,"href":"https:\/\/www.europesays.com\/fr\/wp-json\/wp\/v2\/posts\/24392\/revisions"}],"wp:featuredmedia":[{"embeddable":true,"href":"https:\/\/www.europesays.com\/fr\/wp-json\/wp\/v2\/media\/24393"}],"wp:attachment":[{"href":"https:\/\/www.europesays.com\/fr\/wp-json\/wp\/v2\/media?parent=24392"}],"wp:term":[{"taxonomy":"category","embeddable":true,"href":"https:\/\/www.europesays.com\/fr\/wp-json\/wp\/v2\/categories?post=24392"},{"taxonomy":"post_tag","embeddable":true,"href":"https:\/\/www.europesays.com\/fr\/wp-json\/wp\/v2\/tags?post=24392"}],"curies":[{"name":"wp","href":"https:\/\/api.w.org\/{rel}","templated":true}]}}