{"id":243920,"date":"2025-07-12T02:33:13","date_gmt":"2025-07-12T02:33:13","guid":{"rendered":"https:\/\/www.europesays.com\/fr\/243920\/"},"modified":"2025-07-12T02:33:13","modified_gmt":"2025-07-12T02:33:13","slug":"chelsea-psg-les-bleus-sinvitent-a-la-fete","status":"publish","type":"post","link":"https:\/\/www.europesays.com\/fr\/243920\/","title":{"rendered":"Chelsea &#8211; PSG, les Bleus s&rsquo;invitent \u00e0 la f\u00eate"},"content":{"rendered":"<p data-testid=\"article-teaser\">L\u2019Equipe de France sera aux rendez-vous de la finale du Mondial des clubs entre Chelsea et le PSG, dimanche.<\/p>\n<p>A<a href=\"https:\/\/www.goal.com\/fr\/listes\/mondial-des-clubs-le-psg-a-touche-une-fortune-record-avant-la-finale\/blte49406100529d4c6\" target=\"_self\" rel=\"noopener\">lors que l&rsquo;affiche entre Chelsea et le Paris Saint-Germain promet un sommet \u00e9lectrique \u00e0 New York<\/a>, les Bleus ont d\u00e9cid\u00e9 de s\u2019inviter \u00e0 la f\u00eate. Deux grands noms de l\u2019Equipe de France ont, en effet, d\u00e9cid\u00e9 de ne rien manquer du spectacle. Mais leur pr\u00e9sence dans les tribunes cache aussi un autre objectif, bien plus strat\u00e9gique \u00e0 moyen terme.<\/p>\n<p><a href=\"https:\/\/dazn.prf.hn\/click\/camref:1011lG4NZ\/destination:https:\/\/www.dazn.com\/competition\/Competition:dc4k1xh2984zbypbnunk7ncic\" target=\"_blank\" class=\"affiliate-button\" rel=\"noopener\"><img loading=\"lazy\" decoding=\"async\" src=\"https:\/\/www.europesays.com\/fr\/wp-content\/uploads\/2025\/04\/DAZN.png\" width=\"72\" height=\"40\" alt=\"logo\" class=\"affiliate-logo\"\/>Regarder la Coupe du Monde des Clubs 2025 sur DAZN<\/p>\n<p>Regardez maintenant<\/p>\n<p><\/a>L&rsquo;article continue ci-dessous<\/p>\n","protected":false},"excerpt":{"rendered":"L\u2019Equipe de France sera aux rendez-vous de la finale du Mondial des clubs entre Chelsea et le PSG,&hellip;\n","protected":false},"author":2,"featured_media":243921,"comment_status":"","ping_status":"","sticky":false,"template":"","format":"standard","meta":{"footnotes":""},"categories":[2],"tags":[11,11871,38305,18645,4639,28918,1011,27,38354,12,91],"class_list":{"0":"post-243920","1":"post","2":"type-post","3":"status-publish","4":"format-standard","5":"has-post-thumbnail","7":"category-actualites","8":"tag-actualites","9":"tag-chelsea","10":"tag-chelsea-vs-paris-saint-germain","11":"tag-coupe-du-monde-des-clubs-fifa","12":"tag-d-deschamps","13":"tag-fifa-club-world-cup","14":"tag-fr","15":"tag-france","16":"tag-g-stephan","17":"tag-news","18":"tag-paris-saint-germain"},"share_on_mastodon":{"url":"https:\/\/pubeurope.com\/@fr\/114837926917942592","error":""},"_links":{"self":[{"href":"https:\/\/www.europesays.com\/fr\/wp-json\/wp\/v2\/posts\/243920","targetHints":{"allow":["GET"]}}],"collection":[{"href":"https:\/\/www.europesays.com\/fr\/wp-json\/wp\/v2\/posts"}],"about":[{"href":"https:\/\/www.europesays.com\/fr\/wp-json\/wp\/v2\/types\/post"}],"author":[{"embeddable":true,"href":"https:\/\/www.europesays.com\/fr\/wp-json\/wp\/v2\/users\/2"}],"replies":[{"embeddable":true,"href":"https:\/\/www.europesays.com\/fr\/wp-json\/wp\/v2\/comments?post=243920"}],"version-history":[{"count":0,"href":"https:\/\/www.europesays.com\/fr\/wp-json\/wp\/v2\/posts\/243920\/revisions"}],"wp:featuredmedia":[{"embeddable":true,"href":"https:\/\/www.europesays.com\/fr\/wp-json\/wp\/v2\/media\/243921"}],"wp:attachment":[{"href":"https:\/\/www.europesays.com\/fr\/wp-json\/wp\/v2\/media?parent=243920"}],"wp:term":[{"taxonomy":"category","embeddable":true,"href":"https:\/\/www.europesays.com\/fr\/wp-json\/wp\/v2\/categories?post=243920"},{"taxonomy":"post_tag","embeddable":true,"href":"https:\/\/www.europesays.com\/fr\/wp-json\/wp\/v2\/tags?post=243920"}],"curies":[{"name":"wp","href":"https:\/\/api.w.org\/{rel}","templated":true}]}}