{"id":243935,"date":"2025-07-12T02:48:58","date_gmt":"2025-07-12T02:48:58","guid":{"rendered":"https:\/\/www.europesays.com\/fr\/243935\/"},"modified":"2025-07-12T02:48:58","modified_gmt":"2025-07-12T02:48:58","slug":"dans-ces-hopitaux-dille-et-vilaine-il-faudra-appeler-le-15-avant-daller-aux-urgences","status":"publish","type":"post","link":"https:\/\/www.europesays.com\/fr\/243935\/","title":{"rendered":"dans ces h\u00f4pitaux d&rsquo;Ille-et-Vilaine, il faudra appeler le 15 avant d&rsquo;aller aux urgences"},"content":{"rendered":"<p>            Par<br \/>\n        <strong><br \/>\n            <a href=\"https:\/\/actu.fr\/auteur\/laurene-fertin\" title=\"Consulter tous les articles de Laur\u00e8ne Fertin\" target=\"_blank\" rel=\"noopener\">Laur\u00e8ne Fertin<\/a><br \/>\n        <\/strong><\/p>\n<p>        Publi\u00e9 le<\/p>\n<p>            10 juil. 2025 \u00e0 7h39        <\/p>\n<p>\u00ab\u2009Malgr\u00e9 les efforts de recrutement\u2009\u00bb, indique l\u2019Agence r\u00e9gionale de sant\u00e9 Bretagne (ARS) dans un communiqu\u00e9 de presse, \u00ab\u2009les h\u00f4pitaux de <strong>Rennes, Saint-Malo, Foug\u00e8res, Redon, Vitr\u00e9<\/strong> et <strong>Dinan <\/strong>(C\u00f4tes-d\u2019Armor) restent confront\u00e9s \u00e0 <strong>un manque d\u2019effectif m\u00e9dical<\/strong> dans les services d\u2019urgences\u2009\u00bb lors de la p\u00e9riode estivale.<\/p>\n<p>Jusqu\u2019au 1\u1d49\u02b3 octobre<\/p>\n<p class=\" wall-content\">Pour cette raison, et afin de ne pas \u00ab\u2009surcharger les urgences\u2009\u00bb, l\u2019acc\u00e8s aux urgences se fera sur<strong> appel pr\u00e9alable au 15<\/strong> en <strong>soir\u00e9es<\/strong> et <strong>nuits <\/strong>de 18h30 \u00e0 8h <strong>du 1\u1d49\u02b3 juillet \u00e0 18h30 jusqu\u2019au 1\u1d49\u02b3 octobre 8h<\/strong>. Pour les personnes sourdes ou malentendantes, il faudra appeler le 114.<\/p>\n<p class=\" wall-content\">En appelant ces num\u00e9ros, vous pourrez b\u00e9n\u00e9ficier d\u2019un conseil, d\u2019une orientation vers le service des urgences ou une maison m\u00e9dicale de garde, un transport sanitaire (pompiers ou ambulances priv\u00e9es) si votre \u00e9tat de sant\u00e9 le n\u00e9cessite.<\/p>\n<blockquote class=\"ac-article-quote wall-content\">\n<p>Les SMUR des diff\u00e9rents h\u00f4pitaux restent disponibles 7J\/7, 24 heures sur 24, pour assurer la prise en charge de toute urgence vitale dans le cadre de la r\u00e9gulation par le centre 15 du SAMU.<\/p>\n<p>    <strong>ARS Bretagne<\/strong>\n            <\/p><\/blockquote>\n<p class=\" wall-content\">Par ailleurs, l\u2019accueil des <strong>patientes enceintes<\/strong> dans les maternit\u00e9s reste assur\u00e9 24h\/24 et 7j\/7.<\/p>\n<p>Vid\u00e9os : en ce moment sur Actu<\/p>\n<p class=\" wall-content\">Pour rappel,<a href=\"https:\/\/actu.fr\/bretagne\/rennes_35238\/par-manque-d-effectif-les-urgences-fermees-la-nuit-dans-les-hopitaux-prives-de-saint-gregoire_62872419.html\" target=\"_blank\" rel=\"noopener\"> le service des urgences des h\u00f4pitaux priv\u00e9s de Saint-Gr\u00e9goire est ferm\u00e9<\/a> <strong>depuis le lundi 7\u00a0juillet de 20h \u00e0 8h,<\/strong> et ce, jusqu\u2019au lundi 14 juillet, 8h. Il n\u2019est pas possible de se rendre aux urgences la nuit.<\/p>\n<p class=\" wall-content\">Suivez toute l\u2019actualit\u00e9 de vos villes et m\u00e9dias favoris en vous inscrivant \u00e0 <a href=\"https:\/\/moncompte.actu.fr\" title=\"D\u00e9couvez Mon Actu\" rel=\"nofollow noopener\" data-trk=\"{&quot;cta&quot;:{&quot;action&quot;:&quot;https:\\\/\\\/moncompte.actu.fr&quot;,&quot;category&quot;:&quot;mon compte&quot;,&quot;from&quot;:&quot;article footer&quot;,&quot;name&quot;:&quot;Mon actu&quot;,&quot;type&quot;:&quot;cta&quot;}}\" target=\"_blank\">Mon Actu<\/a>.<\/p>\n","protected":false},"excerpt":{"rendered":"Par Laur\u00e8ne Fertin Publi\u00e9 le 10 juil. 2025 \u00e0 7h39 \u00ab\u2009Malgr\u00e9 les efforts de recrutement\u2009\u00bb, indique l\u2019Agence r\u00e9gionale&hellip;\n","protected":false},"author":2,"featured_media":243936,"comment_status":"","ping_status":"","sticky":false,"template":"","format":"standard","meta":{"footnotes":""},"categories":[2821],"tags":[1111,11,829,7513,1777,674,1011,27,12,584,25,71,104],"class_list":{"0":"post-243935","1":"post","2":"type-post","3":"status-publish","4":"format-standard","5":"has-post-thumbnail","7":"category-rennes","8":"tag-actu","9":"tag-actualites","10":"tag-bretagne","11":"tag-chu-de-rennes","12":"tag-eu","13":"tag-europe","14":"tag-fr","15":"tag-france","16":"tag-news","17":"tag-rennes","18":"tag-republique-francaise","19":"tag-sante","20":"tag-societe"},"share_on_mastodon":{"url":"https:\/\/pubeurope.com\/@fr\/114837989820310563","error":""},"_links":{"self":[{"href":"https:\/\/www.europesays.com\/fr\/wp-json\/wp\/v2\/posts\/243935","targetHints":{"allow":["GET"]}}],"collection":[{"href":"https:\/\/www.europesays.com\/fr\/wp-json\/wp\/v2\/posts"}],"about":[{"href":"https:\/\/www.europesays.com\/fr\/wp-json\/wp\/v2\/types\/post"}],"author":[{"embeddable":true,"href":"https:\/\/www.europesays.com\/fr\/wp-json\/wp\/v2\/users\/2"}],"replies":[{"embeddable":true,"href":"https:\/\/www.europesays.com\/fr\/wp-json\/wp\/v2\/comments?post=243935"}],"version-history":[{"count":0,"href":"https:\/\/www.europesays.com\/fr\/wp-json\/wp\/v2\/posts\/243935\/revisions"}],"wp:featuredmedia":[{"embeddable":true,"href":"https:\/\/www.europesays.com\/fr\/wp-json\/wp\/v2\/media\/243936"}],"wp:attachment":[{"href":"https:\/\/www.europesays.com\/fr\/wp-json\/wp\/v2\/media?parent=243935"}],"wp:term":[{"taxonomy":"category","embeddable":true,"href":"https:\/\/www.europesays.com\/fr\/wp-json\/wp\/v2\/categories?post=243935"},{"taxonomy":"post_tag","embeddable":true,"href":"https:\/\/www.europesays.com\/fr\/wp-json\/wp\/v2\/tags?post=243935"}],"curies":[{"name":"wp","href":"https:\/\/api.w.org\/{rel}","templated":true}]}}