{"id":243937,"date":"2025-07-12T02:50:21","date_gmt":"2025-07-12T02:50:21","guid":{"rendered":"https:\/\/www.europesays.com\/fr\/243937\/"},"modified":"2025-07-12T02:50:21","modified_gmt":"2025-07-12T02:50:21","slug":"apres-la-polemique-des-jets-de-tomates-rennes-declare-sa-flamme-a-lindustriel-safran-2","status":"publish","type":"post","link":"https:\/\/www.europesays.com\/fr\/243937\/","title":{"rendered":"Apr\u00e8s la pol\u00e9mique des \u00ab jets de tomates \u00bb, Rennes d\u00e9clare sa flamme \u00e0 l\u2019industriel Safran"},"content":{"rendered":"<p><strong>INDUSTRIE &#8211; Malgr\u00e9 l\u2019opposition des \u00e9lus \u00e9cologistes, l\u2019industriel Safran ouvrira en 2027 une usine de production de turbines pour l\u2019a\u00e9ronautique civil et militaire sur le site de la Janais \u00e0 Rennes<\/strong><\/p>\n<p>Il n\u2019y avait pas de tomates mais <a href=\"https:\/\/www.20minutes.fr\/societe\/4148185-20250412-quoi-freizh-mise-point-geant-fraise?at_medium=RSS%20feed&amp;at_campaign=ynews&amp;utm_source=yahoo&amp;utm_medium=rss&amp;utm_campaign=news_feed&amp;utm_content=in_article_link\" rel=\"nofollow noopener\" target=\"_blank\" data-ylk=\"slk:des fraises de Plougastel;elm:context_link;itc:0;sec:content-canvas\" class=\"link \">des fraises de Plougastel<\/a> pour accueillir les officiels et les invit\u00e9s. Si on vous parle des petites sucreries servies ce vendredi matin pour la pose de la premi\u00e8re pierre de l\u2019usine Safran pr\u00e8s de Rennes, c\u2019est parce que l\u2019accueil n\u2019a pas toujours \u00e9t\u00e9 aussi cordial. Le 14 avril, alors qu\u2019il \u00e9tait entendu par une commission d\u2019enqu\u00eate parlementaire, Olivier Andri\u00e8s directeur g\u00e9n\u00e9ral du groupe industriel, avait ainsi indiqu\u00e9 <a href=\"https:\/\/france3-regions.franceinfo.fr\/bretagne\/ille-et-vilaine\/rennes\/safran-ne-veut-plus-investir-dans-les-villes-ecologistes-comme-rennes-vraie-polemique-tacle-politique-ou-strategie-economique-3140129.html?at_medium=RSS%20feed&amp;at_campaign=ynews&amp;utm_source=yahoo&amp;utm_medium=rss&amp;utm_campaign=news_feed&amp;utm_content=in_article_link\" rel=\"nofollow noopener\" target=\"_blank\" data-ylk=\"slk:avoir \u00e9t\u00e9 accueilli \u00ab par des jets de tomates \u00bb;elm:context_link;itc:0;sec:content-canvas\" class=\"link \">avoir \u00e9t\u00e9 accueilli \u00ab par des jets de tomates \u00bb<\/a> par les <a href=\"https:\/\/www.20minutes.fr\/politique\/eelv\/?at_medium=RSS%20feed&amp;at_campaign=ynews&amp;utm_source=yahoo&amp;utm_medium=rss&amp;utm_campaign=news_feed&amp;utm_content=in_article_link\" rel=\"nofollow noopener\" target=\"_blank\" data-ylk=\"slk:\u00e9lus \u00e9cologistes;elm:context_link;itc:0;sec:content-canvas\" class=\"link \">\u00e9lus \u00e9cologistes<\/a> rennais d\u00e9but 2024 alors que les n\u00e9gociations avec la maire socialiste Nathalie App\u00e9r\u00e9 \u00ab s\u2019\u00e9taient tr\u00e8s bien pass\u00e9es \u00bb selon lui.<\/p>\n<p>Tr\u00e8s remont\u00e9, le patron du CAC40 avait ajout\u00e9 qu\u2019il n\u2019\u00e9tait plus question pour son groupe aujourd\u2019hui \u00ab d\u2019investir en France dans une ville qui est d\u00e9tenue par une majorit\u00e9 \u00e9cologiste. \u00bb Mais de jets de tomates, il n\u2019y avait point eu, les \u00e9lus \u00e9cologistes, f\u00e2ch\u00e9s avec l\u2019avion, \u00e9tant seulement verts de voir un g\u00e9ant de l\u2019a\u00e9ronautique s\u2019installer sur un site d\u00e9di\u00e9 aux mobilit\u00e9s d\u00e9carbon\u00e9es.<\/p>\n<p>Une fonderie et une usine de r\u00e9paration<\/p>\n<p>Trois mois plus tard, la pol\u00e9mique semble close et tout le monde ravi d\u2019accueillir Safran. \u00ab C\u2019est un moment qui fera date dans l\u2019histoire \u00e9conomique rennaise \u00bb, estime Nathalie App\u00e9r\u00e9, rappelant qu\u2019il s\u2019agit l\u00e0 de \u00ab la plus grosse implantation industrielle depuis vingt-cinq ans dans la m\u00e9tropole. \u00bb Alors que l\u2019usine doit commencer \u00e0 produire en 2027, 500 emplois sont pr\u00e9vus \u00e0 terme sur le site Stellan(&#8230;)<\/p>\n<p><a href=\"https:\/\/www.20minutes.fr\/economie\/4163264-20250711-apres-polemique-jets-tomates-rennes-declare-flamme-industriel-safran?at_medium=RSS%20feed&amp;at_campaign=ynews&amp;utm_source=yahoo&amp;utm_medium=rss&amp;utm_campaign=news_feed&amp;utm_content=read_more_link\" rel=\"nofollow noopener\" target=\"_blank\" data-ylk=\"slk:Lire la suite sur 20minutes;elm:context_link;itc:0;sec:content-canvas\" class=\"link \">Lire la suite sur 20minutes<\/a><\/p>\n<p>\u00c0 lire aussi :<br \/><a href=\"https:\/\/www.20minutes.fr\/politique\/4149012-20250416-si-faire-accueillir-tomates-grand-patron-investira-plus-ville-ecologiste?at_medium=RSS%20feed&amp;at_campaign=ynews&amp;utm_source=yahoo&amp;utm_medium=rss&amp;utm_campaign=news_feed&amp;utm_content=related_content_link\" rel=\"nofollow noopener\" target=\"_blank\" data-ylk=\"slk:\u00ab Si c\u2019est pour se faire accueillir par des tomates \u00bb\u2026 Ce grand patron n\u2019investira plus dans une ville \u00e9cologiste;elm:context_link;itc:0;sec:content-canvas\" class=\"link \">\u00ab Si c\u2019est pour se faire accueillir par des tomates \u00bb\u2026 Ce grand patron n\u2019investira plus dans une ville \u00e9cologiste<\/a><br \/><a href=\"https:\/\/www.20minutes.fr\/economie\/4078862-20240229-rennes-safran-plante-usine-janais-ecologistes-verts-rage?at_medium=RSS%20feed&amp;at_campaign=ynews&amp;utm_source=yahoo&amp;utm_medium=rss&amp;utm_campaign=news_feed&amp;utm_content=related_content_link\" rel=\"nofollow noopener\" target=\"_blank\" data-ylk=\"slk:Rennes : Safran plante son usine \u00e0 la Janais, les \u00e9cologistes verts de rage;elm:context_link;itc:0;sec:content-canvas\" class=\"link \">Rennes : Safran plante son usine \u00e0 la Janais, les \u00e9cologistes verts de rage<\/a><\/p>\n","protected":false},"excerpt":{"rendered":"INDUSTRIE &#8211; Malgr\u00e9 l\u2019opposition des \u00e9lus \u00e9cologistes, l\u2019industriel Safran ouvrira en 2027 une usine de production de turbines&hellip;\n","protected":false},"author":2,"featured_media":243938,"comment_status":"","ping_status":"","sticky":false,"template":"","format":"standard","meta":{"footnotes":""},"categories":[2821],"tags":[1111,11,829,1777,674,1011,27,38357,38358,10736,12,584,25,6056,27716,2104],"class_list":{"0":"post-243937","1":"post","2":"type-post","3":"status-publish","4":"format-standard","5":"has-post-thumbnail","7":"category-rennes","8":"tag-actu","9":"tag-actualites","10":"tag-bretagne","11":"tag-eu","12":"tag-europe","13":"tag-fr","14":"tag-france","15":"tag-groupe-industriel","16":"tag-laeronautique","17":"tag-nathalie-appere","18":"tag-news","19":"tag-rennes","20":"tag-republique-francaise","21":"tag-safran","22":"tag-tomates","23":"tag-usine-de-production"},"share_on_mastodon":{"url":"https:\/\/pubeurope.com\/@fr\/114837993802305910","error":""},"_links":{"self":[{"href":"https:\/\/www.europesays.com\/fr\/wp-json\/wp\/v2\/posts\/243937","targetHints":{"allow":["GET"]}}],"collection":[{"href":"https:\/\/www.europesays.com\/fr\/wp-json\/wp\/v2\/posts"}],"about":[{"href":"https:\/\/www.europesays.com\/fr\/wp-json\/wp\/v2\/types\/post"}],"author":[{"embeddable":true,"href":"https:\/\/www.europesays.com\/fr\/wp-json\/wp\/v2\/users\/2"}],"replies":[{"embeddable":true,"href":"https:\/\/www.europesays.com\/fr\/wp-json\/wp\/v2\/comments?post=243937"}],"version-history":[{"count":0,"href":"https:\/\/www.europesays.com\/fr\/wp-json\/wp\/v2\/posts\/243937\/revisions"}],"wp:featuredmedia":[{"embeddable":true,"href":"https:\/\/www.europesays.com\/fr\/wp-json\/wp\/v2\/media\/243938"}],"wp:attachment":[{"href":"https:\/\/www.europesays.com\/fr\/wp-json\/wp\/v2\/media?parent=243937"}],"wp:term":[{"taxonomy":"category","embeddable":true,"href":"https:\/\/www.europesays.com\/fr\/wp-json\/wp\/v2\/categories?post=243937"},{"taxonomy":"post_tag","embeddable":true,"href":"https:\/\/www.europesays.com\/fr\/wp-json\/wp\/v2\/tags?post=243937"}],"curies":[{"name":"wp","href":"https:\/\/api.w.org\/{rel}","templated":true}]}}